{"id":1917,"date":"2026-07-24T09:10:00","date_gmt":"2026-07-24T09:10:00","guid":{"rendered":"http:\/\/localhost:10034\/?p=1917"},"modified":"2026-08-03T01:19:46","modified_gmt":"2026-08-03T01:19:46","slug":"loi-sur-les-sachets-plastiques-la-dgecv-sensibilise-les-acteurs-du-marche-de-bendogo-variantes","status":"publish","type":"post","link":"https:\/\/voirfaso.com\/fr\/loi-sur-les-sachets-plastiques-la-dgecv-sensibilise-les-acteurs-du-marche-de-bendogo-variantes\/","title":{"rendered":"Loi sur les sachets plastiques : la DGECV sensibilise les acteurs du march\u00e9 de Bendogo  Variantes"},"content":{"rendered":"<p class=\"wp-block-paragraph\"><strong>Ouagadougou, 24 juillet 2026<\/strong>&nbsp;\u2013 La lutte contre la pollution plastique passe aussi par l\u2019information des citoyens. C\u2019est dans cette dynamique que la Direction g\u00e9n\u00e9rale de l\u2019Environnement et du Cadre de vie (DGECV), en partenariat avec plusieurs acteurs, a men\u00e9 une campagne de sensibilisation au march\u00e9 de Bendogo, dans l\u2019arrondissement n\u00b010 de Ouagadougou.<\/p>\n\n\n\n<p class=\"wp-block-paragraph\">Cette initiative s\u2019inscrit dans la mise en \u0153uvre de la&nbsp;<strong>Loi N\u00b0045-2024\/ALT<\/strong>&nbsp;relative aux emballages et sachets en plastique. Elle vise \u00e0 mieux faire conna\u00eetre les nouvelles dispositions l\u00e9gales et \u00e0 encourager l\u2019adoption de comportements favorables \u00e0 la protection de l\u2019environnement.<\/p>\n\n\n\n<h2 class=\"wp-block-heading\">Une campagne de proximit\u00e9 pour informer les usagers<\/h2>\n\n\n\n<p class=\"wp-block-paragraph\">La s\u00e9ance de sensibilisation a r\u00e9uni commer\u00e7ants, consommateurs et responsables du march\u00e9 autour des enjeux de la gestion des d\u00e9chets plastiques.<\/p>\n\n\n\n<p class=\"wp-block-paragraph\">Les \u00e9changes ont port\u00e9 sur les risques environnementaux associ\u00e9s aux sachets plastiques interdits ainsi que sur les alternatives permettant de r\u00e9duire durablement cette forme de pollution.<\/p>\n\n\n\n<div style=\"height:14px\" aria-hidden=\"true\" class=\"wp-block-spacer\"><\/div>\n\n\n\n<figure class=\"wp-block-gallery has-nested-images columns-default is-cropped rs-img-rounded-sm wp-block-gallery-1 is-layout-flex wp-block-gallery-is-layout-flex\">\n<figure class=\"wp-block-image size-full\"><img decoding=\"async\" data-id=\"7745\" src=\"https:\/\/voirfaso.com\/wp-content\/uploads\/2026\/07\/Les-echanges-entre-la-DGECV-et-les-commercants.svg\" alt=\"Intervention des repr\u00e9sentants de la DGECV devant les commer\u00e7ants du march\u00e9 de Bendogo.\" class=\"wp-image-7745\"\/><figcaption class=\"wp-element-caption\">Les responsables de la DGECV pr\u00e9sentent les nouvelles dispositions l\u00e9gales relatives aux emballages plastiques.<\/figcaption><\/figure>\n\n\n\n<figure class=\"wp-block-image size-full\"><img decoding=\"async\" data-id=\"7748\" src=\"https:\/\/voirfaso.com\/wp-content\/uploads\/2026\/07\/Participation-des-commercants-a-la-seance-de-sensibilisation-1.svg\" alt=\"Commer\u00e7ants du march\u00e9 de Bendogo suivant la campagne de sensibilisation de la DGECV.\" class=\"wp-image-7748\"\/><figcaption class=\"wp-element-caption\">Commer\u00e7ants du march\u00e9 de Bendogo suivant la campagne de sensibilisation de la DGECV.<\/figcaption><\/figure>\n<\/figure>\n\n\n\n<div style=\"height:35px\" aria-hidden=\"true\" class=\"wp-block-spacer\"><\/div>\n\n\n\n<h3 class=\"wp-block-heading\"><br><strong>Informer pour favoriser l\u2019application de la loi<\/strong><\/h3>\n\n\n\n<p class=\"wp-block-paragraph\">Au cours de la c\u00e9r\u00e9monie, les responsables du march\u00e9, les repr\u00e9sentants de la DGECV, les partenaires techniques ainsi que la mairie de l\u2019arrondissement n\u00b0 10 ont appel\u00e9 \u00e0 une mobilisation collective contre la pollution plastique.<\/p>\n\n\n\n<p class=\"wp-block-paragraph\">Les participants ont \u00e9galement pu poser leurs questions afin de mieux comprendre les nouvelles obligations pr\u00e9vues par la loi et les solutions de remplacement aux sachets plastiques interdits.<\/p>\n\n\n\n<div style=\"height:14px\" aria-hidden=\"true\" class=\"wp-block-spacer\"><\/div>\n\n\n\n<figure class=\"wp-block-image size-full rs-img-rounded-sm\"><img decoding=\"async\" src=\"https:\/\/voirfaso.com\/wp-content\/uploads\/2026\/07\/Photo-de-cloture-de-la-seance-de-sensibilisation.svg\" alt=\"Participants \u00e0 la campagne de sensibilisation de la DGECV au march\u00e9 de Bendogo\" class=\"wp-image-7750\"\/><figcaption class=\"wp-element-caption\">Les organisateurs et les participants cl\u00f4turent la s\u00e9ance de sensibilisation consacr\u00e9e \u00e0 la lutte contre la pollution plastique.<\/figcaption><\/figure>\n\n\n\n<div style=\"height:35px\" aria-hidden=\"true\" class=\"wp-block-spacer\"><\/div>\n\n\n\n<h3 class=\"wp-block-heading\">Vers un march\u00e9 plus propre et plus responsable<\/h3>\n\n\n\n<p class=\"wp-block-paragraph\">Au-del\u00e0 de l\u2019application de la r\u00e9glementation, cette campagne vise \u00e0 instaurer durablement une culture de protection de l\u2019environnement au sein des populations.<\/p>\n\n\n\n<p class=\"wp-block-paragraph\">En privil\u00e9giant l\u2019information, le dialogue et la proximit\u00e9, la DGECV souhaite accompagner les commer\u00e7ants et les consommateurs dans la transition vers des pratiques plus respectueuses du cadre de vie.<\/p>\n\n\n\n<div style=\"height:20px\" aria-hidden=\"true\" class=\"wp-block-spacer\"><\/div>\n\n\n\n<figure class=\"wp-block-image size-full rs-img-rounded-sm\"><img decoding=\"async\" src=\"https:\/\/nerio.rstheme.com\/newspaper\/wp-content\/uploads\/sites\/2\/2025\/11\/ad-banner-thumb-001-1.png\" alt=\"\" class=\"wp-image-7057\"\/><\/figure>\n\n\n\n<div style=\"height:35px\" aria-hidden=\"true\" class=\"wp-block-spacer\"><\/div>\n\n\n\n<p class=\"wp-block-paragraph\"><br>En renfor\u00e7ant la sensibilisation autour de la Loi N\u00b0045-2024\/ALT, la DGECV mise sur l\u2019implication des commer\u00e7ants, des consommateurs et des collectivit\u00e9s pour r\u00e9duire durablement la pollution plastique. L\u2019application effective de cette l\u00e9gislation contribuera \u00e0 am\u00e9liorer le cadre de vie et \u00e0 promouvoir un d\u00e9veloppement plus respectueux de l\u2019environnement au Burkina Faso.<\/p>\n\n\n\n<p class=\"wp-block-paragraph\"><strong>Source:<\/strong>&nbsp;SCRP\/DGECV<\/p>\n\n\n\n<p class=\"wp-block-paragraph\"><em>Article adapt\u00e9 et enrichi par la r\u00e9daction de VoirFaso.<\/em><\/p>\n\n\n\n<p class=\"wp-block-paragraph\"><\/p>","protected":false},"excerpt":{"rendered":"<p>La Direction g\u00e9n\u00e9rale de l\u2019Environnement et du Cadre de vie (DGECV) a organis\u00e9 une campagne de sensibilisation au march\u00e9 de Bendogo afin d\u2019expliquer les dispositions de la Loi N\u00b0045-2024\/ALT sur les emballages et sachets plastiques. L\u2019objectif est de r\u00e9duire la pollution plastique et d\u2019encourager l\u2019adoption de pratiques plus respectueuses de l\u2019environnement.<\/p>","protected":false},"author":1,"featured_media":7740,"comment_status":"open","ping_status":"open","sticky":false,"template":"","format":"standard","meta":{"footnotes":""},"categories":[9],"tags":[131,43,136,120,126,121,134,45,133,132,135],"class_list":["post-1917","post","type-post","status-publish","format-standard","has-post-thumbnail","hentry","category-environnement","tag-bendogo","tag-burkina-faso","tag-dechets-plastiques","tag-developpement-durable","tag-dgecv","tag-environnement","tag-loi-n045-2024-alt","tag-ouagadougou","tag-pollution-plastique","tag-sachets-plastiques","tag-sensibilisation"],"_links":{"self":[{"href":"https:\/\/voirfaso.com\/fr\/wp-json\/wp\/v2\/posts\/1917","targetHints":{"allow":["GET"]}}],"collection":[{"href":"https:\/\/voirfaso.com\/fr\/wp-json\/wp\/v2\/posts"}],"about":[{"href":"https:\/\/voirfaso.com\/fr\/wp-json\/wp\/v2\/types\/post"}],"author":[{"embeddable":true,"href":"https:\/\/voirfaso.com\/fr\/wp-json\/wp\/v2\/users\/1"}],"replies":[{"embeddable":true,"href":"https:\/\/voirfaso.com\/fr\/wp-json\/wp\/v2\/comments?post=1917"}],"version-history":[{"count":7,"href":"https:\/\/voirfaso.com\/fr\/wp-json\/wp\/v2\/posts\/1917\/revisions"}],"predecessor-version":[{"id":7751,"href":"https:\/\/voirfaso.com\/fr\/wp-json\/wp\/v2\/posts\/1917\/revisions\/7751"}],"wp:featuredmedia":[{"embeddable":true,"href":"https:\/\/voirfaso.com\/fr\/wp-json\/wp\/v2\/media\/7740"}],"wp:attachment":[{"href":"https:\/\/voirfaso.com\/fr\/wp-json\/wp\/v2\/media?parent=1917"}],"wp:term":[{"taxonomy":"category","embeddable":true,"href":"https:\/\/voirfaso.com\/fr\/wp-json\/wp\/v2\/categories?post=1917"},{"taxonomy":"post_tag","embeddable":true,"href":"https:\/\/voirfaso.com\/fr\/wp-json\/wp\/v2\/tags?post=1917"}],"curies":[{"name":"wp","href":"https:\/\/api.w.org\/{rel}","templated":true}]}}