{"id":1918,"date":"2026-08-17T22:12:11","date_gmt":"2026-08-17T22:12:11","guid":{"rendered":"http:\/\/localhost:10034\/?p=1918"},"modified":"2026-08-19T00:29:08","modified_gmt":"2026-08-19T00:29:08","slug":"tourisme-dans-les-tannounyan-entre-potentiel-exceptionnel-et-defis-damenagement-les-acteurs-interpellent-les-deputes","status":"publish","type":"post","link":"https:\/\/voirfaso.com\/fr\/tourisme-dans-les-tannounyan-entre-potentiel-exceptionnel-et-defis-damenagement-les-acteurs-interpellent-les-deputes\/","title":{"rendered":"Tourisme dans les Tannounyan : entre potentiel exceptionnel et d\u00e9fis d\u2019am\u00e9nagement, les acteurs interpellent les d\u00e9put\u00e9s"},"content":{"rendered":"<p class=\"wp-block-paragraph\">Des Pics de Sindou aux cascades de Karfigu\u00e9la, en passant par le lac de Tengrela et les D\u00f4mes de Fab\u00e9dougou, une mission de la Commission du d\u00e9veloppement durable a parcouru plusieurs sites touristiques majeurs des Tannounyan. Sur le terrain, les acteurs ont expos\u00e9 leurs difficult\u00e9s et formul\u00e9 des propositions pour transformer le potentiel touristique de la r\u00e9gion en v\u00e9ritable \u00e9conomie locale.<\/p>\n\n\n\n<h3 class=\"wp-block-heading\">Des sites remarquables, mais encore largement sous-exploit\u00e9s<\/h3>\n\n\n\n<p class=\"wp-block-paragraph\">Apr\u00e8s les \u00e9changes avec les premiers responsables de la r\u00e9gion, les membres de la&nbsp;<strong>Commission du d\u00e9veloppement durable (CDD)<\/strong>&nbsp;ont poursuivi leur mission par une visite de plusieurs sites touristiques majeurs des Tannounyan.<\/p>\n\n\n\n<p class=\"wp-block-paragraph\">Les&nbsp;<strong>Pics de Sindou, le lac de Tengrela, les D\u00f4mes de Fab\u00e9dougou et les cascades de Karfigu\u00e9la<\/strong>&nbsp;ont constitu\u00e9 autant d\u2019\u00e9tapes permettant aux parlementaires de mesurer, directement sur le terrain, la richesse du patrimoine naturel et culturel de la r\u00e9gion.<\/p>\n\n\n\n<p class=\"wp-block-paragraph\">Ces diff\u00e9rents sites illustrent la diversit\u00e9 de l\u2019offre touristique locale. Les Pics de Sindou offrent un paysage g\u00e9ologique spectaculaire, associ\u00e9 \u00e0 une histoire et \u00e0 des pratiques culturelles qui constituent \u00e9galement une richesse \u00e0 pr\u00e9server. Les D\u00f4mes de Fab\u00e9dougou, formations rocheuses embl\u00e9matiques, constituent eux aussi un patrimoine naturel majeur.&nbsp;<\/p>\n\n\n\n<p class=\"wp-block-paragraph\">Au lac de Tengrela, les potentialit\u00e9s li\u00e9es au plan d\u2019eau, aux pratiques locales et \u00e0 l\u2019histoire du peuplement ouvrent des perspectives pour d\u00e9velopper diff\u00e9rentes activit\u00e9s touristiques.<\/p>\n\n\n\n<p class=\"wp-block-paragraph\">Quant aux cascades de Karfigu\u00e9la, elles constituent \u00e0 la fois une attraction touristique et un espace important pour les populations locales, notamment en mati\u00e8re d\u2019agriculture, d\u2019eau et d\u2019activit\u00e9s \u00e9conomiques.<\/p>\n\n\n\n<p class=\"wp-block-paragraph\">La mission a ainsi permis de passer du discours sur le potentiel touristique \u00e0 une observation concr\u00e8te des r\u00e9alit\u00e9s de terrain.<\/p>\n\n\n\n<div style=\"height:14px\" aria-hidden=\"true\" class=\"wp-block-spacer\"><\/div>\n\n\n\n<figure class=\"wp-block-gallery has-nested-images columns-default is-cropped rs-img-rounded-sm wp-block-gallery-1 is-layout-flex wp-block-gallery-is-layout-flex\">\n<figure class=\"wp-block-image size-full\"><img decoding=\"async\" data-id=\"8292\" src=\"https:\/\/voirfaso.com\/wp-content\/uploads\/2026\/08\/La-delegation-parlementaire-echange-avec-le-guide-du-site-sur-lhistoire-.svg\" alt=\"La d\u00e9l\u00e9gation parlementaire \u00e9change avec le guide du site sur l\u2019histoire\" class=\"wp-image-8292\"\/><figcaption class=\"wp-element-caption\">La d\u00e9l\u00e9gation parlementaire \u00e9change avec le guide du site sur l\u2019histoire, les potentialit\u00e9s et les conditions de valorisation du lac de Tengrela<\/figcaption><\/figure>\n\n\n\n<figure class=\"wp-block-image size-full\"><img decoding=\"async\" data-id=\"8294\" src=\"https:\/\/voirfaso.com\/wp-content\/uploads\/2026\/08\/Les-deputes-visitent-les-domes-de-Fabedougou-.svg\" alt=\"Les d\u00e9put\u00e9s visitent les d\u00f4mes de Fab\u00e9dougou\" class=\"wp-image-8294\"\/><figcaption class=\"wp-element-caption\">Les d\u00e9put\u00e9s visitent les d\u00f4mes de Fab\u00e9dougou, un patrimoine g\u00e9ologique embl\u00e9matique du Tannounyan<\/figcaption><\/figure>\n<\/figure>\n\n\n\n<div style=\"height:35px\" aria-hidden=\"true\" class=\"wp-block-spacer\"><\/div>\n\n\n\n<h3 class=\"wp-block-heading\">L\u2019accessibilit\u00e9 des sites reste un obstacle majeur<\/h3>\n\n\n\n<p class=\"wp-block-paragraph\">Parmi les difficult\u00e9s r\u00e9guli\u00e8rement \u00e9voqu\u00e9es figure l\u2019\u00e9tat des voies d\u2019acc\u00e8s.<\/p>\n\n\n\n<p class=\"wp-block-paragraph\">En saison des pluies notamment, certains sites deviennent difficiles \u00e0 rejoindre. Pour les professionnels, cette situation peut d\u00e9courager les visiteurs et donner l\u2019impression que certaines destinations sont difficilement accessibles, voire ferm\u00e9es.<\/p>\n\n\n\n<p class=\"wp-block-paragraph\">L\u2019am\u00e9lioration des routes et des pistes d\u2019acc\u00e8s appara\u00eet donc comme une priorit\u00e9 pour renforcer l\u2019attractivit\u00e9 touristique de la r\u00e9gion.<\/p>\n\n\n\n<p class=\"wp-block-paragraph\">Mais l\u2019enjeu ne se limite pas aux infrastructures routi\u00e8res.<\/p>\n\n\n\n<p class=\"wp-block-paragraph\">Les acteurs souhaitent \u00e9galement la r\u00e9alisation d\u2019am\u00e9nagements permettant d\u2019am\u00e9liorer l\u2019accueil des visiteurs tout en pr\u00e9servant le caract\u00e8re naturel des sites.<\/p>\n\n\n\n<h3 class=\"wp-block-heading\">Faire rester les visiteurs plus longtemps<\/h3>\n\n\n\n<p class=\"wp-block-paragraph\">Pour les professionnels du secteur, l\u2019un des principaux d\u00e9fis consiste d\u00e9sormais \u00e0&nbsp;<strong>allonger la dur\u00e9e des s\u00e9jours<\/strong>.<\/p>\n\n\n\n<p class=\"wp-block-paragraph\">La r\u00e9gion dispose de suffisamment de sites pour proposer des circuits touristiques combinant plusieurs destinations, mais cette offre doit \u00eatre mieux structur\u00e9e.<\/p>\n\n\n\n<p class=\"wp-block-paragraph\">Restauration, h\u00e9bergement, activit\u00e9s culturelles, animation, d\u00e9couverte des savoir-faire locaux ou encore circuits reliant plusieurs sites pourraient permettre de construire une exp\u00e9rience touristique plus compl\u00e8te.<\/p>\n\n\n\n<blockquote class=\"wp-block-quote has-text-align-center rs-post-quote-box is-layout-flow wp-block-quote-is-layout-flow\">\n<p class=\"wp-block-paragraph\">Quand on vient, on visite les sites, on vient \u00e0 l\u2019h\u00f4tel naturellement. Mais si le s\u00e9jour ne d\u00e9passe pas trois jours, ce n\u2019est pas suffisant alors que la r\u00e9gion dispose de suffisamment de richesses.&nbsp;<\/p>\n<cite>Le directeur r\u00e9gional en charge du tourisme,&nbsp;<br><strong>Yacouba  <\/strong>GORO<\/cite><\/blockquote>\n\n\n\n<p class=\"wp-block-paragraph\">L\u2019objectif est donc de passer d\u2019une logique de&nbsp;<strong>visite ponctuelle<\/strong>&nbsp;\u00e0 une v\u00e9ritable \u00e9conomie du s\u00e9jour touristique.<\/p>\n\n\n\n<div style=\"height:14px\" aria-hidden=\"true\" class=\"wp-block-spacer\"><\/div>\n\n\n\n<figure class=\"wp-block-image size-full rs-img-rounded-sm\"><img decoding=\"async\" src=\"https:\/\/voirfaso.com\/wp-content\/uploads\/2026\/08\/Les-deputes-visitent-les-domes-de-Fabedougou-1.svg\" alt=\"Les d\u00e9put\u00e9s poursuivent la visite\" class=\"wp-image-8296\"\/><figcaption class=\"wp-element-caption\">Les d\u00e9put\u00e9s poursuivent la visite des sites touristiques de la r\u00e9gion avec une halte aux chutes de Karfigu\u00e9la.<\/figcaption><\/figure>\n\n\n\n<div style=\"height:35px\" aria-hidden=\"true\" class=\"wp-block-spacer\"><\/div>\n\n\n\n<h3 class=\"wp-block-heading\">Des professionnels qui demandent davantage d\u2019investissements<\/h3>\n\n\n\n<p class=\"wp-block-paragraph\">Les acteurs rencontr\u00e9s estiment que l\u2019\u00c9tat ne peut pas porter seul les investissements n\u00e9cessaires au d\u00e9veloppement du tourisme.<\/p>\n\n\n\n<p class=\"wp-block-paragraph\">Ils appellent \u00e0 une implication plus importante des&nbsp;<strong>collectivit\u00e9s territoriales et du secteur priv\u00e9<\/strong>, notamment dans l\u2019h\u00e9bergement, la restauration, les infrastructures de loisirs et les services autour des sites.<\/p>\n\n\n\n<p class=\"wp-block-paragraph\">Cette participation du priv\u00e9 suppose toutefois, selon eux, de cr\u00e9er des conditions plus favorables \u00e0 l\u2019investissement.<\/p>\n\n\n\n<p class=\"wp-block-paragraph\">L\u2019id\u00e9e d\u00e9fendue est celle d\u2019une v\u00e9ritable&nbsp;<strong>cha\u00eene de valeur touristique<\/strong>, dans laquelle les d\u00e9penses effectu\u00e9es par un visiteur profitent \u00e0 plusieurs cat\u00e9gories d\u2019acteurs locaux.<\/p>\n\n\n\n<h3 class=\"wp-block-heading\">H\u00f4tellerie et restauration : maintenir l\u2019activit\u00e9 gr\u00e2ce au tourisme interne<\/h3>\n\n\n\n<p class=\"wp-block-paragraph\">La mission s\u2019est \u00e9galement int\u00e9ress\u00e9e aux \u00e9tablissements d\u2019h\u00e9bergement et de restauration.<\/p>\n\n\n\n<p class=\"wp-block-paragraph\">Les responsables rencontr\u00e9s ont expliqu\u00e9 que le secteur a \u00e9t\u00e9 durement affect\u00e9 par plusieurs crises successives, notamment l\u2019insurrection populaire, la pand\u00e9mie de Covid-19 et la situation s\u00e9curitaire.<\/p>\n\n\n\n<p class=\"wp-block-paragraph\">La composition de la client\u00e8le a elle aussi \u00e9volu\u00e9. Alors que les \u00e9tablissements accueillaient auparavant davantage de visiteurs \u00e9trangers, les nationaux occupent d\u00e9sormais une place plus importante.<\/p>\n\n\n\n<p class=\"wp-block-paragraph\">Les d\u00e9placements professionnels, les sorties en groupe et les initiatives de d\u00e9couverte du patrimoine national contribuent ainsi \u00e0 maintenir une partie de l\u2019activit\u00e9.<\/p>\n\n\n\n<p class=\"wp-block-paragraph\">Cette \u00e9volution renforce l\u2019importance du&nbsp;<strong>tourisme interne<\/strong>, consid\u00e9r\u00e9 par les professionnels comme un march\u00e9 \u00e0 d\u00e9velopper davantage.<\/p>\n\n\n\n<h3 class=\"wp-block-heading\">Formation et professionnalisation : un autre chantier<\/h3>\n\n\n\n<p class=\"wp-block-paragraph\">L\u2019am\u00e9lioration de l\u2019offre touristique passe \u00e9galement par les comp\u00e9tences.<\/p>\n\n\n\n<p class=\"wp-block-paragraph\">Les professionnels de l\u2019h\u00f4tellerie et de la restauration \u00e9voquent notamment des besoins en formation continue dans les domaines de l\u2019accueil, de l\u2019hygi\u00e8ne, de la qualit\u00e9 du service et de la gestion de la client\u00e8le dans le contexte actuel.<\/p>\n\n\n\n<p class=\"wp-block-paragraph\">Les restaurateurs soul\u00e8vent, eux, la question de la concurrence des activit\u00e9s informelles.<\/p>\n\n\n\n<p class=\"wp-block-paragraph\">Certains professionnels formalis\u00e9s estiment supporter des charges fiscales et administratives auxquelles ne sont pas toujours soumis les acteurs exer\u00e7ant de mani\u00e8re informelle.<\/p>\n\n\n\n<p class=\"wp-block-paragraph\">La formalisation progressive du secteur et l\u2019accompagnement des petites initiatives apparaissent ainsi comme des enjeux importants pour cr\u00e9er un environnement plus \u00e9quitable.<\/p>\n\n\n\n<h3 class=\"wp-block-heading\">Les guides veulent aussi renforcer leur r\u00f4le<\/h3>\n\n\n\n<p class=\"wp-block-paragraph\">Les guides touristiques ont \u00e9galement pr\u00e9sent\u00e9 leurs pr\u00e9occupations.<\/p>\n\n\n\n<p class=\"wp-block-paragraph\">Ils demandent notamment une meilleure reconnaissance de leur statut, davantage de moyens et un renforcement de leurs comp\u00e9tences.<\/p>\n\n\n\n<p class=\"wp-block-paragraph\">Pour la mission parlementaire, la qualit\u00e9 de l\u2019exp\u00e9rience touristique ne d\u00e9pend pas uniquement de la beaut\u00e9 d\u2019un site.&nbsp;<strong>La mani\u00e8re dont son histoire est racont\u00e9e compte tout autant.<\/strong><\/p>\n\n\n\n<p class=\"wp-block-paragraph\">Documentation, connaissance de l\u2019histoire locale, qualit\u00e9 du r\u00e9cit et transmission des savoirs culturels constituent donc des comp\u00e9tences essentielles.<\/p>\n\n\n\n<p class=\"wp-block-paragraph\">La compl\u00e9mentarit\u00e9 entre guides nationaux et guides locaux a \u00e9galement \u00e9t\u00e9 \u00e9voqu\u00e9e afin de clarifier les r\u00f4les et de mieux valoriser les connaissances d\u00e9tenues par les communaut\u00e9s.<\/p>\n\n\n\n<h3 class=\"wp-block-heading\">Vers un tourisme plus responsable<\/h3>\n\n\n\n<p class=\"wp-block-paragraph\">Les visites ont \u00e9galement mis en \u00e9vidence la n\u00e9cessit\u00e9 de pr\u00e9server les sites face \u00e0 l\u2019augmentation de leur fr\u00e9quentation.<\/p>\n\n\n\n<p class=\"wp-block-paragraph\">Les acteurs plaident notamment pour le d\u00e9veloppement de pratiques d\u2019<strong>\u00e9cotourisme<\/strong>&nbsp;et une meilleure sensibilisation des visiteurs.<\/p>\n\n\n\n<p class=\"wp-block-paragraph\">Ne pas abandonner de d\u00e9chets, respecter les espaces naturels, \u00e9viter de d\u00e9t\u00e9riorer les formations rocheuses et ne pas emporter les vestiges ou objets trouv\u00e9s sur les sites font partie des comportements attendus.<\/p>\n\n\n\n<p class=\"wp-block-paragraph\">L\u2019enjeu est de d\u00e9velopper la fr\u00e9quentation touristique sans compromettre les ressources naturelles et culturelles qui constituent pr\u00e9cis\u00e9ment l\u2019attractivit\u00e9 de la r\u00e9gion.<\/p>\n\n\n\n<h3 class=\"wp-block-heading\">Des propositions pour transformer le potentiel en \u00e9conomie<\/h3>\n\n\n\n<p class=\"wp-block-paragraph\">Au terme des \u00e9changes, plusieurs pistes se d\u00e9gagent : am\u00e9lioration des voies d\u2019acc\u00e8s, d\u00e9veloppement des infrastructures d\u2019accueil, renforcement de la promotion du tourisme interne, formation des professionnels, implication accrue du secteur priv\u00e9 et cr\u00e9ation de circuits touristiques reliant plusieurs sites.<\/p>\n\n\n\n<p class=\"wp-block-paragraph\">Les acteurs proposent \u00e9galement la mise en place d\u2019un&nbsp;<strong>m\u00e9canisme ou d\u2019un fonds sp\u00e9cifique destin\u00e9 au d\u00e9veloppement touristique et h\u00f4telier<\/strong>, ainsi qu\u2019un renforcement des budgets consacr\u00e9s au secteur.<\/p>\n\n\n\n<p class=\"wp-block-paragraph\">L\u2019ambition est claire : faire en sorte que les richesses touristiques des Tannounyan ne soient pas seulement admir\u00e9es, mais qu\u2019elles g\u00e9n\u00e8rent davantage d\u2019activit\u00e9s, d\u2019emplois et de revenus pour les populations.<\/p>\n\n\n\n<p class=\"wp-block-paragraph\">Les Tannounyan disposent d\u00e9j\u00e0 d\u2019un ensemble de sites embl\u00e9matiques r\u00e9guli\u00e8rement mis en avant dans les initiatives de promotion touristique de la r\u00e9gion, notamment le FESTICAS, qui a encore r\u00e9cemment valoris\u00e9 les Pics de Sindou, le lac de Tengrela, les D\u00f4mes de Fab\u00e9dougou et les cascades de Karfigu\u00e9la.&nbsp;<\/p>\n\n\n\n<div style=\"height:20px\" aria-hidden=\"true\" class=\"wp-block-spacer\"><\/div>\n\n\n\n<figure class=\"wp-block-image size-full rs-img-rounded-sm\"><img decoding=\"async\" src=\"https:\/\/voirfaso.com\/wp-content\/uploads\/2026\/08\/Banniere-Linkedin-professionnelle-nouveau-site-internet-vert-1430-x-236-px.svg\" alt=\"\" class=\"wp-image-8300\"\/><\/figure>\n\n\n\n<div style=\"height:35px\" aria-hidden=\"true\" class=\"wp-block-spacer\"><\/div>\n\n\n\n<h3 class=\"wp-block-heading\">Pourquoi c\u2019est important<\/h3>\n\n\n\n<p class=\"wp-block-paragraph\"><strong>Le v\u00e9ritable enjeu n\u2019est plus seulement de faire conna\u00eetre les sites touristiques des Tannounyan. Il s\u2019agit d\u00e9sormais de construire autour d\u2019eux une \u00e9conomie touristique durable.<\/strong><\/p>\n\n\n\n<p class=\"wp-block-paragraph\">Un visiteur qui arrive sur un site, y reste quelques heures puis repart g\u00e9n\u00e8re une activit\u00e9 limit\u00e9e. Un visiteur qui s\u00e9journe plusieurs jours, dort dans un h\u00f4tel, mange dans un restaurant, sollicite un guide, ach\u00e8te de l\u2019artisanat et participe \u00e0 des activit\u00e9s culturelles fait fonctionner toute une cha\u00eene \u00e9conomique.<\/p>\n\n\n\n<p class=\"wp-block-paragraph\">C\u2019est pourquoi&nbsp;<strong>l\u2019acc\u00e8s aux sites, leur am\u00e9nagement, la qualit\u00e9 de l\u2019accueil, la formation des professionnels et la cr\u00e9ation de circuits compl\u00e9mentaires sont aussi importants que la promotion touristique elle-m\u00eame.<\/strong><\/p>\n\n\n\n<p class=\"wp-block-paragraph\">Les Tannounyan n\u2019ont manifestement pas besoin de convaincre de l\u2019existence de leurs richesses touristiques. Les Pics de Sindou, les D\u00f4mes de Fab\u00e9dougou, le lac de Tengrela et les cascades de Karfigu\u00e9la en sont des illustrations fortes.<\/p>\n\n\n\n<p class=\"wp-block-paragraph\">Le d\u00e9fi se situe d\u00e9sormais ailleurs :&nbsp;<strong>comment transformer cette richesse naturelle et culturelle en une activit\u00e9 touristique structur\u00e9e, durable et profitable aux populations ?<\/strong><\/p>\n\n\n\n<p class=\"wp-block-paragraph\">Les pr\u00e9occupations recueillies par les membres de la Commission du d\u00e9veloppement durable devront alimenter les recommandations issues de la mission d\u2019information.<\/p>\n\n\n\n<p class=\"wp-block-paragraph\">Pour la r\u00e9gion, l\u2019enjeu est donc de passer progressivement&nbsp;<strong>d\u2019un territoire riche en sites touristiques \u00e0 une v\u00e9ritable destination touristique<\/strong>, capable de retenir les visiteurs, de cr\u00e9er de la valeur et de faire du tourisme interne un levier de d\u00e9veloppement local.<\/p>","protected":false},"excerpt":{"rendered":"<p>Des Pics de Sindou aux cascades de Karfigu\u00e9la, en passant par le lac de Tengrela et les D\u00f4mes de Fab\u00e9dougou, une mission de la Commission du d\u00e9veloppement durable a parcouru plusieurs sites touristiques majeurs des Tannounyan. Sur le terrain, les acteurs ont expos\u00e9 leurs difficult\u00e9s et formul\u00e9 des propositions pour transformer le potentiel touristique de la r\u00e9gion en v\u00e9ritable \u00e9conomie locale.<\/p>","protected":false},"author":1,"featured_media":8290,"comment_status":"open","ping_status":"open","sticky":false,"template":"","format":"standard","meta":{"footnotes":""},"categories":[7,5],"tags":[297,102,164,298,180,173,296,295,169,48,52],"class_list":["post-1918","post","type-post","status-publish","format-standard","has-post-thumbnail","hentry","category-investissement-touristique","category-tourisme","tag-cascades-de-karfiguela","tag-developpement-local","tag-domes-de-fabedougou","tag-ecotourisme--patrimoine-touristique","tag-hotellerie","tag-investissement-touristique","tag-lac-de-tengrela","tag-pics-de-sindou","tag-tannounyan","tag-tourisme-burkina-faso","tag-tourisme-interne"],"_links":{"self":[{"href":"https:\/\/voirfaso.com\/fr\/wp-json\/wp\/v2\/posts\/1918","targetHints":{"allow":["GET"]}}],"collection":[{"href":"https:\/\/voirfaso.com\/fr\/wp-json\/wp\/v2\/posts"}],"about":[{"href":"https:\/\/voirfaso.com\/fr\/wp-json\/wp\/v2\/types\/post"}],"author":[{"embeddable":true,"href":"https:\/\/voirfaso.com\/fr\/wp-json\/wp\/v2\/users\/1"}],"replies":[{"embeddable":true,"href":"https:\/\/voirfaso.com\/fr\/wp-json\/wp\/v2\/comments?post=1918"}],"version-history":[{"count":21,"href":"https:\/\/voirfaso.com\/fr\/wp-json\/wp\/v2\/posts\/1918\/revisions"}],"predecessor-version":[{"id":8392,"href":"https:\/\/voirfaso.com\/fr\/wp-json\/wp\/v2\/posts\/1918\/revisions\/8392"}],"wp:featuredmedia":[{"embeddable":true,"href":"https:\/\/voirfaso.com\/fr\/wp-json\/wp\/v2\/media\/8290"}],"wp:attachment":[{"href":"https:\/\/voirfaso.com\/fr\/wp-json\/wp\/v2\/media?parent=1918"}],"wp:term":[{"taxonomy":"category","embeddable":true,"href":"https:\/\/voirfaso.com\/fr\/wp-json\/wp\/v2\/categories?post=1918"},{"taxonomy":"post_tag","embeddable":true,"href":"https:\/\/voirfaso.com\/fr\/wp-json\/wp\/v2\/tags?post=1918"}],"curies":[{"name":"wp","href":"https:\/\/api.w.org\/{rel}","templated":true}]}}