{"id":1919,"date":"2026-08-21T18:44:40","date_gmt":"2026-08-21T18:44:40","guid":{"rendered":"http:\/\/localhost:10034\/?p=1919"},"modified":"2026-08-21T20:17:06","modified_gmt":"2026-08-21T20:17:06","slug":"tourisme-les-acteurs-du-guiriko-sorganisent-pour-parler-dune-seule-voix","status":"publish","type":"post","link":"https:\/\/voirfaso.com\/fr\/tourisme-les-acteurs-du-guiriko-sorganisent-pour-parler-dune-seule-voix\/","title":{"rendered":"Tourisme : les acteurs du Guiriko s\u2019organisent pour parler d\u2019une seule voix"},"content":{"rendered":"<p class=\"wp-block-paragraph\">Apr\u00e8s le Dj\u00f4r\u00f4 et la r\u00e9gion de Bankui, la dynamique de structuration des professionnels du tourisme s\u2019\u00e9tend d\u00e9sormais au Guiriko. Les acteurs priv\u00e9s du secteur ont mis en place, le mercredi 19 ao\u00fbt \u00e0 Bobo-Dioulasso, une\u00a0<strong>F\u00e9d\u00e9ration r\u00e9gionale des acteurs du tourisme (FRAT)<\/strong>\u00a0destin\u00e9e \u00e0 renforcer leur repr\u00e9sentation et leur collaboration.<\/p>\n\n\n\n<p class=\"wp-block-paragraph\">La rencontre, organis\u00e9e \u00e0 l\u2019initiative de la Direction g\u00e9n\u00e9rale du Tourisme avec l\u2019appui de la Direction r\u00e9gionale de la Communication, de la Culture, des Arts et du Tourisme du Guiriko, a r\u00e9uni plusieurs composantes du secteur autour d\u2019un m\u00eame enjeu :&nbsp;<strong>mieux organiser les professionnels pour peser davantage dans le d\u00e9veloppement touristique r\u00e9gional<\/strong>.<\/p>\n\n\n\n<figure class=\"wp-block-gallery has-nested-images columns-default is-cropped rs-img-rounded-sm wp-block-gallery-1 is-layout-flex wp-block-gallery-is-layout-flex\">\n<figure class=\"wp-block-image size-full\"><img decoding=\"async\" data-id=\"8544\" src=\"https:\/\/voirfaso.com\/wp-content\/uploads\/2026\/08\/Photo-intervention-de-Kadre-Sawadogo.svg\" alt=\"intervention de Kadr\u00e9 Sawadogo.\" class=\"wp-image-8544\"\/><figcaption class=\"wp-element-caption\">Intervention du camarade Kadr\u00e9 SAWADOGO,  directeur du d\u00e9veloppement de l\u2019industrie touristique. <\/figcaption><\/figure>\n\n\n\n<figure class=\"wp-block-image size-full\"><img decoding=\"async\" data-id=\"8547\" src=\"https:\/\/voirfaso.com\/wp-content\/uploads\/2026\/08\/Photo-Boukary-Malgoubri.svg\" alt=\"Boukary Malgoubri\" class=\"wp-image-8547\"\/><figcaption class=\"wp-element-caption\">Camarade Boukary MALGOUBRI,  Directeur r\u00e9gional de la Communication, de la Culture, des Arts et du Tourisme du Guiriko.<\/figcaption><\/figure>\n<\/figure>\n\n\n\n<h3 class=\"wp-block-heading\">Pourquoi les acteurs veulent se regrouper<\/h3>\n\n\n\n<p class=\"wp-block-paragraph\">Guides, restaurateurs, h\u00f4teliers et autres professionnels du tourisme \u00e9voluent d\u00e9j\u00e0 au sein de diverses organisations professionnelles.<\/p>\n\n\n\n<p class=\"wp-block-paragraph\">Mais cette diversit\u00e9 des structures peut parfois limiter la capacit\u00e9 des acteurs \u00e0 porter des pr\u00e9occupations communes aupr\u00e8s de l\u2019administration.<\/p>\n\n\n\n<p class=\"wp-block-paragraph\">C\u2019est pr\u00e9cis\u00e9ment l\u2019un des enjeux de la nouvelle f\u00e9d\u00e9ration. Pr\u00e9sentant la dynamique,\u00a0<strong>Kadr\u00e9 SAWADOGO<\/strong>, directeur du d\u00e9veloppement de l\u2019industrie touristique, a insist\u00e9 sur la n\u00e9cessit\u00e9 de renforcer la synergie entre le secteur priv\u00e9 et l\u2019administration.<\/p>\n\n\n\n<p class=\"wp-block-paragraph\">L\u2019objectif n\u2019est toutefois pas de remplacer les organisations existantes.<\/p>\n\n\n\n<p class=\"wp-block-paragraph\">La FRAT doit plut\u00f4t servir de&nbsp;<strong>cadre f\u00e9d\u00e9rateur<\/strong>, permettant aux diff\u00e9rentes fili\u00e8res de coordonner leurs initiatives, d\u2019\u00e9changer sur leurs difficult\u00e9s et de d\u00e9fendre des pr\u00e9occupations communes<\/p>\n\n\n\n<h3 class=\"wp-block-heading\">Une nouvelle \u00e9tape dans la structuration du tourisme<\/h3>\n\n\n\n<p class=\"wp-block-paragraph\">Deux communications ont permis aux participants de mieux comprendre les contours de cette nouvelle organisation.<\/p>\n\n\n\n<p class=\"wp-block-paragraph\">Elles ont notamment port\u00e9 sur le&nbsp;<strong>renforcement de la structuration des acteurs du tourisme<\/strong>&nbsp;et sur la&nbsp;<strong>configuration de la nouvelle F\u00e9d\u00e9ration r\u00e9gionale des acteurs du tourisme<\/strong>.<\/p>\n\n\n\n<p class=\"wp-block-paragraph\">Ces \u00e9changes ont d\u00e9bouch\u00e9 sur la mise en place du bureau de la FRAT du Guiriko.<\/p>\n\n\n\n<p class=\"wp-block-paragraph\">Cette \u00e9tape intervient dans un contexte o\u00f9 plusieurs r\u00e9gions du Burkina Faso travaillent \u00e0 une meilleure organisation des professionnels du tourisme afin de renforcer leur participation au d\u00e9veloppement du secteur.<\/p>\n\n\n\n<h3 class=\"wp-block-heading\">Du bureau aux actions concr\u00e8tes<\/h3>\n\n\n\n<p class=\"wp-block-paragraph\">Pour les responsables r\u00e9gionaux, la cr\u00e9ation de la f\u00e9d\u00e9ration ne constitue cependant qu\u2019un point de d\u00e9part.<\/p>\n\n\n\n<p class=\"wp-block-paragraph\">Le Directeur r\u00e9gional de la Communication, de la Culture, des Arts et du Tourisme du Guiriko,\u00a0<strong>Boukary MALGOUBRI<\/strong>, a appel\u00e9 les membres du bureau \u00e0 traduire cette nouvelle dynamique en actions concr\u00e8tes.<\/p>\n\n\n\n<p class=\"wp-block-paragraph\">L\u2019une des prochaines priorit\u00e9s sera notamment de d\u00e9finir un&nbsp;<strong>programme d\u2019activit\u00e9s r\u00e9pondant aux pr\u00e9occupations des professionnels<\/strong>&nbsp;et susceptible de contribuer au d\u00e9veloppement du tourisme dans la r\u00e9gion.<\/p>\n\n\n\n<p class=\"wp-block-paragraph\">L\u2019enjeu sera donc d\u00e9sormais de faire vivre cette structure au-del\u00e0 de son installation officielle.<\/p>\n\n\n\n<figure class=\"wp-block-image size-full rs-img-rounded-sm\"><img decoding=\"async\" src=\"https:\/\/voirfaso.com\/wp-content\/uploads\/2026\/08\/Photo-de-groupe-avec-les-participants-et-le-bureau-installe.svg\" alt=\"Acteurs du tourisme du Guiriko r\u00e9unis \u00e0 Bobo-Dioulasso pour la mise en place de leur f\u00e9d\u00e9ration r\u00e9gionale\" class=\"wp-image-8538\"\/><figcaption class=\"wp-element-caption\">Membres du bureau de la FRAT<\/figcaption><\/figure>\n\n\n\n<h3 class=\"wp-block-heading\">Une voix commune pour mieux valoriser le potentiel du Guiriko<\/h3>\n\n\n\n<p class=\"wp-block-paragraph\">La mise en place de la FRAT pourrait permettre aux professionnels de mieux coordonner leurs initiatives, mais aussi de renforcer le dialogue avec les pouvoirs publics.<\/p>\n\n\n\n<p class=\"wp-block-paragraph\">Dans une r\u00e9gion qui dispose d\u2019un important patrimoine culturel, historique et touristique, une meilleure organisation des acteurs peut \u00e9galement faciliter la construction d\u2019une offre touristique plus coh\u00e9rente.<\/p>\n\n\n\n<div style=\"height:20px\" aria-hidden=\"true\" class=\"wp-block-spacer\"><\/div>\n\n\n\n<figure class=\"wp-block-image size-full rs-img-rounded-sm\"><img fetchpriority=\"high\" decoding=\"async\" width=\"971\" height=\"405\" src=\"https:\/\/voirfaso.com\/wp-content\/uploads\/2026\/08\/Sitho-3-1.jpg\" alt=\"\" class=\"wp-image-8562\" srcset=\"https:\/\/voirfaso.com\/wp-content\/uploads\/2026\/08\/Sitho-3-1.jpg 971w, https:\/\/voirfaso.com\/wp-content\/uploads\/2026\/08\/Sitho-3-1-300x125.jpg 300w, https:\/\/voirfaso.com\/wp-content\/uploads\/2026\/08\/Sitho-3-1-768x320.jpg 768w, https:\/\/voirfaso.com\/wp-content\/uploads\/2026\/08\/Sitho-3-1-18x8.jpg 18w, https:\/\/voirfaso.com\/wp-content\/uploads\/2026\/08\/Sitho-3-1-600x250.jpg 600w\" sizes=\"(max-width: 971px) 100vw, 971px\" \/><\/figure>\n\n\n\n<h3 class=\"wp-block-heading\">Pourquoi c\u2019est important<\/h3>\n\n\n\n<p class=\"wp-block-paragraph\">La cr\u00e9ation de la FRAT ne signifie pas automatiquement que les difficult\u00e9s des professionnels seront r\u00e9solues.<\/p>\n\n\n\n<p class=\"wp-block-paragraph\">Son int\u00e9r\u00eat se mesurera surtout \u00e0 sa capacit\u00e9 \u00e0&nbsp;<strong>faire remonter les pr\u00e9occupations du terrain, cr\u00e9er des synergies entre les diff\u00e9rentes fili\u00e8res, d\u00e9fendre les int\u00e9r\u00eats professionnels et participer \u00e0 la construction d\u2019une offre touristique r\u00e9gionale plus attractive<\/strong>.<\/p>\n\n\n\n<p class=\"wp-block-paragraph\">Autrement dit, le v\u00e9ritable d\u00e9fi commence maintenant :&nbsp;<strong>transformer une organisation sur le papier en une force collective capable de produire des r\u00e9sultats pour les professionnels et les territoires.<\/strong><\/p>\n\n\n\n<p class=\"wp-block-paragraph\"><strong>Source : DRCCAT-Guiriko \u2013 Article adapt\u00e9 et enrichi par la r\u00e9daction de VoirFaso.<\/strong><\/p>","protected":false},"excerpt":{"rendered":"<p>Les professionnels du tourisme du Guiriko ont mis en place une F\u00e9d\u00e9ration r\u00e9gionale destin\u00e9e \u00e0 renforcer leur repr\u00e9sentation, leur coordination et leur participation au d\u00e9veloppement touristique de la r\u00e9gion.<\/p>","protected":false},"author":1,"featured_media":8565,"comment_status":"open","ping_status":"open","sticky":false,"template":"","format":"standard","meta":{"footnotes":""},"categories":[5],"tags":[55,260,326,327,329,323,180,324,328,325,52],"class_list":["post-1919","post","type-post","status-publish","format-standard","has-post-thumbnail","hentry","category-tourisme","tag-bobo-dioulasso","tag-developpement-touristique","tag-federation-regionale-des-acteurs-du-tourisme","tag-frat","tag-guides-touristiques","tag-guirik","tag-hotellerie","tag-professionnels-du-tourisme","tag-restauration","tag-tourisme","tag-tourisme-interne"],"_links":{"self":[{"href":"https:\/\/voirfaso.com\/fr\/wp-json\/wp\/v2\/posts\/1919","targetHints":{"allow":["GET"]}}],"collection":[{"href":"https:\/\/voirfaso.com\/fr\/wp-json\/wp\/v2\/posts"}],"about":[{"href":"https:\/\/voirfaso.com\/fr\/wp-json\/wp\/v2\/types\/post"}],"author":[{"embeddable":true,"href":"https:\/\/voirfaso.com\/fr\/wp-json\/wp\/v2\/users\/1"}],"replies":[{"embeddable":true,"href":"https:\/\/voirfaso.com\/fr\/wp-json\/wp\/v2\/comments?post=1919"}],"version-history":[{"count":19,"href":"https:\/\/voirfaso.com\/fr\/wp-json\/wp\/v2\/posts\/1919\/revisions"}],"predecessor-version":[{"id":8563,"href":"https:\/\/voirfaso.com\/fr\/wp-json\/wp\/v2\/posts\/1919\/revisions\/8563"}],"wp:featuredmedia":[{"embeddable":true,"href":"https:\/\/voirfaso.com\/fr\/wp-json\/wp\/v2\/media\/8565"}],"wp:attachment":[{"href":"https:\/\/voirfaso.com\/fr\/wp-json\/wp\/v2\/media?parent=1919"}],"wp:term":[{"taxonomy":"category","embeddable":true,"href":"https:\/\/voirfaso.com\/fr\/wp-json\/wp\/v2\/categories?post=1919"},{"taxonomy":"post_tag","embeddable":true,"href":"https:\/\/voirfaso.com\/fr\/wp-json\/wp\/v2\/tags?post=1919"}],"curies":[{"name":"wp","href":"https:\/\/api.w.org\/{rel}","templated":true}]}}