{"id":1922,"date":"2026-08-13T20:45:01","date_gmt":"2026-08-13T20:45:01","guid":{"rendered":"http:\/\/localhost:10034\/?p=1922"},"modified":"2026-08-13T21:59:28","modified_gmt":"2026-08-13T21:59:28","slug":"tourisme-dans-le-djoro-les-acteurs-alertent-sur-les-freins-a-la-valorisation-du-potentiel-regional","status":"publish","type":"post","link":"https:\/\/voirfaso.com\/fr\/tourisme-dans-le-djoro-les-acteurs-alertent-sur-les-freins-a-la-valorisation-du-potentiel-regional\/","title":{"rendered":"Tourisme dans le Dj\u00f4r\u00f4 : les acteurs tirent la sonnette d&#x27;alarme sur les obstacles \u00e0 la mise en valeur du potentiel r\u00e9gional"},"content":{"rendered":"<p class=\"wp-block-paragraph\">Le d\u00e9veloppement du tourisme dans le Dj\u00f4r\u00f4 passe-t-il d\u2019abord par de nouveaux investissements ou par une meilleure valorisation de l\u2019existant ? R\u00e9unis avec les d\u00e9put\u00e9s dans le cadre d\u2019une mission d\u2019information sur le tourisme interne et l\u2019h\u00f4tellerie, les acteurs r\u00e9gionaux ont expos\u00e9 leurs r\u00e9alit\u00e9s de terrain et formul\u00e9 plusieurs pistes pour dynamiser le secteur.<\/p>\n\n\n\n<h2 class=\"wp-block-heading\">Un potentiel touristique encore sous-exploit\u00e9<\/h2>\n\n\n\n<p class=\"wp-block-paragraph\">La Commission du d\u00e9veloppement durable (CDD) a \u00e9chang\u00e9 avec les services d\u00e9concentr\u00e9s de l\u2019\u00c9tat, les collectivit\u00e9s territoriales, les op\u00e9rateurs priv\u00e9s ainsi que les acteurs de la culture et de l\u2019artisanat.<\/p>\n\n\n\n<p class=\"wp-block-paragraph\">Tous ont soulign\u00e9 l\u2019importance du potentiel touristique du Dj\u00f4r\u00f4. Mais entre les ressources disponibles et leur fr\u00e9quentation effective, plusieurs obstacles demeurent.<\/p>\n\n\n\n<p class=\"wp-block-paragraph\">L\u2019<strong>accessibilit\u00e9 des sites<\/strong>, l\u2019insuffisance des moyens financiers et humains, le manque d\u2019am\u00e9nagements et d\u2019\u00e9quipements ainsi que l\u2019entretien de certains sites patrimoniaux figurent parmi les principales difficult\u00e9s relev\u00e9es.<\/p>\n\n\n\n<h3 class=\"wp-block-heading\">Faire du tourisme interne une r\u00e9alit\u00e9<\/h3>\n\n\n\n<p class=\"wp-block-paragraph\">Pour les participants, le d\u00e9veloppement du tourisme r\u00e9gional passe aussi par une meilleure appropriation des sites par les populations locales.<\/p>\n\n\n\n<p class=\"wp-block-paragraph\">Plusieurs pistes ont \u00e9t\u00e9 \u00e9voqu\u00e9es : cr\u00e9ation de&nbsp;<strong>circuits touristiques<\/strong>, organisation d\u2019animations sur les sites, d\u00e9veloppement des sorties scolaires et familiales et implication accrue des associations.<\/p>\n\n\n\n<p class=\"wp-block-paragraph\">L\u2019objectif est de faire du tourisme une activit\u00e9 davantage int\u00e9gr\u00e9e aux habitudes des populations, et pas uniquement une activit\u00e9 destin\u00e9e aux visiteurs ext\u00e9rieurs.<\/p>\n\n\n\n<div style=\"height:14px\" aria-hidden=\"true\" class=\"wp-block-spacer\"><\/div>\n\n\n\n<figure class=\"wp-block-gallery has-nested-images columns-default is-cropped rs-img-rounded-sm wp-block-gallery-1 is-layout-flex wp-block-gallery-is-layout-flex\">\n<figure class=\"wp-block-image size-full\"><img decoding=\"async\" data-id=\"8201\" src=\"https:\/\/voirfaso.com\/wp-content\/uploads\/2026\/08\/Les-acteurs-exposent-les-difficultes-du-secteur.svg\" alt=\" \u00c9changes entre d\u00e9put\u00e9s et acteurs du tourisme dans le Dj\u00f4r\u00f4\" class=\"wp-image-8201\"\/><figcaption class=\"wp-element-caption\"> Accessibilit\u00e9 des sites, \u00e9quipements et moyens financiers figurent parmi les pr\u00e9occupations soulev\u00e9es.<\/figcaption><\/figure>\n\n\n\n<figure class=\"wp-block-image size-full\"><img decoding=\"async\" data-id=\"8203\" src=\"https:\/\/voirfaso.com\/wp-content\/uploads\/2026\/08\/Les-operateurs-prives-plaident-pour-un-meilleur-accompagnement.svg\" alt=\"Op\u00e9rateurs touristiques \u00e9changeant avec des parlementaires au Burkina Faso\" class=\"wp-image-8203\"\/><figcaption class=\"wp-element-caption\">Les op\u00e9rateurs priv\u00e9s souhaitent des d\u00e9marches plus adapt\u00e9es et un environnement plus favorable \u00e0 l\u2019investissement touristique.<\/figcaption><\/figure>\n<\/figure>\n\n\n\n<div style=\"height:35px\" aria-hidden=\"true\" class=\"wp-block-spacer\"><\/div>\n\n\n\n<h3 class=\"wp-block-heading\">Les op\u00e9rateurs priv\u00e9s demandent un environnement plus favorable<\/h3>\n\n\n\n<p class=\"wp-block-paragraph\">Les difficult\u00e9s concernent \u00e9galement les entrepreneurs du secteur.<\/p>\n\n\n\n<p class=\"wp-block-paragraph\">Les op\u00e9rateurs priv\u00e9s ont notamment \u00e9voqu\u00e9 les proc\u00e9dures administratives, les autorisations, les contr\u00f4les et les conditions d\u2019investissement. Ils souhaitent un accompagnement plus important des promoteurs et des d\u00e9marches davantage adapt\u00e9es aux r\u00e9alit\u00e9s des entreprises.<\/p>\n\n\n\n<p class=\"wp-block-paragraph\">Pour l\u2019h\u00f4tellerie, la restauration et les activit\u00e9s touristiques, cette question est centrale :&nbsp;<strong>sans investissements priv\u00e9s, il reste difficile de d\u00e9velopper durablement l\u2019offre touristique et les capacit\u00e9s d\u2019accueil.<\/strong><\/p>\n\n\n\n<h3 class=\"wp-block-heading\">Des propositions pour nourrir le rapport des d\u00e9put\u00e9s<\/h3>\n\n\n\n<p class=\"wp-block-paragraph\">Les pr\u00e9occupations recueillies dans le Dj\u00f4r\u00f4 doivent d\u00e9sormais alimenter le rapport de la mission d\u2019information de la CDD.<\/p>\n\n\n\n<p class=\"wp-block-paragraph\">Pour les d\u00e9put\u00e9s, l\u2019enjeu sera de transformer ces constats de terrain en recommandations susceptibles d\u2019am\u00e9liorer l\u2019accessibilit\u00e9 des sites, de stimuler l\u2019investissement et de renforcer la fr\u00e9quentation touristique.<\/p>\n\n\n\n<div style=\"height:14px\" aria-hidden=\"true\" class=\"wp-block-spacer\"><\/div>\n\n\n\n<figure class=\"wp-block-image size-full rs-img-rounded-sm\"><img decoding=\"async\" src=\"https:\/\/voirfaso.com\/wp-content\/uploads\/2026\/08\/Le-tourisme-interne-au-coeur-des-echanges.svg\" alt=\"D\u00e9put\u00e9s et acteurs r\u00e9gionaux r\u00e9unis autour du d\u00e9veloppement du tourisme\" class=\"wp-image-8205\"\/><figcaption class=\"wp-element-caption\"> Les propositions recueillies dans le Dj\u00f4r\u00f4 contribueront au rapport de la mission d\u2019information de la CDD.<br><\/figcaption><\/figure>\n\n\n\n<div style=\"height:35px\" aria-hidden=\"true\" class=\"wp-block-spacer\"><\/div>\n\n\n\n<h3 class=\"wp-block-heading\">Pourquoi c\u2019est important<\/h3>\n\n\n\n<p class=\"wp-block-paragraph\">Le Dj\u00f4r\u00f4 dispose de ressources touristiques, culturelles et artisanales, mais leur potentiel \u00e9conomique d\u00e9pend d\u00e9sormais de leur\u00a0<strong>accessibilit\u00e9, de leur am\u00e9nagement, de leur promotion et de la capacit\u00e9 \u00e0 attirer les investissements<\/strong>.<\/p>\n\n\n\n<div style=\"height:20px\" aria-hidden=\"true\" class=\"wp-block-spacer\"><\/div>\n\n\n\n<figure class=\"wp-block-image size-full rs-img-rounded-sm\"><img decoding=\"async\" src=\"https:\/\/nerio.rstheme.com\/newspaper\/wp-content\/uploads\/sites\/2\/2025\/11\/ad-banner-thumb-001-1.png\" alt=\"\" class=\"wp-image-7057\"\/><\/figure>\n\n\n\n<div style=\"height:35px\" aria-hidden=\"true\" class=\"wp-block-spacer\"><\/div>\n\n\n\n<p class=\"wp-block-paragraph\">La rencontre entre les d\u00e9put\u00e9s et les acteurs du Dj\u00f4r\u00f4 met en \u00e9vidence un enjeu essentiel pour le tourisme burkinab\u00e8 :&nbsp;<strong>le potentiel ne suffit pas \u00e0 lui seul<\/strong>. Il doit \u00eatre accompagn\u00e9 d\u2019infrastructures, de financements, de professionnels et d\u2019une v\u00e9ritable strat\u00e9gie de promotion du tourisme interne.<\/p>\n\n\n\n<p class=\"wp-block-paragraph\"><strong>Source : Commission du d\u00e9veloppement durable \u2013 Article adapt\u00e9 et enrichi par la r\u00e9daction de VoirFaso.<\/strong><\/p>\n\n\n\n<p class=\"wp-block-paragraph\"><\/p>","protected":false},"excerpt":{"rendered":"<p>Lors d\u2019une rencontre avec la Commission du d\u00e9veloppement durable, les acteurs du tourisme du Dj\u00f4r\u00f4 ont pr\u00e9sent\u00e9 les atouts de la r\u00e9gion, mais aussi les difficult\u00e9s qui freinent leur valorisation : acc\u00e8s aux sites, manque d\u2019am\u00e9nagements, financement et lourdeurs administratives.<\/p>","protected":false},"author":1,"featured_media":8200,"comment_status":"open","ping_status":"open","sticky":false,"template":"","format":"standard","meta":{"footnotes":""},"categories":[5],"tags":[270,258,269,259,180,173,268,48,52,271],"class_list":["post-1922","post","type-post","status-publish","format-standard","has-post-thumbnail","hentry","category-tourisme","tag-artisanat","tag-cdd","tag-culture","tag-djoro","tag-hotellerie","tag-investissement-touristique","tag-patrimoine","tag-tourisme-burkina-faso","tag-tourisme-interne","tag-tourisme-regional"],"_links":{"self":[{"href":"https:\/\/voirfaso.com\/fr\/wp-json\/wp\/v2\/posts\/1922","targetHints":{"allow":["GET"]}}],"collection":[{"href":"https:\/\/voirfaso.com\/fr\/wp-json\/wp\/v2\/posts"}],"about":[{"href":"https:\/\/voirfaso.com\/fr\/wp-json\/wp\/v2\/types\/post"}],"author":[{"embeddable":true,"href":"https:\/\/voirfaso.com\/fr\/wp-json\/wp\/v2\/users\/1"}],"replies":[{"embeddable":true,"href":"https:\/\/voirfaso.com\/fr\/wp-json\/wp\/v2\/comments?post=1922"}],"version-history":[{"count":13,"href":"https:\/\/voirfaso.com\/fr\/wp-json\/wp\/v2\/posts\/1922\/revisions"}],"predecessor-version":[{"id":8206,"href":"https:\/\/voirfaso.com\/fr\/wp-json\/wp\/v2\/posts\/1922\/revisions\/8206"}],"wp:featuredmedia":[{"embeddable":true,"href":"https:\/\/voirfaso.com\/fr\/wp-json\/wp\/v2\/media\/8200"}],"wp:attachment":[{"href":"https:\/\/voirfaso.com\/fr\/wp-json\/wp\/v2\/media?parent=1922"}],"wp:term":[{"taxonomy":"category","embeddable":true,"href":"https:\/\/voirfaso.com\/fr\/wp-json\/wp\/v2\/categories?post=1922"},{"taxonomy":"post_tag","embeddable":true,"href":"https:\/\/voirfaso.com\/fr\/wp-json\/wp\/v2\/tags?post=1922"}],"curies":[{"name":"wp","href":"https:\/\/api.w.org\/{rel}","templated":true}]}}