{"id":1923,"date":"2026-07-29T09:10:00","date_gmt":"2026-07-29T09:10:00","guid":{"rendered":"http:\/\/localhost:10034\/?p=1923"},"modified":"2026-08-02T23:52:29","modified_gmt":"2026-08-02T23:52:29","slug":"protection-de-la-couche-dozone-le-comite-national-ozone-renforce-la-gouvernance-environnementale-au-burkina-faso","status":"publish","type":"post","link":"https:\/\/voirfaso.com\/fr\/protection-de-la-couche-dozone-le-comite-national-ozone-renforce-la-gouvernance-environnementale-au-burkina-faso\/","title":{"rendered":"Protection de la couche d\u2019ozone : le Comit\u00e9 national ozone renforce la gouvernance environnementale au Burkina Faso"},"content":{"rendered":"<p class=\"wp-block-paragraph\"><strong>Ouagadougou, 29 juillet 2026<\/strong>&nbsp;\u2013 Le minist\u00e8re de l\u2019Agriculture, de l\u2019Eau, des Ressources animales et halieutiques, \u00e0 travers la Direction g\u00e9n\u00e9rale de l\u2019Environnement et du Cadre de vie (DGECV) et le Bureau national ozone (BNO), a lanc\u00e9 les travaux de la premi\u00e8re session ordinaire de l\u2019ann\u00e9e 2026 du Comit\u00e9 national ozone (CNO).<\/p>\n\n\n\n<p class=\"wp-block-paragraph\">Cette rencontre r\u00e9unit les principaux acteurs concern\u00e9s par la protection de la couche d\u2019ozone afin d\u2019\u00e9valuer les actions men\u00e9es, d\u2019examiner les d\u00e9fis actuels et de d\u00e9finir de nouvelles orientations pour accompagner les engagements internationaux du Burkina Faso en mati\u00e8re de protection de l\u2019environnement.<\/p>\n\n\n\n<div style=\"height:14px\" aria-hidden=\"true\" class=\"wp-block-spacer\"><\/div>\n\n\n\n<figure class=\"wp-block-gallery has-nested-images columns-default is-cropped rs-img-rounded-sm wp-block-gallery-1 is-layout-flex wp-block-gallery-is-layout-flex\">\n<figure class=\"wp-block-image size-full\"><img decoding=\"async\" data-id=\"7731\" src=\"https:\/\/voirfaso.com\/wp-content\/uploads\/2026\/07\/Les-membres-du-Comite-national-ozone-en-session-de-travail.svg\" alt=\"Les participants suivent les travaux de la premi\u00e8re session ordinaire du Comit\u00e9 national ozone.\" class=\"wp-image-7731\"\/><figcaption class=\"wp-element-caption\">Les membres du Comit\u00e9 examinent les dossiers inscrits \u00e0 l\u2019ordre du jour afin de renforcer la gouvernance du secteur.<\/figcaption><\/figure>\n\n\n\n<figure class=\"wp-block-image size-full\"><img decoding=\"async\" data-id=\"7732\" src=\"https:\/\/voirfaso.com\/wp-content\/uploads\/2026\/07\/Echanges-entre-les-membres-du-Comite-national-ozone.svg\" alt=\"Les membres du Comit\u00e9 national ozone poursuivent leurs travaux en s\u00e9ance.\" class=\"wp-image-7732\"\/><figcaption class=\"wp-element-caption\">Les participants \u00e9changent sur les recommandations destin\u00e9es \u00e0 renforcer les actions nationales en faveur de la protection de la couche d\u2019ozone.<\/figcaption><\/figure>\n<\/figure>\n\n\n\n<div style=\"height:35px\" aria-hidden=\"true\" class=\"wp-block-spacer\"><\/div>\n\n\n\n<h3 class=\"wp-block-heading\">Le secteur du froid, un enjeu strat\u00e9gique<\/h3>\n\n\n\n<p class=\"wp-block-paragraph\">Le d\u00e9veloppement des technologies de refroidissement repr\u00e9sente aujourd\u2019hui un enjeu majeur aussi bien pour l\u2019\u00e9conomie que pour la sant\u00e9 publique.<\/p>\n\n\n\n<p class=\"wp-block-paragraph\">Selon le pr\u00e9sident de la session, ces technologies jouent un r\u00f4le essentiel dans la conservation des produits agricoles, alimentaires, pharmaceutiques, des vaccins ainsi que dans le fonctionnement de nombreux secteurs tels que l\u2019industrie, le commerce, l\u2019h\u00f4tellerie et les services..<\/p>\n\n\n\n<blockquote class=\"wp-block-quote has-text-align-center rs-post-quote-box is-layout-flow wp-block-quote-is-layout-flow\">\n<p class=\"wp-block-paragraph\">\u00ab Aujourd\u2019hui, le refroidissement est devenu un service essentiel au d\u00e9veloppement. Il joue un r\u00f4le majeur dans la conservation des produits agricoles, alimentaires, pharmaceutiques ainsi que des vaccins et contribue \u00e9galement au d\u00e9veloppement de plusieurs secteurs \u00e9conomiques. \u00bb<\/p>\n<cite><strong>Boubacar ILBOUDO<\/strong><br><em>Charg\u00e9 de mission<\/em><\/cite><\/blockquote>\n\n\n\n<h3 class=\"wp-block-heading\">Acc\u00e9l\u00e9rer la transition vers des technologies plus durables<\/h3>\n\n\n\n<p class=\"wp-block-paragraph\">Pendant deux jours, les membres du Comit\u00e9 examineront les diff\u00e9rents dossiers inscrits \u00e0 l\u2019ordre du jour afin de formuler des recommandations destin\u00e9es \u00e0 am\u00e9liorer la coordination des interventions et \u00e0 favoriser l\u2019utilisation de technologies de refroidissement plus performantes et plus respectueuses de l\u2019environnement.<\/p>\n\n\n\n<p class=\"wp-block-paragraph\">Ces travaux s\u2019inscrivent dans le respect des engagements pris par le Burkina Faso \u00e0 travers le&nbsp;<strong>Protocole de Montr\u00e9al<\/strong>&nbsp;et&nbsp;<strong>l\u2019Amendement de Kigali<\/strong>, qui visent notamment \u00e0 r\u00e9duire progressivement l\u2019utilisation des substances appauvrissant la couche d\u2019ozone et des hydrofluorocarbures (HFC).<\/p>\n\n\n\n<div style=\"height:14px\" aria-hidden=\"true\" class=\"wp-block-spacer\"><\/div>\n\n\n\n<figure class=\"wp-block-image size-full rs-img-rounded-sm\"><img decoding=\"async\" src=\"https:\/\/voirfaso.com\/wp-content\/uploads\/2026\/07\/LA-PHOTO-DE-FAMILLE-.svg\" alt=\"Photo de famille des membres du Comit\u00e9 national d'ozone a la fin de leurs travaux en s\u00e9ance.\" class=\"wp-image-7734\"\/><figcaption class=\"wp-element-caption\">Photo de famille des membres du Comit\u00e9 national d&#8217;ozone \u00e0 la fin de leur s\u00e9ance  de travaux.<\/figcaption><\/figure>\n\n\n\n<div style=\"height:35px\" aria-hidden=\"true\" class=\"wp-block-spacer\"><\/div>\n\n\n\n<h3 class=\"wp-block-heading\"><br><strong>Une coop\u00e9ration renforc\u00e9e au service de l\u2019environnement<\/strong><\/h3>\n\n\n\n<p class=\"wp-block-paragraph\">\u00c0 travers cette session, le minist\u00e8re r\u00e9affirme son engagement \u00e0 promouvoir une gestion durable des substances appauvrissant la couche d\u2019ozone tout en renfor\u00e7ant la coop\u00e9ration entre les administrations publiques, le secteur priv\u00e9 et les partenaires techniques et financiers.<\/p>\n\n\n\n<p class=\"wp-block-paragraph\">L\u2019objectif est de consolider les acquis du Burkina Faso en mati\u00e8re de protection de l\u2019environnement, tout en conciliant d\u00e9veloppement \u00e9conomique, sant\u00e9 publique et transition \u00e9cologique.<\/p>\n\n\n\n<div style=\"height:20px\" aria-hidden=\"true\" class=\"wp-block-spacer\"><\/div>\n\n\n\n<figure class=\"wp-block-image size-full rs-img-rounded-sm\"><img decoding=\"async\" src=\"https:\/\/nerio.rstheme.com\/newspaper\/wp-content\/uploads\/sites\/2\/2025\/11\/ad-banner-thumb-001-1.png\" alt=\"\" class=\"wp-image-7057\"\/><\/figure>\n\n\n\n<div style=\"height:35px\" aria-hidden=\"true\" class=\"wp-block-spacer\"><\/div>\n\n\n\n<h3 class=\"wp-block-heading\">Pourquoi c\u2019est important<\/h3>\n\n\n\n<p class=\"wp-block-paragraph\">La protection de la couche d\u2019ozone d\u00e9passe le cadre environnemental. Elle contribue \u00e0 pr\u00e9server la sant\u00e9 des populations, \u00e0 soutenir les secteurs agricole, alimentaire et sanitaire, et \u00e0 accompagner la transition du Burkina Faso vers des technologies plus propres. En renfor\u00e7ant son cadre r\u00e9glementaire, le pays consolide \u00e9galement ses engagements internationaux tout en favorisant un d\u00e9veloppement durable.<\/p>\n\n\n\n<p class=\"wp-block-paragraph\"><strong>Source:<\/strong>&nbsp;Direction de la Communication et des Relations Publiques (DCRP\/MAERAH).<\/p>\n\n\n\n<p class=\"wp-block-paragraph\"><strong>Article adapt\u00e9 et enrichi par la r\u00e9daction de VoirFaso.<\/strong><\/p>","protected":false},"excerpt":{"rendered":"<p>Le Comit\u00e9 national ozone (CNO) a ouvert sa premi\u00e8re session ordinaire de l\u2019ann\u00e9e 2026 \u00e0 Ouagadougou. Pendant deux jours, les membres examineront plusieurs dossiers strat\u00e9giques visant \u00e0 renforcer la protection de la couche d\u2019ozone, am\u00e9liorer la gestion des fluides frigorig\u00e8nes et acc\u00e9l\u00e9rer la transition vers des technologies de refroidissement plus respectueuses de l\u2019environnement.<\/p>","protected":false},"author":1,"featured_media":7730,"comment_status":"open","ping_status":"open","sticky":false,"template":"","format":"standard","meta":{"footnotes":""},"categories":[9],"tags":[130,125,124,120,126,121,129,128,96,123,127],"class_list":["post-1923","post","type-post","status-publish","format-standard","has-post-thumbnail","hentry","category-environnement","tag-amendement-de-kigali","tag-bureau-national-ozone","tag-comite-national-ozone","tag-developpement-durable","tag-dgecv","tag-environnement","tag-fluides-frigorigenes","tag-hfc","tag-maerah","tag-protection-de-la-couche-dozone","tag-protocole-de-montreal"],"_links":{"self":[{"href":"https:\/\/voirfaso.com\/fr\/wp-json\/wp\/v2\/posts\/1923","targetHints":{"allow":["GET"]}}],"collection":[{"href":"https:\/\/voirfaso.com\/fr\/wp-json\/wp\/v2\/posts"}],"about":[{"href":"https:\/\/voirfaso.com\/fr\/wp-json\/wp\/v2\/types\/post"}],"author":[{"embeddable":true,"href":"https:\/\/voirfaso.com\/fr\/wp-json\/wp\/v2\/users\/1"}],"replies":[{"embeddable":true,"href":"https:\/\/voirfaso.com\/fr\/wp-json\/wp\/v2\/comments?post=1923"}],"version-history":[{"count":6,"href":"https:\/\/voirfaso.com\/fr\/wp-json\/wp\/v2\/posts\/1923\/revisions"}],"predecessor-version":[{"id":7737,"href":"https:\/\/voirfaso.com\/fr\/wp-json\/wp\/v2\/posts\/1923\/revisions\/7737"}],"wp:featuredmedia":[{"embeddable":true,"href":"https:\/\/voirfaso.com\/fr\/wp-json\/wp\/v2\/media\/7730"}],"wp:attachment":[{"href":"https:\/\/voirfaso.com\/fr\/wp-json\/wp\/v2\/media?parent=1923"}],"wp:term":[{"taxonomy":"category","embeddable":true,"href":"https:\/\/voirfaso.com\/fr\/wp-json\/wp\/v2\/categories?post=1923"},{"taxonomy":"post_tag","embeddable":true,"href":"https:\/\/voirfaso.com\/fr\/wp-json\/wp\/v2\/tags?post=1923"}],"curies":[{"name":"wp","href":"https:\/\/api.w.org\/{rel}","templated":true}]}}