{"id":2093,"date":"2026-08-19T13:27:00","date_gmt":"2026-08-19T13:27:00","guid":{"rendered":"http:\/\/localhost:10034\/?p=2093"},"modified":"2026-08-19T21:12:34","modified_gmt":"2026-08-19T21:12:34","slug":"bangr-weogo-le-parc-urbain-renforce-sa-securite-et-veut-mieux-valoriser-son-potentiel-touristique","status":"publish","type":"post","link":"https:\/\/voirfaso.com\/fr\/bangr-weogo-le-parc-urbain-renforce-sa-securite-et-veut-mieux-valoriser-son-potentiel-touristique\/","title":{"rendered":"Bangr-W\u00e9ogo : le parc urbain renforce sa s\u00e9curit\u00e9 et veut mieux valoriser son potentiel touristique"},"content":{"rendered":"<p class=\"wp-block-paragraph\">Situ\u00e9 en plein c\u0153ur de la capitale,&nbsp;<strong>Bangr-W\u00e9ogo<\/strong>&nbsp;occupe une place particuli\u00e8re dans le paysage urbain de Ouagadougou. La for\u00eat class\u00e9e repr\u00e9sente \u00e0 la fois un espace de respiration pour la ville et un patrimoine naturel \u00e0 pr\u00e9server.<\/p>\n\n\n\n<p class=\"wp-block-paragraph\">Le 14 mai 2026, le camarade ministre de la S\u00e9curit\u00e9,\u00a0<strong>Mahamadou Sana<\/strong>, s\u2019y est rendu pour \u00e9valuer le dispositif de s\u00e9curit\u00e9 mis en place sur le site et prendre connaissance des actions engag\u00e9es en vue de sa pr\u00e9servation.<\/p>\n\n\n\n<h3 class=\"wp-block-heading\">Une attention particuli\u00e8re port\u00e9e \u00e0 la s\u00e9curit\u00e9<\/h3>\n\n\n\n<p class=\"wp-block-paragraph\">La situation g\u00e9ographique du parc explique en partie l\u2019attention accord\u00e9e \u00e0 sa s\u00e9curisation.<\/p>\n\n\n\n<p class=\"wp-block-paragraph\">Entour\u00e9 par une ville en pleine expansion, Bangr-W\u00e9ogo constitue un espace fr\u00e9quent\u00e9 par les populations et abrite \u00e9galement une importante diversit\u00e9 d\u2019esp\u00e8ces animales et v\u00e9g\u00e9tales.<\/p>\n\n\n\n<p class=\"wp-block-paragraph\">Au terme de sa visite, le ministre s\u2019est dit satisfait des mesures prises par les services des Eaux et For\u00eats, en collaboration avec la municipalit\u00e9 de Ouagadougou.<\/p>\n\n\n\n<p class=\"wp-block-paragraph\">\u00ab Nous sommes hautement satisfaits des dispositions d\u00e9j\u00e0 prises par les services comp\u00e9tents et comptons les renforcer davantage. \u00bb<\/p>\n\n\n\n<p class=\"wp-block-paragraph\">L\u2019objectif est notamment de permettre aux usagers de fr\u00e9quenter le parc dans de meilleures conditions, tout en prot\u00e9geant cet espace naturel contre les diff\u00e9rentes menaces auxquelles peuvent \u00eatre confront\u00e9es les for\u00eats urbaines.<\/p>\n\n\n\n<div style=\"height:14px\" aria-hidden=\"true\" class=\"wp-block-spacer\"><\/div>\n\n\n\n<figure class=\"wp-block-gallery has-nested-images columns-default is-cropped rs-img-rounded-sm wp-block-gallery-1 is-layout-flex wp-block-gallery-is-layout-flex\">\n<figure class=\"wp-block-image size-full\"><img decoding=\"async\" data-id=\"8466\" src=\"https:\/\/voirfaso.com\/wp-content\/uploads\/2026\/08\/Les-responsables-des-Eaux-et-Forets.svg\" alt=\"le ministre avec les responsables des Eaux et For\u00eats.\" class=\"wp-image-8466\"\/><figcaption class=\"wp-element-caption\">Les responsables des Eaux et For\u00eats.<\/figcaption><\/figure>\n\n\n\n<figure class=\"wp-block-image size-full\"><img decoding=\"async\" data-id=\"8470\" src=\"https:\/\/voirfaso.com\/wp-content\/uploads\/2026\/08\/Les-chefs-religieux.svg\" alt=\"\" class=\"wp-image-8470\"\/><figcaption class=\"wp-element-caption\">Les chefs religieux saluent le camarade ministre.<\/figcaption><\/figure>\n<\/figure>\n\n\n\n<div style=\"height:35px\" aria-hidden=\"true\" class=\"wp-block-spacer\"><\/div>\n\n\n\n<h3 class=\"wp-block-heading\">Quand la for\u00eat rencontre la ville<\/h3>\n\n\n\n<p class=\"wp-block-paragraph\">L\u2019une des particularit\u00e9s de Bangr-W\u00e9ogo r\u00e9side pr\u00e9cis\u00e9ment dans son emplacement.<\/p>\n\n\n\n<p class=\"wp-block-paragraph\">Alors que les espaces naturels sont g\u00e9n\u00e9ralement \u00e9loign\u00e9s des grandes zones urbaines, le parc permet aux habitants de la capitale d\u2019acc\u00e9der \u00e0 un environnement forestier sans quitter Ouagadougou.<\/p>\n\n\n\n<p class=\"wp-block-paragraph\">Cette proximit\u00e9 peut constituer un atout pour d\u00e9velopper davantage les activit\u00e9s de d\u00e9couverte de la nature, d\u2019\u00e9ducation environnementale et de tourisme urbain.<\/p>\n\n\n\n<p class=\"wp-block-paragraph\">Elle implique cependant une responsabilit\u00e9 importante :&nbsp;<strong>valoriser le site sans compromettre son \u00e9quilibre \u00e9cologique.<\/strong><\/p>\n\n\n\n<blockquote class=\"wp-block-quote has-text-align-center rs-post-quote-box is-layout-flow wp-block-quote-is-layout-flow\">\n<p class=\"wp-block-paragraph\">Nous sommes hautement satisfaits des dispositions d\u00e9j\u00e0 prises par les services comp\u00e9tents et comptons les renforcer davantage.<\/p>\n<cite>Le camarade ministre de la S\u00e9curit\u00e9,\u00a0<strong>Mahamadou SANA<\/strong><\/cite><\/blockquote>\n\n\n\n<h3 class=\"wp-block-heading\">Pourquoi c\u2019est important<\/h3>\n\n\n\n<p class=\"wp-block-paragraph\"><strong>Bangr-W\u00e9ogo n\u2019est pas seulement un espace de loisirs. C\u2019est aussi un patrimoine naturel situ\u00e9 au c\u0153ur de la capitale.<\/strong><\/p>\n\n\n\n<p class=\"wp-block-paragraph\">Sa protection contribue \u00e0 pr\u00e9server la biodiversit\u00e9 urbaine, tandis que sa valorisation peut offrir aux habitants un espace d\u2019\u00e9ducation environnementale, de d\u00e9couverte et de d\u00e9tente.<\/p>\n\n\n\n<p class=\"wp-block-paragraph\">L\u2019enjeu est donc de trouver un \u00e9quilibre entre&nbsp;<strong>s\u00e9curit\u00e9, fr\u00e9quentation, conservation de la biodiversit\u00e9 et d\u00e9veloppement d\u2019activit\u00e9s touristiques responsables<\/strong>.<\/p>\n\n\n\n<div style=\"height:14px\" aria-hidden=\"true\" class=\"wp-block-spacer\"><\/div>\n\n\n\n<figure class=\"wp-block-image size-full rs-img-rounded-sm\"><img decoding=\"async\" src=\"https:\/\/voirfaso.com\/wp-content\/uploads\/2026\/08\/Le-camarade-ministre-repond-aux-questions-de-la-presse-.svg\" alt=\"Le camarade ministre repond aux questions de la presse\" class=\"wp-image-8472\"\/><figcaption class=\"wp-element-caption\">Le camarade ministre r\u00e9pond aux questions de la presse<\/figcaption><\/figure>\n\n\n\n<div style=\"height:35px\" aria-hidden=\"true\" class=\"wp-block-spacer\"><\/div>\n\n\n\n<h3 class=\"wp-block-heading\">Une valorisation qui doit accompagner la protection<\/h3>\n\n\n\n<p class=\"wp-block-paragraph\">Pour que le potentiel touristique de Bangr-W\u00e9ogo puisse \u00eatre pleinement exploit\u00e9, les efforts de s\u00e9curit\u00e9 devront s\u2019accompagner d\u2019une politique durable de conservation et d\u2019am\u00e9nagement.<\/p>\n\n\n\n<p class=\"wp-block-paragraph\">La qualit\u00e9 des infrastructures d\u2019accueil, l\u2019information des visiteurs, la protection des esp\u00e8ces et l\u2019entretien du site seront autant d\u2019\u00e9l\u00e9ments d\u00e9terminants.<\/p>\n\n\n\n<p class=\"wp-block-paragraph\">\u00c0 terme, Bangr-W\u00e9ogo pourrait ainsi davantage s\u2019affirmer comme l\u2019un des espaces de&nbsp;<strong>tourisme et d\u2019\u00e9ducation environnementale de Ouagadougou<\/strong>, \u00e0 condition que sa valorisation reste compatible avec la pr\u00e9servation de son caract\u00e8re naturel.<\/p>\n\n\n\n<div style=\"height:20px\" aria-hidden=\"true\" class=\"wp-block-spacer\"><\/div>\n\n\n\n<figure class=\"wp-block-image size-full rs-img-rounded-sm\"><img decoding=\"async\" src=\"https:\/\/nerio.rstheme.com\/newspaper\/wp-content\/uploads\/sites\/2\/2025\/11\/ad-banner-thumb-001-1.png\" alt=\"\" class=\"wp-image-7057\"\/><\/figure>\n\n\n\n<div style=\"height:35px\" aria-hidden=\"true\" class=\"wp-block-spacer\"><\/div>\n\n\n\n<h3 class=\"wp-block-heading\">Un patrimoine \u00e0 prot\u00e9ger collectivement<\/h3>\n\n\n\n<p class=\"wp-block-paragraph\">La visite du ministre rappelle finalement que la protection de Bangr-W\u00e9ogo ne rel\u00e8ve pas uniquement des services charg\u00e9s de sa gestion.<\/p>\n\n\n\n<p class=\"wp-block-paragraph\">Elle concerne \u00e9galement les visiteurs et l\u2019ensemble des habitants de la capitale.<\/p>\n\n\n\n<p class=\"wp-block-paragraph\">Pr\u00e9server les espaces verts urbains, respecter les esp\u00e8ces et maintenir la propret\u00e9 du site sont autant de gestes qui permettent de garantir la p\u00e9rennit\u00e9 de ce patrimoine.<\/p>\n\n\n\n<p class=\"wp-block-paragraph\"><strong>\u00c0 Ouagadougou, Bangr-W\u00e9ogo repr\u00e9sente ainsi bien plus qu\u2019une for\u00eat au milieu de la ville : c\u2019est un espace naturel dont la s\u00e9curit\u00e9 et la pr\u00e9servation peuvent contribuer \u00e0 am\u00e9liorer le cadre de vie tout en ouvrant des perspectives pour le tourisme urbain.<\/strong><\/p>\n\n\n\n<p class=\"wp-block-paragraph\">Source : DCRP-MSECU \u2013 Article adapt\u00e9 et enrichi par la r\u00e9daction de VoirFaso.<\/p>\n\n\n\n<p class=\"wp-block-paragraph\"><\/p>","protected":false},"excerpt":{"rendered":"<p>Au c\u0153ur de Ouagadougou, le parc urbain Bangr-W\u00e9ogo constitue \u00e0 la fois un espace vert majeur, un refuge pour la biodiversit\u00e9 et un site \u00e0 potentiel touristique. Les autorit\u00e9s souhaitent renforcer sa s\u00e9curit\u00e9 tout en poursuivant sa pr\u00e9servation et sa valorisation.<\/p>","protected":false},"author":1,"featured_media":8468,"comment_status":"open","ping_status":"open","sticky":false,"template":"","format":"standard","meta":{"footnotes":""},"categories":[9,5],"tags":[120,45,48,144],"class_list":["post-2093","post","type-post","status-publish","format-standard","has-post-thumbnail","hentry","category-environnement","category-tourisme","tag-developpement-durable","tag-ouagadougou","tag-tourisme-burkina-faso","tag-voirfaso"],"_links":{"self":[{"href":"https:\/\/voirfaso.com\/fr\/wp-json\/wp\/v2\/posts\/2093","targetHints":{"allow":["GET"]}}],"collection":[{"href":"https:\/\/voirfaso.com\/fr\/wp-json\/wp\/v2\/posts"}],"about":[{"href":"https:\/\/voirfaso.com\/fr\/wp-json\/wp\/v2\/types\/post"}],"author":[{"embeddable":true,"href":"https:\/\/voirfaso.com\/fr\/wp-json\/wp\/v2\/users\/1"}],"replies":[{"embeddable":true,"href":"https:\/\/voirfaso.com\/fr\/wp-json\/wp\/v2\/comments?post=2093"}],"version-history":[{"count":15,"href":"https:\/\/voirfaso.com\/fr\/wp-json\/wp\/v2\/posts\/2093\/revisions"}],"predecessor-version":[{"id":8474,"href":"https:\/\/voirfaso.com\/fr\/wp-json\/wp\/v2\/posts\/2093\/revisions\/8474"}],"wp:featuredmedia":[{"embeddable":true,"href":"https:\/\/voirfaso.com\/fr\/wp-json\/wp\/v2\/media\/8468"}],"wp:attachment":[{"href":"https:\/\/voirfaso.com\/fr\/wp-json\/wp\/v2\/media?parent=2093"}],"wp:term":[{"taxonomy":"category","embeddable":true,"href":"https:\/\/voirfaso.com\/fr\/wp-json\/wp\/v2\/categories?post=2093"},{"taxonomy":"post_tag","embeddable":true,"href":"https:\/\/voirfaso.com\/fr\/wp-json\/wp\/v2\/tags?post=2093"}],"curies":[{"name":"wp","href":"https:\/\/api.w.org\/{rel}","templated":true}]}}