{"id":2094,"date":"2026-08-12T22:01:41","date_gmt":"2026-08-12T22:01:41","guid":{"rendered":"http:\/\/localhost:10034\/?p=2094"},"modified":"2026-08-12T22:59:59","modified_gmt":"2026-08-12T22:59:59","slug":"developpement-du-tourisme-et-de-lhotellerie-la-cdd-poursuit-sa-mission-dinformation-dans-le-djoro","status":"publish","type":"post","link":"https:\/\/voirfaso.com\/fr\/developpement-du-tourisme-et-de-lhotellerie-la-cdd-poursuit-sa-mission-dinformation-dans-le-djoro\/","title":{"rendered":"D\u00e9veloppement du tourisme et de l\u2019h\u00f4tellerie : la CDD poursuit sa mission d\u2019information dans le Dj\u00f4r\u00f4"},"content":{"rendered":"<p class=\"wp-block-paragraph\">En mission d\u2019information sur le tourisme interne et l\u2019h\u00f4tellerie, les membres de la Commission du d\u00e9veloppement durable (CDD) ont \u00e9chang\u00e9 avec les autorit\u00e9s de la r\u00e9gion du Dj\u00f4r\u00f4. Une \u00e9tape destin\u00e9e \u00e0 mieux cerner les r\u00e9alit\u00e9s locales avant les rencontres avec les professionnels et les visites de sites \u00e0 potentiel touristique.<\/p>\n\n\n\n<h2 class=\"wp-block-heading\">Une premi\u00e8re \u00e9tape aupr\u00e8s des autorit\u00e9s<\/h2>\n\n\n\n<p class=\"wp-block-paragraph\">La d\u00e9l\u00e9gation parlementaire a \u00e9t\u00e9 re\u00e7ue successivement par le&nbsp;<strong>chef de terre de Gaoua<\/strong>&nbsp;et le&nbsp;<strong>gouverneur de la r\u00e9gion du Dj\u00f4r\u00f4<\/strong>.<\/p>\n\n\n\n<p class=\"wp-block-paragraph\">Ces rencontres ont permis \u00e0 la CDD de pr\u00e9senter les objectifs de sa mission et de recueillir les premi\u00e8res appr\u00e9ciations des autorit\u00e9s sur la situation du tourisme dans la r\u00e9gion.<\/p>\n\n\n\n<p class=\"wp-block-paragraph\">Au-del\u00e0 des \u00e9changes protocolaires, les parlementaires cherchent notamment \u00e0 mieux comprendre les conditions dans lesquelles le tourisme et l\u2019h\u00f4tellerie peuvent contribuer davantage \u00e0 l\u2019\u00e9conomie locale.<\/p>\n\n\n\n<div style=\"height:14px\" aria-hidden=\"true\" class=\"wp-block-spacer\"><\/div>\n\n\n\n<figure class=\"wp-block-gallery has-nested-images columns-default is-cropped rs-img-rounded-sm wp-block-gallery-1 is-layout-flex wp-block-gallery-is-layout-flex\">\n<figure class=\"wp-block-image size-full\"><img decoding=\"async\" data-id=\"8131\" src=\"https:\/\/voirfaso.com\/wp-content\/uploads\/2026\/08\/Une-premiere-etape-aupres-des-autorites.svg\" alt=\"\" class=\"wp-image-8131\"\/><figcaption class=\"wp-element-caption\"> Les membres de la CDD \u00e9changent avec le Gouverneur de la r\u00e9gion du Dj\u00f4r\u00f4.<\/figcaption><\/figure>\n\n\n\n<figure class=\"wp-block-image size-full\"><img decoding=\"async\" data-id=\"8133\" src=\"https:\/\/voirfaso.com\/wp-content\/uploads\/2026\/08\/Du-diagnostic-aux-realites-du-terrain.svg\" alt=\"\" class=\"wp-image-8133\"\/><figcaption class=\"wp-element-caption\"> La mission parlementaire entend confronter les orientations nationales aux r\u00e9alit\u00e9s du terrain.<\/figcaption><\/figure>\n<\/figure>\n\n\n\n<div style=\"height:35px\" aria-hidden=\"true\" class=\"wp-block-spacer\"><\/div>\n\n\n\n<h3 class=\"wp-block-heading\">Du diagnostic aux r\u00e9alit\u00e9s du terrain<\/h3>\n\n\n\n<p class=\"wp-block-paragraph\">Apr\u00e8s cette premi\u00e8re prise de contact, la mission doit poursuivre ses travaux aupr\u00e8s des diff\u00e9rents acteurs du secteur.<\/p>\n\n\n\n<p class=\"wp-block-paragraph\">Les d\u00e9put\u00e9s pr\u00e9voient notamment des \u00e9changes avec les professionnels du tourisme et de l\u2019h\u00f4tellerie, ainsi que des visites de sites et de localit\u00e9s pr\u00e9sentant un potentiel touristique.<\/p>\n\n\n\n<p class=\"wp-block-paragraph\">Cette approche permettra de confronter les orientations nationales aux r\u00e9alit\u00e9s du terrain :&nbsp;<strong>offre d\u2019h\u00e9bergement, accessibilit\u00e9 des sites, valorisation du patrimoine, fr\u00e9quentation touristique, investissements et difficult\u00e9s rencontr\u00e9es par les acteurs.<\/strong><\/p>\n\n\n\n<h3 class=\"wp-block-heading\">Des recommandations attendues pour le Gouvernement<\/h3>\n\n\n\n<p class=\"wp-block-paragraph\">Les informations recueillies dans le Dj\u00f4r\u00f4 viendront alimenter le diagnostic de la Commission du d\u00e9veloppement durable.<\/p>\n\n\n\n<p class=\"wp-block-paragraph\">\u00c0 l\u2019issue de sa mission, la CDD entend formuler des recommandations \u00e0 l\u2019endroit du Gouvernement afin de contribuer \u00e0 une meilleure valorisation des potentialit\u00e9s touristiques du pays et au d\u00e9veloppement du tourisme interne.<\/p>\n\n\n\n<div style=\"height:14px\" aria-hidden=\"true\" class=\"wp-block-spacer\"><\/div>\n\n\n\n<figure class=\"wp-block-image size-full rs-img-rounded-sm\"><img decoding=\"async\" src=\"https:\/\/voirfaso.com\/wp-content\/uploads\/2026\/08\/Chef-de-terre-de-Gaoua-.svg\" alt=\"\" class=\"wp-image-8136\"\/><figcaption class=\"wp-element-caption\">Le chef de Gaoua rencontre la d\u00e9l\u00e9gation de parlementaires .<\/figcaption><\/figure>\n\n\n\n<div style=\"height:35px\" aria-hidden=\"true\" class=\"wp-block-spacer\"><\/div>\n\n\n\n<h3 class=\"wp-block-heading\">Pourquoi c\u2019est important ?<\/h3>\n\n\n\n<p class=\"wp-block-paragraph\">Le tourisme interne ne repose pas uniquement sur la promotion des destinations. Il n\u00e9cessite \u00e9galement des&nbsp;<strong>infrastructures adapt\u00e9es, des \u00e9tablissements d\u2019h\u00e9bergement de qualit\u00e9, des sites accessibles et des acteurs mieux accompagn\u00e9s<\/strong>.<\/p>\n\n\n\n<p class=\"wp-block-paragraph\">La mission de la CDD intervient ainsi \u00e0 un moment o\u00f9 le Burkina Faso cherche \u00e0 renforcer son offre touristique nationale et \u00e0 faire davantage du tourisme un levier de d\u00e9veloppement \u00e9conomique local.<\/p>\n\n\n\n<figure class=\"wp-block-image size-full rs-img-rounded-sm\"><img decoding=\"async\" src=\"https:\/\/nerio.rstheme.com\/newspaper\/wp-content\/uploads\/sites\/2\/2025\/11\/ad-banner-thumb-001-1.png\" alt=\"\" class=\"wp-image-7057\"\/><\/figure>\n\n\n\n<div style=\"height:35px\" aria-hidden=\"true\" class=\"wp-block-spacer\"><\/div>\n\n\n\n<p class=\"wp-block-paragraph\"><strong>Source :<\/strong>&nbsp;Commission du d\u00e9veloppement durable \u2013 Assembl\u00e9e l\u00e9gislative.&nbsp;<strong>Article adapt\u00e9 et enrichi par la r\u00e9daction de VoirFaso.<\/strong><\/p>","protected":false},"excerpt":{"rendered":"<p>La Commission du d\u00e9veloppement durable poursuit sa mission d\u2019information dans le Dj\u00f4r\u00f4 pour identifier les d\u00e9fis et potentialit\u00e9s du tourisme interne et de l\u2019h\u00f4tellerie<\/p>","protected":false},"author":1,"featured_media":8130,"comment_status":"open","ping_status":"open","sticky":false,"template":"","format":"standard","meta":{"footnotes":""},"categories":[5],"tags":[258,260,259,257,180,173,250,48,52,210],"class_list":["post-2094","post","type-post","status-publish","format-standard","has-post-thumbnail","hentry","category-tourisme","tag-cdd","tag-developpement-touristique","tag-djoro","tag-gaoua","tag-hotellerie","tag-investissement-touristique","tag-patrimoine-touristique","tag-tourisme-burkina-faso","tag-tourisme-interne","tag-tourisme-local"],"_links":{"self":[{"href":"https:\/\/voirfaso.com\/fr\/wp-json\/wp\/v2\/posts\/2094","targetHints":{"allow":["GET"]}}],"collection":[{"href":"https:\/\/voirfaso.com\/fr\/wp-json\/wp\/v2\/posts"}],"about":[{"href":"https:\/\/voirfaso.com\/fr\/wp-json\/wp\/v2\/types\/post"}],"author":[{"embeddable":true,"href":"https:\/\/voirfaso.com\/fr\/wp-json\/wp\/v2\/users\/1"}],"replies":[{"embeddable":true,"href":"https:\/\/voirfaso.com\/fr\/wp-json\/wp\/v2\/comments?post=2094"}],"version-history":[{"count":12,"href":"https:\/\/voirfaso.com\/fr\/wp-json\/wp\/v2\/posts\/2094\/revisions"}],"predecessor-version":[{"id":8139,"href":"https:\/\/voirfaso.com\/fr\/wp-json\/wp\/v2\/posts\/2094\/revisions\/8139"}],"wp:featuredmedia":[{"embeddable":true,"href":"https:\/\/voirfaso.com\/fr\/wp-json\/wp\/v2\/media\/8130"}],"wp:attachment":[{"href":"https:\/\/voirfaso.com\/fr\/wp-json\/wp\/v2\/media?parent=2094"}],"wp:term":[{"taxonomy":"category","embeddable":true,"href":"https:\/\/voirfaso.com\/fr\/wp-json\/wp\/v2\/categories?post=2094"},{"taxonomy":"post_tag","embeddable":true,"href":"https:\/\/voirfaso.com\/fr\/wp-json\/wp\/v2\/tags?post=2094"}],"curies":[{"name":"wp","href":"https:\/\/api.w.org\/{rel}","templated":true}]}}