{"id":2095,"date":"2026-07-30T10:12:00","date_gmt":"2026-07-30T10:12:00","guid":{"rendered":"http:\/\/localhost:10034\/?p=2095"},"modified":"2026-08-02T02:31:44","modified_gmt":"2026-08-02T02:31:44","slug":"cbc-sensibilisation-transport-inter-etats-bobo","status":"publish","type":"post","link":"https:\/\/voirfaso.com\/fr\/cbc-sensibilisation-transport-inter-etats-bobo\/","title":{"rendered":"Transport inter-\u00c9tats : le CBC renforce la sensibilisation des acteurs \u00e0 Bobo-Dioulasso"},"content":{"rendered":"<p class=\"wp-block-paragraph\">Le respect de la r\u00e9glementation constitue un enjeu majeur pour la fluidit\u00e9 des \u00e9changes commerciaux et la comp\u00e9titivit\u00e9 du transport routier. \u00c0 Bobo-Dioulasso, le Conseil Burkinab\u00e8 des Chargeurs (CBC) a r\u00e9uni les principaux acteurs de la cha\u00eene logistique afin de renforcer leur connaissance des r\u00e8gles qui encadrent le transport inter-\u00c9tats de marchandises<\/p>\n\n\n\n<div style=\"height:14px\" aria-hidden=\"true\" class=\"wp-block-spacer\"><\/div>\n\n\n\n<figure class=\"wp-block-gallery has-nested-images columns-default is-cropped rs-img-rounded-sm wp-block-gallery-1 is-layout-flex wp-block-gallery-is-layout-flex\">\n<figure class=\"wp-block-image size-full\"><img decoding=\"async\" data-id=\"7633\" src=\"https:\/\/voirfaso.com\/wp-content\/uploads\/2026\/07\/Science-Website-in-Dark-Brown-Grey-Image-Led-Style-33.svg\" alt=\"Une responsable du CBC s\u2019adresse aux participants lors de la c\u00e9r\u00e9monie d\u2019ouverture.\" class=\"wp-image-7633\"\/><figcaption class=\"wp-element-caption\">La Camarade Directrice G\u00e9n\u00e9rale du CBC, Denise BADO\/BOUDA, rappelle l\u2019importance d\u2019une logistique conforme aux textes en vigueur.<\/figcaption><\/figure>\n\n\n\n<figure class=\"wp-block-image size-full\"><img decoding=\"async\" data-id=\"7635\" src=\"https:\/\/voirfaso.com\/wp-content\/uploads\/2026\/07\/Science-Website-in-Dark-Brown-Grey-Image-Led-Style-34.svg\" alt=\"Les participants assistent aux communications techniques anim\u00e9es par les experts du secteur.\" class=\"wp-image-7635\"\/><figcaption class=\"wp-element-caption\"> Les communications portent sur les r\u00e8gles qui encadrent le transport inter-\u00c9tats.<\/figcaption><\/figure>\n<\/figure>\n\n\n\n<div style=\"height:35px\" aria-hidden=\"true\" class=\"wp-block-spacer\"><\/div>\n\n\n\n<h3 class=\"wp-block-heading\">Une r\u00e9glementation au service d\u2019un transport plus performant<\/h3>\n\n\n\n<blockquote class=\"wp-block-quote has-text-align-center rs-post-quote-box is-layout-flow wp-block-quote-is-layout-flow\">\n<p class=\"wp-block-paragraph\">Cette rencontre s\u2019inscrit dans la continuit\u00e9 de la campagne nationale lanc\u00e9e par le CBC apr\u00e8s les \u00e9tapes de Dakola et de Cinkans\u00e9. Elle a rassembl\u00e9 chargeurs, transporteurs, conducteurs routiers, services de contr\u00f4le, organisations professionnelles et m\u00e9dias autour du th\u00e8me :&nbsp;<strong>\u00ab Importance du respect de la r\u00e9glementation du transport inter-\u00c9tats : r\u00f4le des acteurs \u00bb<\/strong>.<\/p>\n\n\n\n<p class=\"wp-block-paragraph\">Dans son intervention, la Directrice g\u00e9n\u00e9rale du CBC a rappel\u00e9 que le respect des textes communautaires et nationaux constitue un levier de comp\u00e9titivit\u00e9, favorisant un transport plus s\u00fbr, plus fluide et plus efficace au b\u00e9n\u00e9fice des chargeurs burkinab\u00e8.<\/p>\n<\/blockquote>\n\n\n\n<h3 class=\"wp-block-heading\">Des \u00e9changes ax\u00e9s sur les d\u00e9fis du secteur<\/h3>\n\n\n\n<p class=\"wp-block-paragraph\">Les experts du CBC, de la Direction g\u00e9n\u00e9rale des Transports terrestres et maritimes (DGTTM) et de l\u2019Office national de la S\u00e9curit\u00e9 routi\u00e8re (ONASER) ont anim\u00e9 plusieurs communications sur les contr\u00f4les routiers, la gestion du fret, les charges \u00e0 l\u2019essieu, les proc\u00e9dures administratives, les permis de conduire, les cartes grises et les bonnes pratiques visant \u00e0 am\u00e9liorer la s\u00e9curit\u00e9 et la performance du transport routier.<\/p>\n\n\n\n<p class=\"wp-block-paragraph\">Les autorit\u00e9s ont invit\u00e9 les diff\u00e9rents acteurs \u00e0 mettre en application les enseignements issus de cette session afin de renforcer durablement la gouvernance de la cha\u00eene logistique.<\/p>\n\n\n\n<div style=\"height:14px\" aria-hidden=\"true\" class=\"wp-block-spacer\"><\/div>\n\n\n\n<figure class=\"wp-block-image size-full rs-img-rounded-sm\"><img decoding=\"async\" src=\"https:\/\/voirfaso.com\/wp-content\/uploads\/2026\/07\/Science-Website-in-Dark-Brown-Grey-Image-Led-Style-35.svg\" alt=\"Les responsables du CBC, les autorit\u00e9s et les participants posent pour une photo de famille \u00e0 la fin de la s\u00e9ance de sensibilisation \u00e0 Bobo-Dioulasso.\" class=\"wp-image-7641\"\/><figcaption class=\"wp-element-caption\">Les participants immortalisent la fin de la campagne de sensibilisation par une photo de famille.<\/figcaption><\/figure>\n\n\n\n<div style=\"height:35px\" aria-hidden=\"true\" class=\"wp-block-spacer\"><\/div>\n\n\n\n<p class=\"wp-block-paragraph\">\u00c0 travers cette campagne nationale, le Conseil Burkinab\u00e8 des Chargeurs entend promouvoir une meilleure connaissance de la r\u00e9glementation et encourager son application par l\u2019ensemble des acteurs. Cette d\u00e9marche vise \u00e0 renforcer la s\u00e9curit\u00e9 routi\u00e8re, pr\u00e9server les infrastructures de transport et am\u00e9liorer la fluidit\u00e9 des \u00e9changes sur les corridors desservant le Burkina Faso.<\/p>\n\n\n\n<div style=\"height:20px\" aria-hidden=\"true\" class=\"wp-block-spacer\"><\/div>\n\n\n\n<figure class=\"wp-block-image size-full rs-img-rounded-sm\"><img decoding=\"async\" src=\"https:\/\/nerio.rstheme.com\/newspaper\/wp-content\/uploads\/sites\/2\/2025\/11\/ad-banner-thumb-001-1.png\" alt=\"\" class=\"wp-image-7057\"\/><\/figure>\n\n\n\n<div style=\"height:35px\" aria-hidden=\"true\" class=\"wp-block-spacer\"><\/div>\n\n\n\n<p class=\"wp-block-paragraph\"><strong>Source :<\/strong>\u00a0Direction de la Communication du Conseil Burkinab\u00e8 des Chargeurs (CBC).<\/p>\n\n\n\n<p class=\"wp-block-paragraph\"><em>Article adapt\u00e9 et enrichi par la r\u00e9daction de Voir Faso.<\/em><\/p>\n\n\n\n<p class=\"wp-block-paragraph\"><\/p>","protected":false},"excerpt":{"rendered":"<p>Le Conseil Burkinab\u00e8 des Chargeurs (CBC) poursuit sa campagne nationale de sensibilisation sur la r\u00e9glementation du transport routier inter-\u00c9tats de marchandises. Apr\u00e8s Dakola et Cinkans\u00e9, l\u2019\u00e9tape de Bobo-Dioulasso a r\u00e9uni les principaux acteurs du secteur afin de promouvoir une meilleure application des textes et de renforcer la comp\u00e9titivit\u00e9 de la cha\u00eene logistique burkinab\u00e8.<\/p>","protected":false},"author":1,"featured_media":7628,"comment_status":"open","ping_status":"open","sticky":false,"template":"","format":"standard","meta":{"footnotes":""},"categories":[4],"tags":[79,43,80,64,75,57,69,73,76,77,74],"class_list":["post-2095","post","type-post","status-publish","format-standard","has-post-thumbnail","hentry","category-transport-mobilite","tag-bobo-dioulasso-region-du-guiriko","tag-burkina-faso","tag-cbc-2","tag-conseil-burkinabe-des-chargeurs","tag-corridors-de-transport","tag-dgttm","tag-logistique","tag-onaser","tag-reglementation-des-transports","tag-securite-routiere","tag-transport-routier-inter-etats"],"_links":{"self":[{"href":"https:\/\/voirfaso.com\/fr\/wp-json\/wp\/v2\/posts\/2095","targetHints":{"allow":["GET"]}}],"collection":[{"href":"https:\/\/voirfaso.com\/fr\/wp-json\/wp\/v2\/posts"}],"about":[{"href":"https:\/\/voirfaso.com\/fr\/wp-json\/wp\/v2\/types\/post"}],"author":[{"embeddable":true,"href":"https:\/\/voirfaso.com\/fr\/wp-json\/wp\/v2\/users\/1"}],"replies":[{"embeddable":true,"href":"https:\/\/voirfaso.com\/fr\/wp-json\/wp\/v2\/comments?post=2095"}],"version-history":[{"count":10,"href":"https:\/\/voirfaso.com\/fr\/wp-json\/wp\/v2\/posts\/2095\/revisions"}],"predecessor-version":[{"id":7646,"href":"https:\/\/voirfaso.com\/fr\/wp-json\/wp\/v2\/posts\/2095\/revisions\/7646"}],"wp:featuredmedia":[{"embeddable":true,"href":"https:\/\/voirfaso.com\/fr\/wp-json\/wp\/v2\/media\/7628"}],"wp:attachment":[{"href":"https:\/\/voirfaso.com\/fr\/wp-json\/wp\/v2\/media?parent=2095"}],"wp:term":[{"taxonomy":"category","embeddable":true,"href":"https:\/\/voirfaso.com\/fr\/wp-json\/wp\/v2\/categories?post=2095"},{"taxonomy":"post_tag","embeddable":true,"href":"https:\/\/voirfaso.com\/fr\/wp-json\/wp\/v2\/tags?post=2095"}],"curies":[{"name":"wp","href":"https:\/\/api.w.org\/{rel}","templated":true}]}}