{"id":2096,"date":"2026-05-09T10:13:00","date_gmt":"2026-05-09T10:13:00","guid":{"rendered":"http:\/\/localhost:10034\/?p=2096"},"modified":"2026-08-07T16:53:52","modified_gmt":"2026-08-07T16:53:52","slug":"nazinga-le-burkina-faso-et-le-pnud-unissent-leurs-efforts-pour-relancer-le-tourisme-faunique","status":"publish","type":"post","link":"https:\/\/voirfaso.com\/fr\/nazinga-le-burkina-faso-et-le-pnud-unissent-leurs-efforts-pour-relancer-le-tourisme-faunique\/","title":{"rendered":"Nazinga : le Burkina Faso et le PNUD unissent leurs efforts pour relancer le tourisme faunique"},"content":{"rendered":"<p class=\"wp-block-paragraph\">Le\u00a0<strong>Ranch de Gibier de Nazinga<\/strong>\u00a0retrouve progressivement sa vocation de destination majeure de l\u2019\u00e9cotourisme au Burkina Faso. \u00c0 l\u2019occasion d\u2019une visite gouvernementale dans le complexe \u00e9cologique\u00a0<strong>P\u00f4\u2013Nazinga\u2013Sissili (PONASI)<\/strong>, les autorit\u00e9s burkinab\u00e8 et le\u00a0<strong>Programme des Nations Unies pour le d\u00e9veloppement (PNUD)<\/strong>\u00a0ont r\u00e9affirm\u00e9 leur volont\u00e9 commune de faire de ce patrimoine naturel un moteur de d\u00e9veloppement durable.<\/p>\n\n\n\n<p class=\"wp-block-paragraph\">La mission a r\u00e9uni le\u00a0<strong>ministre de la S\u00e9curit\u00e9, charg\u00e9 des Eaux et For\u00eats, le Commissaire divisionnaire de Police Mahamadou Sana<\/strong>, le\u00a0<strong>Secr\u00e9taire g\u00e9n\u00e9ral du Gouvernement et du Conseil des ministres, Ousmane Ouattara<\/strong>, ainsi que le\u00a0<strong>Repr\u00e9sentant r\u00e9sident du PNUD au Burkina Faso, Snehal Soneji<\/strong>.<\/p>\n\n\n\n<h2 class=\"wp-block-heading\">Une mission pour constater le retour de la s\u00e9r\u00e9nit\u00e9<\/h2>\n\n\n\n<p class=\"wp-block-paragraph\">La visite a permis aux autorit\u00e9s de mesurer les progr\u00e8s r\u00e9alis\u00e9s dans cette aire prot\u00e9g\u00e9e, autrefois confront\u00e9e \u00e0 des d\u00e9fis s\u00e9curitaires.<\/p>\n\n\n\n<p class=\"wp-block-paragraph\">Les \u00e9changes ont port\u00e9 sur plusieurs objectifs :<\/p>\n\n\n\n<ul class=\"wp-block-list\">\n<li>constater le retour progressif de la s\u00e9curit\u00e9 dans le complexe PONASI ;<\/li>\n\n\n\n<li>encourager les \u00e9quipes engag\u00e9es sur le terrain ;<\/li>\n\n\n\n<li>suivre les activit\u00e9s de conservation en cours ;<\/li>\n\n\n\n<li>Identifier les actions prioritaires pour relancer durablement le Ranch de Nazinga.<\/li>\n<\/ul>\n\n\n\n<div style=\"height:14px\" aria-hidden=\"true\" class=\"wp-block-spacer\"><\/div>\n\n\n\n<figure class=\"wp-block-gallery has-nested-images columns-default is-cropped rs-img-rounded-sm wp-block-gallery-1 is-layout-flex wp-block-gallery-is-layout-flex\">\n<figure class=\"wp-block-image size-full\"><img decoding=\"async\" data-id=\"7946\" src=\"https:\/\/voirfaso.com\/wp-content\/uploads\/2026\/05\/Une-biodiversite-exceptionnelle.svg\" alt=\"\u00c9l\u00e9phants dans le Ranch de Gibier de Nazinga.\" class=\"wp-image-7946\"\/><figcaption class=\"wp-element-caption\">Nazinga demeure l\u2019un des principaux sanctuaires de la faune sauvage au Burkina Faso.<\/figcaption><\/figure>\n\n\n\n<figure class=\"wp-block-image size-full\"><img decoding=\"async\" data-id=\"7949\" src=\"https:\/\/voirfaso.com\/wp-content\/uploads\/2026\/05\/Les-agents-forestiers-au-coeur-de-la-conservation.svg\" alt=\"Acteurs locaux participant aux actions de conservation dans le complexe PONASI.\" class=\"wp-image-7949\"\/><figcaption class=\"wp-element-caption\">Les communaut\u00e9s locales jouent un r\u00f4le essentiel dans la gestion durable des ressources naturelles.<\/figcaption><\/figure>\n<\/figure>\n\n\n\n<div style=\"height:35px\" aria-hidden=\"true\" class=\"wp-block-spacer\"><\/div>\n\n\n\n<h3 class=\"wp-block-heading\">Nazinga, un patrimoine naturel \u00e0 revaloriser<\/h3>\n\n\n\n<p class=\"wp-block-paragraph\">R\u00e9f\u00e9rence de l\u2019\u00e9cotourisme au Burkina Faso et en Afrique de l\u2019Ouest, le Ranch de Gibier de Nazinga poss\u00e8de un important potentiel en mati\u00e8re d\u2019observation de la faune sauvage, de recherche scientifique et de tourisme durable.<\/p>\n\n\n\n<p class=\"wp-block-paragraph\">\u00c0 l\u2019issue de la visite, le ministre Mahamadou Sana a salu\u00e9 l\u2019engagement du PNUD, qualifi\u00e9 de&nbsp;<strong>\u00ab partenaire strat\u00e9gique \u00bb<\/strong>, dans les efforts de renforcement de la gouvernance des ressources naturelles, de la s\u00e9curit\u00e9 et de la r\u00e9silience des territoires.<\/p>\n\n\n\n<p class=\"wp-block-paragraph\">Le Repr\u00e9sentant r\u00e9sident du PNUD, Snehal Soneji, a pour sa part r\u00e9affirm\u00e9 la volont\u00e9 de son institution d\u2019accompagner le Gouvernement dans la revalorisation de ce site embl\u00e9matique.<\/p>\n\n\n\n<blockquote class=\"wp-block-quote has-text-align-center rs-post-quote-box is-layout-flow wp-block-quote-is-layout-flow\">\n<p class=\"wp-block-paragraph\"><strong>Le PNUD est un partenaire strat\u00e9gique pour renforcer la gouvernance des ressources naturelles, la s\u00e9curit\u00e9 et la r\u00e9silience des territoires, tout en produisant de la richesse pour le pays.\u00a0<\/strong><\/p>\n<cite>Commissaire divisionnaire de Police Mahamadou Sana, ministre de la S\u00e9curit\u00e9, charg\u00e9 des Eaux et For\u00eats<\/cite><\/blockquote>\n\n\n\n<h3 class=\"wp-block-heading\">Le projet PONASI au service de la biodiversit\u00e9 et des communaut\u00e9s<\/h3>\n\n\n\n<p class=\"wp-block-paragraph\">Depuis\u00a0<strong>2023<\/strong>, le PNUD, avec l\u2019appui du\u00a0<strong>Fonds pour l\u2019environnement mondial (FEM)<\/strong>\u00a0et du gouvernement burkinab\u00e8, met en \u0153uvre le\u00a0<strong>Projet de gestion int\u00e9gr\u00e9e et durable du paysage de l\u2019aire prot\u00e9g\u00e9e du complexe PONASI<\/strong>.<\/p>\n\n\n\n<p class=\"wp-block-paragraph\">Ce programme couvre plus de&nbsp;<strong>320 000 hectares<\/strong>&nbsp;et vise notamment \u00e0 :<\/p>\n\n\n\n<ul class=\"wp-block-list\">\n<li>renforcer la conservation de la biodiversit\u00e9 ;<\/li>\n\n\n\n<li>lutter contre le braconnage ;<\/li>\n\n\n\n<li>am\u00e9liorer la gestion durable des ressources naturelles ;<\/li>\n\n\n\n<li>Diversifier les sources de revenus des communaut\u00e9s locales.<\/li>\n<\/ul>\n\n\n\n<p class=\"wp-block-paragraph\">Les premiers r\u00e9sultats enregistr\u00e9s t\u00e9moignent d\u2019une dynamique encourageante pour la protection de la faune et le d\u00e9veloppement \u00e9conomique des populations riveraines.<\/p>\n\n\n\n<div style=\"height:14px\" aria-hidden=\"true\" class=\"wp-block-spacer\"><\/div>\n\n\n\n<figure class=\"wp-block-image size-full rs-img-rounded-sm\"><img fetchpriority=\"high\" decoding=\"async\" width=\"2048\" height=\"1208\" src=\"https:\/\/voirfaso.com\/wp-content\/uploads\/2026\/05\/Lavenir-du-tourisme-faunique.jpg\" alt=\"Visiteurs observant les animaux au Ranch de Nazinga.\" class=\"wp-image-7951\" srcset=\"https:\/\/voirfaso.com\/wp-content\/uploads\/2026\/05\/Lavenir-du-tourisme-faunique.jpg 2048w, https:\/\/voirfaso.com\/wp-content\/uploads\/2026\/05\/Lavenir-du-tourisme-faunique-600x354.jpg 600w, https:\/\/voirfaso.com\/wp-content\/uploads\/2026\/05\/Lavenir-du-tourisme-faunique-300x177.jpg 300w, https:\/\/voirfaso.com\/wp-content\/uploads\/2026\/05\/Lavenir-du-tourisme-faunique-1024x604.jpg 1024w, https:\/\/voirfaso.com\/wp-content\/uploads\/2026\/05\/Lavenir-du-tourisme-faunique-768x453.jpg 768w, https:\/\/voirfaso.com\/wp-content\/uploads\/2026\/05\/Lavenir-du-tourisme-faunique-1536x906.jpg 1536w\" sizes=\"(max-width: 2048px) 100vw, 2048px\" \/><figcaption class=\"wp-element-caption\"> La relance de Nazinga vise \u00e0 faire du site une destination incontournable de l\u2019\u00e9cotourisme en Afrique de l\u2019Ouest.<\/figcaption><\/figure>\n\n\n\n<h3 class=\"wp-block-heading\">L\u2019\u00e9cotourisme, un levier de d\u00e9veloppement<\/h3>\n\n\n\n<p class=\"wp-block-paragraph\">Au-del\u00e0 de la pr\u00e9servation des \u00e9cosyst\u00e8mes, la relance de Nazinga repr\u00e9sente un enjeu \u00e9conomique majeur.<\/p>\n\n\n\n<p class=\"wp-block-paragraph\">Le d\u00e9veloppement du tourisme faunique pourrait favoriser la cr\u00e9ation d\u2019emplois, soutenir les activit\u00e9s des guides, des h\u00e9bergements, de l\u2019artisanat et des services touristiques, tout en renfor\u00e7ant l\u2019attractivit\u00e9 du Burkina Faso comme destination d\u2019\u00e9cotourisme.<\/p>\n\n\n\n<figure class=\"wp-block-image size-full rs-img-rounded-sm\"><img decoding=\"async\" src=\"https:\/\/nerio.rstheme.com\/newspaper\/wp-content\/uploads\/sites\/2\/2025\/11\/ad-banner-thumb-001-1.png\" alt=\"\" class=\"wp-image-7057\"\/><\/figure>\n\n\n\n<p class=\"wp-block-paragraph\">Le retour progressif de la s\u00e9curit\u00e9 dans le complexe PONASI ouvre de nouvelles perspectives pour le Ranch de Nazinga. En associant la conservation de la biodiversit\u00e9, le d\u00e9veloppement local et la coop\u00e9ration internationale, ce partenariat entre le gouvernement et le PNUD peut contribuer \u00e0 redonner au Burkina Faso une place de choix parmi les destinations d\u2019\u00e9cotourisme en Afrique de l\u2019Ouest.<\/p>\n\n\n\n<p class=\"wp-block-paragraph\">La visite conjointe du Gouvernement burkinab\u00e8 et du PNUD marque une nouvelle \u00e9tape dans la relance du Ranch de Gibier de Nazinga. Au-del\u00e0 des actions de conservation, cette dynamique traduit une ambition plus large : faire de ce patrimoine naturel un levier de d\u00e9veloppement \u00e9conomique, de cr\u00e9ation d\u2019emplois et de valorisation du tourisme durable. Si les investissements et les efforts de s\u00e9curisation se poursuivent, Nazinga pourrait retrouver pleinement son statut de fleuron de la biodiversit\u00e9 et de l\u2019\u00e9cotourisme au Burkina Faso.<\/p>\n\n\n\n<p class=\"wp-block-paragraph\"><strong>Source:<\/strong>\u00a0PNUD Burkina Faso. \u2013\u00a0<strong>Article adapt\u00e9, enrichi et optimis\u00e9 pour le web par la r\u00e9daction de VoirFaso.<\/strong>.<\/p>","protected":false},"excerpt":{"rendered":"<p>Le Burkina Faso et le Programme des Nations unies pour le d\u00e9veloppement (PNUD) renforcent leur partenariat pour redonner au Ranch de Gibier de Nazinga sa place de r\u00e9f\u00e9rence en mati\u00e8re de tourisme faunique. Une mission gouvernementale a permis d\u2019\u00e9valuer les progr\u00e8s enregistr\u00e9s et de r\u00e9affirmer les engagements en faveur de la conservation, de la s\u00e9curit\u00e9 et du d\u00e9veloppement local.<\/p>","protected":false},"author":1,"featured_media":7942,"comment_status":"open","ping_status":"open","sticky":false,"template":"","format":"standard","meta":{"footnotes":""},"categories":[11,9,8],"tags":[195,197,43,120,191,200,196,199,190,201,202,144],"class_list":["post-2096","post","type-post","status-publish","format-standard","has-post-thumbnail","hentry","category-ecotourisme","category-environnement","category-patrimoine-naturel","tag-aires-protegees","tag-biodiversite","tag-burkina-faso","tag-developpement-durable","tag-ecotourisme","tag-mahamadou-sana","tag-nazinga","tag-pnud-burkina-faso","tag-ponasi","tag-snehal-soneji","tag-tourisme-faunique","tag-voirfaso"],"_links":{"self":[{"href":"https:\/\/voirfaso.com\/fr\/wp-json\/wp\/v2\/posts\/2096","targetHints":{"allow":["GET"]}}],"collection":[{"href":"https:\/\/voirfaso.com\/fr\/wp-json\/wp\/v2\/posts"}],"about":[{"href":"https:\/\/voirfaso.com\/fr\/wp-json\/wp\/v2\/types\/post"}],"author":[{"embeddable":true,"href":"https:\/\/voirfaso.com\/fr\/wp-json\/wp\/v2\/users\/1"}],"replies":[{"embeddable":true,"href":"https:\/\/voirfaso.com\/fr\/wp-json\/wp\/v2\/comments?post=2096"}],"version-history":[{"count":6,"href":"https:\/\/voirfaso.com\/fr\/wp-json\/wp\/v2\/posts\/2096\/revisions"}],"predecessor-version":[{"id":7952,"href":"https:\/\/voirfaso.com\/fr\/wp-json\/wp\/v2\/posts\/2096\/revisions\/7952"}],"wp:featuredmedia":[{"embeddable":true,"href":"https:\/\/voirfaso.com\/fr\/wp-json\/wp\/v2\/media\/7942"}],"wp:attachment":[{"href":"https:\/\/voirfaso.com\/fr\/wp-json\/wp\/v2\/media?parent=2096"}],"wp:term":[{"taxonomy":"category","embeddable":true,"href":"https:\/\/voirfaso.com\/fr\/wp-json\/wp\/v2\/categories?post=2096"},{"taxonomy":"post_tag","embeddable":true,"href":"https:\/\/voirfaso.com\/fr\/wp-json\/wp\/v2\/tags?post=2096"}],"curies":[{"name":"wp","href":"https:\/\/api.w.org\/{rel}","templated":true}]}}