{"id":2129,"date":"2026-08-09T13:53:56","date_gmt":"2026-08-09T13:53:56","guid":{"rendered":"http:\/\/localhost:10034\/?p=2129"},"modified":"2026-08-09T14:33:24","modified_gmt":"2026-08-09T14:33:24","slug":"les-deputes-interrogent-le-gouvernement-sur-les-defis-du-secteur-au-burkina-faso","status":"publish","type":"post","link":"https:\/\/voirfaso.com\/fr\/les-deputes-interrogent-le-gouvernement-sur-les-defis-du-secteur-au-burkina-faso\/","title":{"rendered":"Les d\u00e9put\u00e9s interrogent le gouvernement sur les d\u00e9fis du secteur au Burkina Faso"},"content":{"rendered":"<p class=\"wp-block-paragraph\">La Commission du d\u00e9veloppement durable de l\u2019Assembl\u00e9e l\u00e9gislative de transition poursuit sa mission d\u2019information sur le tourisme interne et l\u2019h\u00f4tellerie. Vendredi 7 ao\u00fbt 2026, ses membres ont \u00e9chang\u00e9 avec le ministre de la Communication, de la Culture, des Arts et du Tourisme, Pingdwend\u00e9 Gilbert Ou\u00e9draogo, autour de la situation du secteur, de sa relance et des investissements n\u00e9cessaires \u00e0 son d\u00e9veloppement<\/p>\n\n\n\n<h3 class=\"wp-block-heading\">Un secteur encore marqu\u00e9 par les crises<\/h3>\n\n\n\n<p class=\"wp-block-paragraph\">Le tourisme burkinab\u00e8 sort progressivement d\u2019une p\u00e9riode particuli\u00e8rement difficile. La crise s\u00e9curitaire et la pand\u00e9mie de Covid-19 ont fortement affect\u00e9 la fr\u00e9quentation des sites touristiques ainsi que l\u2019activit\u00e9 des \u00e9tablissements d\u2019h\u00e9bergement.<\/p>\n\n\n\n<p class=\"wp-block-paragraph\">Face \u00e0 cette situation, le Gouvernement entend d\u00e9sormais acc\u00e9l\u00e9rer la relance du secteur en s\u2019appuyant notamment sur le&nbsp;<strong>tourisme interne<\/strong>, consid\u00e9r\u00e9 comme un levier important pour maintenir l\u2019activit\u00e9 touristique et stimuler l\u2019\u00e9conomie locale.<\/p>\n\n\n\n<p class=\"wp-block-paragraph\">Selon les \u00e9l\u00e9ments pr\u00e9sent\u00e9s lors de la rencontre, une reprise progressive de la fr\u00e9quentation des sites et des \u00e9tablissements d\u2019h\u00e9bergement est d\u00e9j\u00e0 observ\u00e9e.<\/p>\n\n\n\n<h3 class=\"wp-block-heading\">Le tourisme interne au c\u0153ur de la strat\u00e9gie de relance<\/h3>\n\n\n\n<p class=\"wp-block-paragraph\">La&nbsp;<strong>Grande Saison du Tourisme Interne<\/strong>&nbsp;figure parmi les principales initiatives mises en avant pour encourager les Burkinab\u00e8 \u00e0 d\u00e9couvrir leur propre pays.<\/p>\n\n\n\n<p class=\"wp-block-paragraph\">La strat\u00e9gie repose \u00e9galement sur la promotion de nouvelles destinations, le d\u00e9veloppement de partenariats avec les collectivit\u00e9s territoriales et les op\u00e9rateurs priv\u00e9s, ainsi que sur une communication renforc\u00e9e autour de la destination Burkina Faso.<\/p>\n\n\n\n<p class=\"wp-block-paragraph\">L\u2019enjeu est double :&nbsp;<strong>redonner vie \u00e0 l\u2019activit\u00e9 touristique et faire davantage profiter les territoires des retomb\u00e9es \u00e9conomiques li\u00e9es aux d\u00e9placements des visiteurs.<\/strong><\/p>\n\n\n\n<figure class=\"wp-block-gallery has-nested-images columns-default is-cropped rs-img-rounded-sm wp-block-gallery-1 is-layout-flex wp-block-gallery-is-layout-flex\">\n<figure class=\"wp-block-image size-full\"><img decoding=\"async\" data-id=\"8070\" src=\"https:\/\/voirfaso.com\/wp-content\/uploads\/2026\/08\/Une-seance-de-travail-autour-des-enjeux-du-tourisme.svg\" alt=\"Participants \u00e0 une s\u00e9ance de travail sur le tourisme interne et l\u2019h\u00f4tellerie au Burkina Faso.\" class=\"wp-image-8070\"\/><figcaption class=\"wp-element-caption\">Les \u00e9changes se poursuivent autour des enjeux et des perspectives de d\u00e9veloppement du tourisme interne.<\/figcaption><\/figure>\n\n\n\n<figure class=\"wp-block-image size-full\"><img decoding=\"async\" data-id=\"8071\" src=\"https:\/\/voirfaso.com\/wp-content\/uploads\/2026\/08\/Une-seance-de-travail-autour-des-enjeux-du-tourisme-1.svg\" alt=\"D\u00e9put\u00e9s et participants lors d\u2019une s\u00e9ance de travail consacr\u00e9e au tourisme au Burkina Faso.\" class=\"wp-image-8071\"\/><figcaption class=\"wp-element-caption\">Les membres de la Commission du d\u00e9veloppement durable prennent part aux \u00e9changes sur les d\u00e9fis du secteur touristique.<\/figcaption><\/figure>\n<\/figure>\n\n\n\n<h3 class=\"wp-block-heading\">Infrastructures et financement : les grands d\u00e9fis<\/h3>\n\n\n\n<p class=\"wp-block-paragraph\">La relance du tourisme ne d\u00e9pend toutefois pas uniquement de la promotion des destinations.<\/p>\n\n\n\n<p class=\"wp-block-paragraph\">Les \u00e9changes ont fait ressortir plusieurs d\u00e9fis structurels :&nbsp;<strong>am\u00e9lioration des infrastructures d\u2019accueil, d\u00e9senclavement des sites touristiques, s\u00e9curisation des destinations, mobilisation des financements et professionnalisation des acteurs.<\/strong><\/p>\n\n\n\n<h3 class=\"wp-block-heading\">Professionnaliser les acteurs et am\u00e9liorer la qualit\u00e9<\/h3>\n\n\n\n<p class=\"wp-block-paragraph\">Au-del\u00e0 des infrastructures, la qualit\u00e9 de l\u2019offre touristique constitue un autre chantier important.<\/p>\n\n\n\n<p class=\"wp-block-paragraph\">Le Gouvernement travaille sur plusieurs r\u00e9formes destin\u00e9es \u00e0 renforcer l\u2019attractivit\u00e9 du secteur, am\u00e9liorer la qualit\u00e9 des services et cr\u00e9er un environnement plus favorable aux investissements.<\/p>\n\n\n\n<p class=\"wp-block-paragraph\">La professionnalisation des acteurs doit \u00e9galement permettre de mieux r\u00e9pondre aux attentes des visiteurs et de construire une exp\u00e9rience touristique davantage structur\u00e9e.<\/p>\n\n\n\n<h3 class=\"wp-block-heading\">Des visites de terrain pour compl\u00e9ter le diagnostic<\/h3>\n\n\n\n<p class=\"wp-block-paragraph\">La rencontre avec le ministre constitue une premi\u00e8re \u00e9tape de la mission d\u2019information men\u00e9e par les d\u00e9put\u00e9s.<\/p>\n\n\n\n<p class=\"wp-block-paragraph\">Les membres de la Commission du d\u00e9veloppement durable doivent d\u00e9sormais se rendre dans plusieurs r\u00e9gions du pays. Ces visites permettront de confronter les informations recueillies aux r\u00e9alit\u00e9s du terrain : \u00e9tat des infrastructures, accessibilit\u00e9 des sites, conditions d\u2019accueil, niveau de fr\u00e9quentation et difficult\u00e9s rencontr\u00e9es par les professionnels.<\/p>\n\n\n\n<p class=\"wp-block-paragraph\">Les constats r\u00e9alis\u00e9s devraient alimenter les travaux de la Commission et contribuer \u00e0 l\u2019\u00e9laboration de&nbsp;<strong>recommandations \u00e0 l\u2019endroit du Gouvernement<\/strong>.<\/p>\n\n\n\n<figure class=\"wp-block-image size-full rs-img-rounded-sm\"><img fetchpriority=\"high\" decoding=\"async\" width=\"1280\" height=\"762\" src=\"https:\/\/voirfaso.com\/wp-content\/uploads\/2026\/08\/Les-membres-de-la-Commission.jpg\" alt=\"Participants \u00e0 la rencontre sur le tourisme interne r\u00e9unis pour une photo de groupe.\" class=\"wp-image-8072\" srcset=\"https:\/\/voirfaso.com\/wp-content\/uploads\/2026\/08\/Les-membres-de-la-Commission.jpg 1280w, https:\/\/voirfaso.com\/wp-content\/uploads\/2026\/08\/Les-membres-de-la-Commission-600x357.jpg 600w, https:\/\/voirfaso.com\/wp-content\/uploads\/2026\/08\/Les-membres-de-la-Commission-300x179.jpg 300w, https:\/\/voirfaso.com\/wp-content\/uploads\/2026\/08\/Les-membres-de-la-Commission-1024x610.jpg 1024w, https:\/\/voirfaso.com\/wp-content\/uploads\/2026\/08\/Les-membres-de-la-Commission-768x457.jpg 768w\" sizes=\"(max-width: 1280px) 100vw, 1280px\" \/><figcaption class=\"wp-element-caption\">Les participants posent pour une photo de groupe \u00e0 l\u2019issue de la rencontre consacr\u00e9e au tourisme interne et \u00e0 l\u2019h\u00f4tellerie.<\/figcaption><\/figure>\n\n\n\n<p class=\"wp-block-paragraph\">Le tourisme interne ne se limite pas aux loisirs. Il peut soutenir&nbsp;<strong>l\u2019h\u00f4tellerie, la restauration, le transport, l\u2019artisanat, les guides, les agences de voyages et de nombreux emplois locaux<\/strong>.<\/p>\n\n\n\n<p class=\"wp-block-paragraph\">Pour VoirFaso, le v\u00e9ritable enjeu est donc de transformer la reprise de fr\u00e9quentation en une dynamique \u00e9conomique durable. Cela suppose des sites accessibles, s\u00e9curis\u00e9s et bien am\u00e9nag\u00e9s, mais aussi des professionnels form\u00e9s et des investissements capables de moderniser l\u2019offre.<\/p>\n\n\n\n<h3 class=\"wp-block-heading\">Une mission qui pourrait d\u00e9boucher sur de nouvelles orientations<\/h3>\n\n\n\n<p class=\"wp-block-paragraph\">La rencontre entre les d\u00e9put\u00e9s et le ministre intervient \u00e0 un moment o\u00f9 le Burkina Faso cherche \u00e0 consolider la reprise de son activit\u00e9 touristique.<\/p>\n\n\n\n<p class=\"wp-block-paragraph\">Les prochaines visites de terrain seront particuli\u00e8rement importantes. Elles permettront de v\u00e9rifier si les politiques nationales r\u00e9pondent r\u00e9ellement aux besoins des territoires et des op\u00e9rateurs.<\/p>\n\n\n\n<p class=\"wp-block-paragraph\">\u00c0 terme, les recommandations de la Commission du d\u00e9veloppement durable pourraient contribuer \u00e0 mieux orienter les investissements, am\u00e9liorer les infrastructures et renforcer la valorisation du patrimoine touristique national.<\/p>\n\n\n\n<p class=\"wp-block-paragraph\"><strong>Le d\u00e9fi est d\u00e9sormais de faire du tourisme interne non seulement un outil de r\u00e9silience face aux crises, mais un v\u00e9ritable moteur de d\u00e9veloppement \u00e9conomique pour les territoires.<\/strong><\/p>\n\n\n\n<figure class=\"wp-block-image size-full rs-img-rounded-sm\"><img decoding=\"async\" src=\"https:\/\/nerio.rstheme.com\/newspaper\/wp-content\/uploads\/sites\/2\/2025\/11\/ad-banner-thumb-001-1.png\" alt=\"\" class=\"wp-image-7057\"\/><\/figure>\n\n\n\n<p class=\"wp-block-paragraph\"><strong>Source :<\/strong>\u00a0\u00c9l\u00e9ments communiqu\u00e9s dans le cadre de la mission d\u2019information de la Commission du d\u00e9veloppement durable. \u2013\u00a0<strong>Article adapt\u00e9, enrichi et r\u00e9\u00e9crit par la r\u00e9daction de VoirFaso.<\/strong><\/p>\n\n\n\n<p class=\"wp-block-paragraph\"><\/p>","protected":false},"excerpt":{"rendered":"<p>La Commission du d\u00e9veloppement durable de l\u2019Assembl\u00e9e l\u00e9gislative de transition poursuit sa mission d\u2019information sur le tourisme interne et l\u2019h\u00f4tellerie. Vendredi 7 ao\u00fbt 2026, ses membres ont \u00e9chang\u00e9 avec le ministre de la Communication, de la Culture, des Arts et du Tourisme, Pingdwend\u00e9 Gilbert Ou\u00e9draogo, autour de la situation du secteur, de sa relance et des investissements n\u00e9cessaires \u00e0 son d\u00e9veloppement.<\/p>","protected":false},"author":1,"featured_media":8069,"comment_status":"open","ping_status":"open","sticky":false,"template":"","format":"standard","meta":{"footnotes":""},"categories":[5],"tags":[249,248,50,251,180,173,247,250,183,48,52,144],"class_list":["post-2129","post","type-post","status-publish","format-standard","has-post-thumbnail","hentry","category-tourisme","tag-commission-du-developpement-durable","tag-destination-burkina-faso","tag-grande-saison-du-tourisme-interne","tag-hebergement-touristique","tag-hotellerie","tag-investissement-touristique","tag-mccat","tag-patrimoine-touristique","tag-pingdwende-gilbert-ouedraogo","tag-tourisme-burkina-faso","tag-tourisme-interne","tag-voirfaso"],"_links":{"self":[{"href":"https:\/\/voirfaso.com\/fr\/wp-json\/wp\/v2\/posts\/2129","targetHints":{"allow":["GET"]}}],"collection":[{"href":"https:\/\/voirfaso.com\/fr\/wp-json\/wp\/v2\/posts"}],"about":[{"href":"https:\/\/voirfaso.com\/fr\/wp-json\/wp\/v2\/types\/post"}],"author":[{"embeddable":true,"href":"https:\/\/voirfaso.com\/fr\/wp-json\/wp\/v2\/users\/1"}],"replies":[{"embeddable":true,"href":"https:\/\/voirfaso.com\/fr\/wp-json\/wp\/v2\/comments?post=2129"}],"version-history":[{"count":4,"href":"https:\/\/voirfaso.com\/fr\/wp-json\/wp\/v2\/posts\/2129\/revisions"}],"predecessor-version":[{"id":8073,"href":"https:\/\/voirfaso.com\/fr\/wp-json\/wp\/v2\/posts\/2129\/revisions\/8073"}],"wp:featuredmedia":[{"embeddable":true,"href":"https:\/\/voirfaso.com\/fr\/wp-json\/wp\/v2\/media\/8069"}],"wp:attachment":[{"href":"https:\/\/voirfaso.com\/fr\/wp-json\/wp\/v2\/media?parent=2129"}],"wp:term":[{"taxonomy":"category","embeddable":true,"href":"https:\/\/voirfaso.com\/fr\/wp-json\/wp\/v2\/categories?post=2129"},{"taxonomy":"post_tag","embeddable":true,"href":"https:\/\/voirfaso.com\/fr\/wp-json\/wp\/v2\/tags?post=2129"}],"curies":[{"name":"wp","href":"https:\/\/api.w.org\/{rel}","templated":true}]}}