{"id":2130,"date":"2025-05-13T10:20:00","date_gmt":"2025-05-13T10:20:00","guid":{"rendered":"http:\/\/localhost:10034\/?p=2130"},"modified":"2026-08-06T02:36:00","modified_gmt":"2026-08-06T02:36:00","slug":"architecture-kassena-la-cour-royale-de-tiebele-un-tresor-vivant-reconnu-par-lunesco","status":"publish","type":"post","link":"https:\/\/voirfaso.com\/fr\/architecture-kassena-la-cour-royale-de-tiebele-un-tresor-vivant-reconnu-par-lunesco\/","title":{"rendered":"Architecture kass\u00e9na : la Cour royale de Ti\u00e9b\u00e9l\u00e9, un tr\u00e9sor vivant reconnu par l\u2019UNESCO"},"content":{"rendered":"<p class=\"wp-block-paragraph\">\u00c0 pr\u00e8s de&nbsp;<strong>178 kilom\u00e8tres au sud de Ouagadougou<\/strong>, dans la province du&nbsp;<strong>Nahouri<\/strong>, la&nbsp;<strong>Cour royale de Ti\u00e9b\u00e9l\u00e9<\/strong>&nbsp;est bien plus qu\u2019un ensemble d\u2019habitations traditionnelles. Elle constitue l\u2019un des plus remarquables t\u00e9moignages du g\u00e9nie architectural africain et de la richesse culturelle du peuple kass\u00e9na.<\/p>\n\n\n\n<p class=\"wp-block-paragraph\">Depuis le&nbsp;<strong>26 juillet 2024<\/strong>, ce site exceptionnel est officiellement inscrit sur la&nbsp;<strong>Liste du patrimoine mondial de l\u2019UNESCO<\/strong>, une reconnaissance qui r\u00e9compense un h\u00e9ritage b\u00e2ti, vivant et fa\u00e7onn\u00e9 au fil des si\u00e8cles.<\/p>\n\n\n\n<ul class=\"wp-block-list rs-has-check-icon\">\n<li><\/li>\n<\/ul>\n\n\n\n<div style=\"height:14px\" aria-hidden=\"true\" class=\"wp-block-spacer\"><\/div>\n\n\n\n<figure class=\"wp-block-gallery has-nested-images columns-default is-cropped rs-img-rounded-sm wp-block-gallery-1 is-layout-flex wp-block-gallery-is-layout-flex\">\n<figure class=\"wp-block-image size-full\"><img decoding=\"async\" data-id=\"7816\" src=\"https:\/\/voirfaso.com\/wp-content\/uploads\/2026\/05\/Architecture-traditionnelle-kassena.svg\" alt=\"Habitations traditionnelles en terre de Ti\u00e9b\u00e9l\u00e9.\" class=\"wp-image-7816\"\/><figcaption class=\"wp-element-caption\">Les concessions sont construites \u00e0 partir de mat\u00e9riaux naturels selon des techniques ancestrales.<\/figcaption><\/figure>\n\n\n\n<figure class=\"wp-block-image size-full\"><img decoding=\"async\" data-id=\"7818\" src=\"https:\/\/voirfaso.com\/wp-content\/uploads\/2026\/05\/Fresques-de-Tiebele.svg\" alt=\"Femme kass\u00e9na r\u00e9alisant des peintures murales traditionnelles.\" class=\"wp-image-7818\"\/><figcaption class=\"wp-element-caption\">Les peintures murales sont r\u00e9alis\u00e9es exclusivement par les femmes, d\u00e9tentrices de ce savoir-faire ancestral.<\/figcaption><\/figure>\n<\/figure>\n\n\n\n<div style=\"height:35px\" aria-hidden=\"true\" class=\"wp-block-spacer\"><\/div>\n\n\n\n<h3 class=\"wp-block-heading\">Une architecture fa\u00e7onn\u00e9e par la terre et le savoir-faire ancestral<\/h3>\n\n\n\n<p class=\"wp-block-paragraph\">Les concessions royales de Ti\u00e9b\u00e9l\u00e9 sont construites \u00e0 partir de mat\u00e9riaux locaux tels que la terre, le bois et la paille. Cette architecture vernaculaire, parfaitement adapt\u00e9e au climat de la r\u00e9gion, t\u00e9moigne d\u2019un savoir-faire transmis de g\u00e9n\u00e9ration en g\u00e9n\u00e9ration.<\/p>\n\n\n\n<p class=\"wp-block-paragraph\">Chaque b\u00e2timent est con\u00e7u selon des techniques traditionnelles qui privil\u00e9gient les ressources naturelles tout en assurant solidit\u00e9 et confort thermique.<\/p>\n\n\n\n<div style=\"height:14px\" aria-hidden=\"true\" class=\"wp-block-spacer\"><\/div>\n\n\n\n<figure class=\"wp-block-image size-full rs-img-rounded-sm\"><img decoding=\"async\" src=\"https:\/\/voirfaso.com\/wp-content\/uploads\/2026\/05\/Patrimoine-mondial-du-Burkina-Faso.svg\" alt=\" Cour royale de Ti\u00e9b\u00e9l\u00e9, patrimoine mondial de l\u2019UNESCO.\" class=\"wp-image-7820\"\/><figcaption class=\"wp-element-caption\">Ti\u00e9b\u00e9l\u00e9 renforce la pr\u00e9sence du Burkina Faso parmi les destinations culturelles majeures d\u2019Afrique.<\/figcaption><\/figure>\n\n\n\n<div style=\"height:35px\" aria-hidden=\"true\" class=\"wp-block-spacer\"><\/div>\n\n\n\n<h3 class=\"wp-block-heading\">Les femmes, gardiennes d\u2019un art vivant<\/h3>\n\n\n\n<p class=\"wp-block-paragraph\">\u00c0 Ti\u00e9b\u00e9l\u00e9, la construction des habitations est une \u0153uvre collective o\u00f9 chacun joue un r\u00f4le bien d\u00e9fini.<\/p>\n\n\n\n<p class=\"wp-block-paragraph\">Si les hommes \u00e9rigent les b\u00e2timents, les femmes leur donnent leur identit\u00e9 en d\u00e9corant les fa\u00e7ades de motifs g\u00e9om\u00e9triques caract\u00e9ristiques de la culture kass\u00e9na.<\/p>\n\n\n\n<p class=\"wp-block-paragraph\">R\u00e9alis\u00e9es \u00e0 partir de pigments naturels, issus notamment de la terre, de la lat\u00e9rite, du kaolin ou du gypse, selon les traditions locales, ces peintures sont ensuite prot\u00e9g\u00e9es par un vernis obtenu \u00e0 partir des gousses de n\u00e9r\u00e9.<\/p>\n\n\n\n<p class=\"wp-block-paragraph\">Bien plus qu\u2019un \u00e9l\u00e9ment d\u00e9coratif, ces fresques traduisent des croyances, des valeurs, des \u00e9v\u00e9nements marquants et l\u2019histoire des familles qui occupent les concessions.<\/p>\n\n\n\n<h3 class=\"wp-block-heading\">Une reconnaissance mondiale pour un patrimoine vivant<\/h3>\n\n\n\n<p class=\"wp-block-paragraph\">L\u2019inscription de la Cour royale de Ti\u00e9b\u00e9l\u00e9 au patrimoine mondial de l\u2019UNESCO marque une \u00e9tape importante pour le Burkina Faso.<\/p>\n\n\n\n<p class=\"wp-block-paragraph\">Au-del\u00e0 de la qualit\u00e9 architecturale du site, cette distinction souligne la capacit\u00e9 des communaut\u00e9s kass\u00e9na \u00e0 pr\u00e9server leurs traditions, leur mode de construction et leurs pratiques culturelles malgr\u00e9 les \u00e9volutions de la soci\u00e9t\u00e9.<\/p>\n\n\n\n<p class=\"wp-block-paragraph\">Cette reconnaissance renforce \u00e9galement l\u2019attractivit\u00e9 touristique du site et encourage les initiatives de pr\u00e9servation du patrimoine.<\/p>\n\n\n\n<h3 class=\"wp-block-heading\">Le Burkina Faso compte d\u00e9sormais quatre biens inscrits au patrimoine mondial<\/h3>\n\n\n\n<p class=\"wp-block-paragraph\">Avec l\u2019inscription de Ti\u00e9b\u00e9l\u00e9, le Burkina Faso poss\u00e8de d\u00e9sormais quatre biens inscrits sur la Liste du patrimoine mondial de l\u2019UNESCO :<\/p>\n\n\n\n<ul class=\"wp-block-list\">\n<li>Les Ruines de Lorop\u00e9ni (2009) ;<\/li>\n\n\n\n<li>Le Complexe W-Arly-Pendjari (2017) ;<\/li>\n\n\n\n<li>Les Sites de m\u00e9tallurgie ancienne du fer (2019) ;<\/li>\n\n\n\n<li>La Cour royale de Ti\u00e9b\u00e9l\u00e9 (2024).<\/li>\n<\/ul>\n\n\n\n<p class=\"wp-block-paragraph\">Cette diversit\u00e9 illustre la richesse du patrimoine naturel et culturel burkinab\u00e8.<\/p>\n\n\n\n<ul class=\"wp-block-list rs-has-check-icon\">\n<li><\/li>\n<\/ul>\n\n\n\n<div style=\"height:20px\" aria-hidden=\"true\" class=\"wp-block-spacer\"><\/div>\n\n\n\n<figure class=\"wp-block-image size-full rs-img-rounded-sm\"><img decoding=\"async\" src=\"https:\/\/nerio.rstheme.com\/newspaper\/wp-content\/uploads\/sites\/2\/2025\/11\/ad-banner-thumb-001-1.png\" alt=\"\" class=\"wp-image-7057\"\/><\/figure>\n\n\n\n<div style=\"height:35px\" aria-hidden=\"true\" class=\"wp-block-spacer\"><\/div>\n\n\n\n<p class=\"wp-block-paragraph\">L\u2019inscription de la Cour royale de Ti\u00e9b\u00e9l\u00e9 au patrimoine mondial de l\u2019UNESCO d\u00e9passe le symbole. Elle contribue \u00e0 pr\u00e9server un savoir-faire unique, valorise le r\u00f4le des femmes dans la transmission des traditions et ouvre de nouvelles perspectives pour le d\u00e9veloppement du tourisme culturel, de l\u2019artisanat et de l\u2019\u00e9conomie locale.<\/p>\n\n\n\n<p class=\"wp-block-paragraph\"> La Cour royale de Ti\u00e9b\u00e9l\u00e9 rappelle que le patrimoine ne se r\u00e9sume pas \u00e0 des monuments anciens. Il vit \u00e0 travers les gestes, les savoir-faire et les traditions des communaut\u00e9s qui le perp\u00e9tuent. V\u00e9ritable mus\u00e9e \u00e0 ciel ouvert, ce joyau du Nahouri incarne l\u2019identit\u00e9 culturelle du Burkina Faso et confirme la place du pays parmi les grandes destinations patrimoniales du continent africain.<\/p>\n\n\n\n<p class=\"wp-block-paragraph\"><strong>Source :<\/strong>&nbsp;UNESCO ; informations sur le patrimoine culturel kass\u00e9na. \u2013&nbsp;<strong>Article adapt\u00e9 et enrichi par la r\u00e9daction de VoirFaso.<\/strong><\/p>\n\n\n\n<p class=\"wp-block-paragraph\"><\/p>","protected":false},"excerpt":{"rendered":"<p>Au sud du Burkina Faso, la Cour royale de Ti\u00e9b\u00e9l\u00e9 fascine par son architecture en terre, ses peintures murales r\u00e9alis\u00e9es par les femmes kass\u00e9na et son histoire s\u00e9culaire. Depuis son inscription au patrimoine mondial de l\u2019UNESCO en juillet 2024, ce site embl\u00e9matique incarne le rayonnement international du patrimoine culturel burkinab\u00e8.<\/p>","protected":false},"author":1,"featured_media":7814,"comment_status":"open","ping_status":"open","sticky":false,"template":"","format":"standard","meta":{"footnotes":""},"categories":[3],"tags":[26],"class_list":["post-2130","post","type-post","status-publish","format-standard","has-post-thumbnail","hentry","category-destinations-touristiques-burkina-faso","tag-trip"],"_links":{"self":[{"href":"https:\/\/voirfaso.com\/fr\/wp-json\/wp\/v2\/posts\/2130","targetHints":{"allow":["GET"]}}],"collection":[{"href":"https:\/\/voirfaso.com\/fr\/wp-json\/wp\/v2\/posts"}],"about":[{"href":"https:\/\/voirfaso.com\/fr\/wp-json\/wp\/v2\/types\/post"}],"author":[{"embeddable":true,"href":"https:\/\/voirfaso.com\/fr\/wp-json\/wp\/v2\/users\/1"}],"replies":[{"embeddable":true,"href":"https:\/\/voirfaso.com\/fr\/wp-json\/wp\/v2\/comments?post=2130"}],"version-history":[{"count":6,"href":"https:\/\/voirfaso.com\/fr\/wp-json\/wp\/v2\/posts\/2130\/revisions"}],"predecessor-version":[{"id":7836,"href":"https:\/\/voirfaso.com\/fr\/wp-json\/wp\/v2\/posts\/2130\/revisions\/7836"}],"wp:featuredmedia":[{"embeddable":true,"href":"https:\/\/voirfaso.com\/fr\/wp-json\/wp\/v2\/media\/7814"}],"wp:attachment":[{"href":"https:\/\/voirfaso.com\/fr\/wp-json\/wp\/v2\/media?parent=2130"}],"wp:term":[{"taxonomy":"category","embeddable":true,"href":"https:\/\/voirfaso.com\/fr\/wp-json\/wp\/v2\/categories?post=2130"},{"taxonomy":"post_tag","embeddable":true,"href":"https:\/\/voirfaso.com\/fr\/wp-json\/wp\/v2\/tags?post=2130"}],"curies":[{"name":"wp","href":"https:\/\/api.w.org\/{rel}","templated":true}]}}