{"id":2131,"date":"2026-07-31T11:42:00","date_gmt":"2026-07-31T11:42:00","guid":{"rendered":"http:\/\/localhost:10034\/?p=2131"},"modified":"2026-07-31T12:36:15","modified_gmt":"2026-07-31T12:36:15","slug":"guidage-touristique-11-guides-test-professionnel","status":"publish","type":"post","link":"https:\/\/voirfaso.com\/fr\/guidage-touristique-11-guides-test-professionnel\/","title":{"rendered":"Guidage touristique : onze nouveaux guides d\u00e9clar\u00e9s aptes \u00e0 exercer au Burkina Faso"},"content":{"rendered":"<p class=\"wp-block-paragraph\">Le secteur touristique burkinab\u00e8 enregistre un nouveau renforcement de ses ressources humaines. \u00c0 Ouagadougou, onze candidats ont \u00e9t\u00e9 d\u00e9clar\u00e9s aptes \u00e0 exercer le m\u00e9tier de guide de tourisme \u00e0 l\u2019issue du test d\u2019aptitude professionnelle organis\u00e9 par la Direction g\u00e9n\u00e9rale du Tourisme.<\/p>\n\n\n\n<p class=\"wp-block-paragraph\">L\u2019exercice de la profession de guide de tourisme est r\u00e9glement\u00e9 au Burkina Faso. Les candidats doivent d\u00e9montrer leurs connaissances techniques et leurs comp\u00e9tences professionnelles avant d\u2019obtenir l\u2019autorisation d\u2019exercer.<\/p>\n\n\n\n<p class=\"wp-block-paragraph\">Le test d\u2019aptitude professionnelle a r\u00e9uni onze candidats, dont huit pour la sous-cat\u00e9gorie de guide national et trois pour celle de guide local. Selon la Direction g\u00e9n\u00e9rale du Tourisme, cette \u00e9valuation vise \u00e0 s\u2019assurer que les futurs guides disposent des comp\u00e9tences n\u00e9cessaires pour accompagner les visiteurs et contribuer \u00e0 la mise en valeur des richesses touristiques du pays.<\/p>\n\n\n\n<p class=\"wp-block-paragraph\">\u00c0 l\u2019issue des \u00e9preuves, l\u2019ensemble des candidats a \u00e9t\u00e9 d\u00e9clar\u00e9 apte.<\/p>\n\n\n\n<p class=\"wp-block-paragraph\">Toutefois, l\u2019exercice officiel du m\u00e9tier reste conditionn\u00e9 \u00e0 l\u2019obtention d\u2019une carte professionnelle d\u00e9livr\u00e9e par le minist\u00e8re en charge du tourisme.<\/p>\n\n\n\n<div style=\"height:14px\" aria-hidden=\"true\" class=\"wp-block-spacer\"><\/div>\n\n\n\n<figure class=\"wp-block-gallery has-nested-images columns-default is-cropped rs-img-rounded-sm wp-block-gallery-1 is-layout-flex wp-block-gallery-is-layout-flex\">\n<figure class=\"wp-block-image size-full\"><img decoding=\"async\" data-id=\"7587\" src=\"https:\/\/voirfaso.com\/wp-content\/uploads\/2025\/10\/Science-Website-in-Dark-Brown-Grey-Image-Led-Style-11.svg\" alt=\"La Directrice g\u00e9n\u00e9rale du Tourisme s\u2019adresse aux candidats lors du lancement du test d\u2019aptitude professionnelle dans une salle.\" class=\"wp-image-7587\"\/><figcaption class=\"wp-element-caption\">Lancement officiel du test d\u2019aptitude professionnelle des guides de tourisme.<\/figcaption><\/figure>\n\n\n\n<figure class=\"wp-block-image size-full\"><img decoding=\"async\" data-id=\"7588\" src=\"https:\/\/voirfaso.com\/wp-content\/uploads\/2025\/10\/Science-Website-in-Dark-Brown-Grey-Image-Led-Style-13.svg\" alt=\"Vue g\u00e9n\u00e9rale de la salle o\u00f9 les candidats participent au test d\u2019aptitude professionnelle des guides de tourisme.\" class=\"wp-image-7588\"\/><figcaption class=\"wp-element-caption\">Vue d\u2019ensemble du d\u00e9roulement du test d\u2019aptitude professionnelle.<\/figcaption><\/figure>\n<\/figure>\n\n\n\n<div style=\"height:35px\" aria-hidden=\"true\" class=\"wp-block-spacer\"><\/div>\n\n\n\n<h3 class=\"wp-block-heading\">Impacts<\/h3>\n\n\n\n<p class=\"wp-block-paragraph\">L\u2019arriv\u00e9e de nouveaux guides qualifi\u00e9s peut contribuer \u00e0 am\u00e9liorer la qualit\u00e9 de l\u2019accueil des visiteurs, \u00e0 renforcer la promotion des destinations touristiques nationales et \u00e0 professionnaliser davantage le secteur.<\/p>\n\n\n\n<h3 class=\"wp-block-heading\">Enjeux<\/h3>\n\n\n\n<p class=\"wp-block-paragraph\">Le d\u00e9veloppement du tourisme passe \u00e9galement par la disponibilit\u00e9 de professionnels qualifi\u00e9s capables d\u2019assurer une m\u00e9diation culturelle et touristique de qualit\u00e9.<\/p>\n\n\n\n<div style=\"height:14px\" aria-hidden=\"true\" class=\"wp-block-spacer\"><\/div>\n\n\n\n<figure class=\"wp-block-image size-full rs-img-rounded-sm\"><img decoding=\"async\" src=\"https:\/\/voirfaso.com\/wp-content\/uploads\/2025\/10\/Science-Website-in-Dark-Brown-Grey-Image-Led-Style-14.svg\" alt=\"Des candidats sont assis dans une salle et composent les \u00e9preuves du test d\u2019aptitude professionnelle.\" class=\"wp-image-7589\"\/><figcaption class=\"wp-element-caption\">Les candidats composent les \u00e9preuves du test professionnel.<\/figcaption><\/figure>\n\n\n\n<div style=\"height:35px\" aria-hidden=\"true\" class=\"wp-block-spacer\"><\/div>\n\n\n\n<h3 class=\"wp-block-heading\">\u00c0 RETENIR<\/h3>\n\n\n\n<p class=\"wp-block-paragraph\">Avec ces onze nouveaux candidats d\u00e9clar\u00e9s aptes, le Burkina Faso poursuit ses efforts de professionnalisation du m\u00e9tier de guide de tourisme, un acteur essentiel dans la d\u00e9couverte et la valorisation du patrimoine national.<\/p>\n\n\n\n<ul class=\"wp-block-list\">\n<li>Onze candidats ont r\u00e9ussi le test d\u2019aptitude professionnelle.<\/li>\n\n\n\n<li>Les admis sont r\u00e9partis entre guides nationaux et guides locaux.<\/li>\n\n\n\n<li>La carte professionnelle demeure obligatoire pour exercer.<\/li>\n<\/ul>\n\n\n\n<div style=\"height:20px\" aria-hidden=\"true\" class=\"wp-block-spacer\"><\/div>\n\n\n\n<figure class=\"wp-block-image size-full rs-img-rounded-sm\"><img decoding=\"async\" src=\"https:\/\/nerio.rstheme.com\/newspaper\/wp-content\/uploads\/sites\/2\/2025\/11\/ad-banner-thumb-001-1.png\" alt=\"\" class=\"wp-image-7057\"\/><\/figure>\n\n\n\n<div style=\"height:35px\" aria-hidden=\"true\" class=\"wp-block-spacer\"><\/div>\n\n\n\n<h3 class=\"wp-block-heading\">LA QUESTION DE VOIR FASO<\/h3>\n\n\n\n<p class=\"wp-block-paragraph\"><br>La profession de guide de tourisme est-elle suffisamment valoris\u00e9e pour accompagner le d\u00e9veloppement du tourisme au Burkina Faso ?<\/p>","protected":false},"excerpt":{"rendered":"<p>Onze candidats ont \u00e9t\u00e9 d\u00e9clar\u00e9s aptes \u00e0 exercer le m\u00e9tier de guide de tourisme \u00e0 l\u2019issue du test d\u2019aptitude professionnelle organis\u00e9 le 30 juillet 2026 \u00e0 Ouagadougou. Cette \u00e9tape contribue au renforcement de la qualit\u00e9 de l\u2019accueil des visiteurs et \u00e0 la valorisation du patrimoine touristique du Burkina Faso.<\/p>","protected":false},"author":1,"featured_media":7586,"comment_status":"open","ping_status":"open","sticky":false,"template":"","format":"standard","meta":{"footnotes":""},"categories":[5],"tags":[46,47,44,45,49,48],"class_list":["post-2131","post","type-post","status-publish","format-standard","has-post-thumbnail","hentry","category-tourisme","tag-guidage-touristique-guides-de-tourisme-tourisme-burkina-faso-ouagadougou-ministere-du-tourisme-test-daptitude","tag-guides-de-tourisme","tag-ministere-du-tourisme","tag-ouagadougou","tag-test-daptitude","tag-tourisme-burkina-faso"],"_links":{"self":[{"href":"https:\/\/voirfaso.com\/fr\/wp-json\/wp\/v2\/posts\/2131","targetHints":{"allow":["GET"]}}],"collection":[{"href":"https:\/\/voirfaso.com\/fr\/wp-json\/wp\/v2\/posts"}],"about":[{"href":"https:\/\/voirfaso.com\/fr\/wp-json\/wp\/v2\/types\/post"}],"author":[{"embeddable":true,"href":"https:\/\/voirfaso.com\/fr\/wp-json\/wp\/v2\/users\/1"}],"replies":[{"embeddable":true,"href":"https:\/\/voirfaso.com\/fr\/wp-json\/wp\/v2\/comments?post=2131"}],"version-history":[{"count":3,"href":"https:\/\/voirfaso.com\/fr\/wp-json\/wp\/v2\/posts\/2131\/revisions"}],"predecessor-version":[{"id":7590,"href":"https:\/\/voirfaso.com\/fr\/wp-json\/wp\/v2\/posts\/2131\/revisions\/7590"}],"wp:featuredmedia":[{"embeddable":true,"href":"https:\/\/voirfaso.com\/fr\/wp-json\/wp\/v2\/media\/7586"}],"wp:attachment":[{"href":"https:\/\/voirfaso.com\/fr\/wp-json\/wp\/v2\/media?parent=2131"}],"wp:term":[{"taxonomy":"category","embeddable":true,"href":"https:\/\/voirfaso.com\/fr\/wp-json\/wp\/v2\/categories?post=2131"},{"taxonomy":"post_tag","embeddable":true,"href":"https:\/\/voirfaso.com\/fr\/wp-json\/wp\/v2\/tags?post=2131"}],"curies":[{"name":"wp","href":"https:\/\/api.w.org\/{rel}","templated":true}]}}