{"id":2147,"date":"2026-08-22T00:23:05","date_gmt":"2026-08-22T00:23:05","guid":{"rendered":"http:\/\/localhost:10034\/?p=2147"},"modified":"2026-08-22T18:04:41","modified_gmt":"2026-08-22T18:04:41","slug":"air-burkina-ouvre-libreville-et-renforce-les-connexions-entre-ouagadougou-et-lafrique-centrale","status":"publish","type":"post","link":"https:\/\/voirfaso.com\/fr\/air-burkina-ouvre-libreville-et-renforce-les-connexions-entre-ouagadougou-et-lafrique-centrale\/","title":{"rendered":"Air Burkina ouvre Libreville et renforce les connexions entre Ouagadougou et l\u2019Afrique centrale"},"content":{"rendered":"<p class=\"wp-block-paragraph\">Air Burkina annonce l\u2019ouverture de sa liaison vers Libreville, avec deux fr\u00e9quences hebdomadaires dans un premier temps. La compagnie veut notamment faciliter les d\u00e9placements entre le Gabon, le Burkina Faso, le Mali et le S\u00e9n\u00e9gal.<\/p>\n\n\n\n<h3 class=\"wp-block-heading\">Une nouvelle liaison pour rapprocher les communaut\u00e9s<\/h3>\n\n\n\n<p class=\"wp-block-paragraph\">Air Burkina poursuit le d\u00e9veloppement de son r\u00e9seau r\u00e9gional avec l\u2019annonce de la mise en place d\u2019une liaison vers\u00a0Libreville, au Gabon.<\/p>\n\n\n\n<p class=\"wp-block-paragraph\">La compagnie pr\u00e9voit initialement\u00a0<strong>deux vols par semaine<\/strong>. Le dispositif doit permettre d\u2019organiser des liaisons entre Libreville et plusieurs capitales ouest-africaines, notamment\u00a0<strong>Ouagadougou, Bamako et Dakar<\/strong>.<\/p>\n\n\n\n<p class=\"wp-block-paragraph\">Pour Air Burkina, l\u2019enjeu d\u00e9passe la simple ouverture d\u2019une nouvelle destination. La compagnie veut notamment r\u00e9pondre aux besoins de mobilit\u00e9 des communaut\u00e9s burkinab\u00e8 install\u00e9es au Gabon, mais aussi faciliter les d\u00e9placements des ressortissants maliens et s\u00e9n\u00e9galais.<\/p>\n\n\n\n<figure class=\"wp-block-gallery has-nested-images columns-default is-cropped rs-img-rounded-sm wp-block-gallery-1 is-layout-flex wp-block-gallery-is-layout-flex\">\n<figure class=\"wp-block-image size-full\"><img decoding=\"async\" data-id=\"8591\" src=\"https:\/\/voirfaso.com\/wp-content\/uploads\/2026\/08\/Science-Website-in-Dark-Brown-Grey-Image-Led-Style.svg\" alt=\"\" class=\"wp-image-8591\"\/><figcaption class=\"wp-element-caption\">Ouaga\u2013Libreville : une nouvelle liaison a\u00e9rienne<\/figcaption><\/figure>\n\n\n\n<figure class=\"wp-block-image size-full\"><img decoding=\"async\" data-id=\"8593\" src=\"https:\/\/voirfaso.com\/wp-content\/uploads\/2026\/08\/Les-communautes.svg\" alt=\"\" class=\"wp-image-8593\"\/><figcaption class=\"wp-element-caption\">Des capitales mieux connect\u00e9es <\/figcaption><\/figure>\n<\/figure>\n\n\n\n<div style=\"height:35px\" aria-hidden=\"true\" class=\"wp-block-spacer\"><\/div>\n\n\n\n<h3 class=\"wp-block-heading\">Libreville comme point de connexion<\/h3>\n\n\n\n<p class=\"wp-block-paragraph\">Le programme pr\u00e9sent\u00e9 pr\u00e9voit une organisation des rotations permettant aux voyageurs pr\u00e9sents \u00e0&nbsp;<strong>Bamako ou Dakar de rejoindre Libreville<\/strong>, tandis que les passagers pr\u00e9sents dans la capitale gabonaise pourront poursuivre leur voyage vers Ouagadougou, Cotonou, Bamako ou Dakar.<\/p>\n\n\n\n<p class=\"wp-block-paragraph\">Cette organisation devrait offrir davantage de possibilit\u00e9s aux voyageurs qui doivent actuellement composer avec des itin\u00e9raires plus complexes.<\/p>\n\n\n\n<p class=\"wp-block-paragraph\">La compagnie pr\u00e9voit cependant de commencer avec un nombre limit\u00e9 de fr\u00e9quences avant d\u2019augmenter progressivement son offre.<\/p>\n\n\n\n<h3 class=\"wp-block-heading\">Air Burkina veut d\u00e9velopper son r\u00e9seau<\/h3>\n\n\n\n<p class=\"wp-block-paragraph\">Au-del\u00e0 de Libreville, la compagnie dessert d\u00e9j\u00e0 plusieurs destinations r\u00e9gionales, notamment&nbsp;<strong>Accra, Abidjan, Lom\u00e9, Cotonou, Bamako, Dakar et Niamey<\/strong>, selon les informations communiqu\u00e9es.<\/p>\n\n\n\n<p class=\"wp-block-paragraph\">Air Burkina envisage \u00e9galement de faire de Libreville un point de d\u00e9part vers d\u2019autres destinations d\u2019Afrique centrale.<\/p>\n\n\n\n<p class=\"wp-block-paragraph\"><strong>Douala<\/strong>, au Cameroun, et&nbsp;<strong>Pointe-Noire<\/strong>, en R\u00e9publique du Congo, sont notamment \u00e9voqu\u00e9es. Ces nouvelles ouvertures devront toutefois \u00eatre pr\u00e9c\u00e9d\u00e9es d\u2019\u00e9tudes de faisabilit\u00e9.<\/p>\n\n\n\n<div style=\"height:14px\" aria-hidden=\"true\" class=\"wp-block-spacer\"><\/div>\n\n\n\n<figure class=\"wp-block-image size-full rs-img-rounded-sm\"><img decoding=\"async\" src=\"https:\/\/voirfaso.com\/wp-content\/uploads\/2026\/08\/Perspectives-1.svg\" alt=\"Carte avec Libreville au centre et Douala\/Pointe-Noire en pointill\u00e9s.\" class=\"wp-image-8595\"\/><figcaption class=\"wp-element-caption\">Air Burkina envisage d\u00e9j\u00e0 de nouvelles destinations<\/figcaption><\/figure>\n\n\n\n<div style=\"height:35px\" aria-hidden=\"true\" class=\"wp-block-spacer\"><\/div>\n\n\n\n<h3 class=\"wp-block-heading\">Du transport de passagers au fret<\/h3>\n\n\n\n<p class=\"wp-block-paragraph\">La nouvelle liaison pourrait \u00e9galement concerner le transport de marchandises.<\/p>\n\n\n\n<p class=\"wp-block-paragraph\">Air Burkina indique vouloir d\u00e9velopper ses activit\u00e9s de&nbsp;<strong>fret<\/strong>, alors que les \u00e9changes commerciaux entre l\u2019Afrique de l\u2019Ouest et l\u2019Afrique centrale g\u00e9n\u00e8rent d\u00e9j\u00e0 des besoins importants en transport a\u00e9rien.<\/p>\n\n\n\n<p class=\"wp-block-paragraph\">La compagnie propose par ailleurs des prestations d\u2019<strong>affr\u00e8tement et de location d\u2019avions<\/strong>, notamment pour des institutions, des organisations ou des \u00e9quipes sportives ayant besoin de d\u00e9placements sp\u00e9cifiques.<\/p>\n\n\n\n<h3 class=\"wp-block-heading\">Quels tarifs pour les voyageurs ?<\/h3>\n\n\n\n<p class=\"wp-block-paragraph\">Sur le plan commercial, Air Burkina annonce que les tarifs seront \u00e9tudi\u00e9s en tenant compte de la concurrence.<\/p>\n\n\n\n<p class=\"wp-block-paragraph\">Des&nbsp;<strong>tarifs promotionnels de lancement<\/strong>&nbsp;sont \u00e9galement annonc\u00e9s afin d\u2019encourager les premiers voyages sur la nouvelle liaison.<\/p>\n\n\n\n<p class=\"wp-block-paragraph\">Les d\u00e9tails concernant les prix doivent \u00eatre communiqu\u00e9s ult\u00e9rieurement.<\/p>\n\n\n\n<div style=\"height:20px\" aria-hidden=\"true\" class=\"wp-block-spacer\"><\/div>\n\n\n\n<figure class=\"wp-block-image size-full rs-img-rounded-sm\"><img fetchpriority=\"high\" decoding=\"async\" width=\"971\" height=\"405\" src=\"https:\/\/voirfaso.com\/wp-content\/uploads\/2026\/08\/Sitho-3-2.jpg\" alt=\"\" class=\"wp-image-8589\" srcset=\"https:\/\/voirfaso.com\/wp-content\/uploads\/2026\/08\/Sitho-3-2.jpg 971w, https:\/\/voirfaso.com\/wp-content\/uploads\/2026\/08\/Sitho-3-2-300x125.jpg 300w, https:\/\/voirfaso.com\/wp-content\/uploads\/2026\/08\/Sitho-3-2-768x320.jpg 768w, https:\/\/voirfaso.com\/wp-content\/uploads\/2026\/08\/Sitho-3-2-18x8.jpg 18w, https:\/\/voirfaso.com\/wp-content\/uploads\/2026\/08\/Sitho-3-2-600x250.jpg 600w\" sizes=\"(max-width: 971px) 100vw, 971px\" \/><\/figure>\n\n\n\n<h3 class=\"wp-block-heading\">Une opportunit\u00e9 pour la mobilit\u00e9 r\u00e9gionale<\/h3>\n\n\n\n<p class=\"wp-block-paragraph\">L\u2019ouverture de Libreville intervient dans un contexte o\u00f9 les connexions a\u00e9riennes r\u00e9gionales constituent un enjeu important pour les \u00e9changes \u00e9conomiques, familiaux et professionnels.<\/p>\n\n\n\n<p class=\"wp-block-paragraph\">Pour les Burkinab\u00e8 vivant au Gabon, mais \u00e9galement pour les voyageurs maliens et s\u00e9n\u00e9galais, l\u2019am\u00e9lioration des connexions pourrait faciliter les d\u00e9placements entre les deux espaces.<\/p>\n\n\n\n<p class=\"wp-block-paragraph\">Si les nouvelles fr\u00e9quences annonc\u00e9es se concr\u00e9tisent progressivement, Libreville pourrait ainsi devenir un point de connexion suppl\u00e9mentaire entre l\u2019Afrique centrale et plusieurs capitales de l\u2019Afrique de l\u2019Ouest.<\/p>\n\n\n\n<p class=\"wp-block-paragraph\"><strong>Ce que cela change<\/strong><\/p>\n\n\n\n<p class=\"wp-block-paragraph\">Pour les voyageurs burkinab\u00e8, maliens et s\u00e9n\u00e9galais se d\u00e9pla\u00e7ant vers le Gabon, cette liaison pourrait offrir&nbsp;<strong>davantage de possibilit\u00e9s de voyage et de connexions r\u00e9gionales<\/strong>. Le d\u00e9veloppement du fret pourrait \u00e9galement ouvrir des perspectives pour les \u00e9changes commerciaux.<\/p>\n\n\n\n<p class=\"wp-block-paragraph\"><strong>&nbsp;La question de Voir Faso<\/strong><\/p>\n\n\n\n<p class=\"wp-block-paragraph\"><strong>Selon vous, Air Burkina doit-elle augmenter rapidement ses fr\u00e9quences vers Libreville pour r\u00e9pondre \u00e0 la demande des voyageurs ?<\/strong><\/p>\n\n\n\n<p class=\"wp-block-paragraph\">R\u00e9daction VoirFaso<\/p>","protected":false},"excerpt":{"rendered":"<p>Air Burkina annonce l\u2019ouverture de sa liaison vers Libreville, avec deux fr\u00e9quences hebdomadaires dans un premier temps. La compagnie veut notamment faciliter les d\u00e9placements entre le Gabon, le Burkina Faso, le Mali et le S\u00e9n\u00e9gal.<\/p>","protected":false},"author":1,"featured_media":8567,"comment_status":"open","ping_status":"open","sticky":false,"template":"","format":"standard","meta":{"footnotes":""},"categories":[4],"tags":[342,340,339,335,343,344,346,341,345],"class_list":["post-2147","post","type-post","status-publish","format-standard","has-post-thumbnail","hentry","category-transport-mobilite","tag-air-burkina-bamako-dakar","tag-air-burkina-gabon","tag-air-burkina-libreville","tag-aviation-africaine","tag-diaspora-burkinabe-gabon","tag-ouaga-libreville","tag-transport-aerien-burkina-faso","tag-vol-ouagadougou-libreville","tag-vols-burkina-gabon"],"_links":{"self":[{"href":"https:\/\/voirfaso.com\/fr\/wp-json\/wp\/v2\/posts\/2147","targetHints":{"allow":["GET"]}}],"collection":[{"href":"https:\/\/voirfaso.com\/fr\/wp-json\/wp\/v2\/posts"}],"about":[{"href":"https:\/\/voirfaso.com\/fr\/wp-json\/wp\/v2\/types\/post"}],"author":[{"embeddable":true,"href":"https:\/\/voirfaso.com\/fr\/wp-json\/wp\/v2\/users\/1"}],"replies":[{"embeddable":true,"href":"https:\/\/voirfaso.com\/fr\/wp-json\/wp\/v2\/comments?post=2147"}],"version-history":[{"count":21,"href":"https:\/\/voirfaso.com\/fr\/wp-json\/wp\/v2\/posts\/2147\/revisions"}],"predecessor-version":[{"id":8596,"href":"https:\/\/voirfaso.com\/fr\/wp-json\/wp\/v2\/posts\/2147\/revisions\/8596"}],"wp:featuredmedia":[{"embeddable":true,"href":"https:\/\/voirfaso.com\/fr\/wp-json\/wp\/v2\/media\/8567"}],"wp:attachment":[{"href":"https:\/\/voirfaso.com\/fr\/wp-json\/wp\/v2\/media?parent=2147"}],"wp:term":[{"taxonomy":"category","embeddable":true,"href":"https:\/\/voirfaso.com\/fr\/wp-json\/wp\/v2\/categories?post=2147"},{"taxonomy":"post_tag","embeddable":true,"href":"https:\/\/voirfaso.com\/fr\/wp-json\/wp\/v2\/tags?post=2147"}],"curies":[{"name":"wp","href":"https:\/\/api.w.org\/{rel}","templated":true}]}}