{"id":2148,"date":"2026-07-28T10:24:00","date_gmt":"2026-07-28T10:24:00","guid":{"rendered":"http:\/\/localhost:10034\/?p=2148"},"modified":"2026-08-02T22:08:27","modified_gmt":"2026-08-02T22:08:27","slug":"initiatives-carbone-un-projet-de-loi-pour-structurer-le-marche-au-burkina-faso","status":"publish","type":"post","link":"https:\/\/voirfaso.com\/fr\/initiatives-carbone-un-projet-de-loi-pour-structurer-le-marche-au-burkina-faso\/","title":{"rendered":"Initiatives carbone : un projet de loi visant \u00e0 structurer le march\u00e9 au Burkina Faso"},"content":{"rendered":"<p class=\"wp-block-paragraph\">Le Burkina Faso franchit une nouvelle \u00e9tape dans sa politique environnementale. Le ministre d\u00e9l\u00e9gu\u00e9 charg\u00e9 des Ressources animales, Dr Amadou DICKO, a pr\u00e9sent\u00e9 devant la Commission du d\u00e9veloppement durable de l\u2019Assembl\u00e9e l\u00e9gislative du peuple un projet de loi destin\u00e9 \u00e0 encadrer les initiatives carbone sur le territoire national.<\/p>\n\n\n\n<p class=\"wp-block-paragraph\">Ce futur texte ambitionne de cr\u00e9er un cadre juridique permettant de mieux organiser le march\u00e9 des cr\u00e9dits carbone, de renforcer la s\u00e9curit\u00e9 juridique des projets environnementaux et de favoriser la mobilisation de financements en faveur du d\u00e9veloppement durable.<\/p>\n\n\n\n<h2 class=\"wp-block-heading\">Un cadre l\u00e9gal pour mieux valoriser les cr\u00e9dits carbone<\/h2>\n\n\n\n<p class=\"wp-block-paragraph\">Selon le Gouvernement, le projet de loi permettra de s\u00e9curiser les initiatives de r\u00e9duction des \u00e9missions de gaz \u00e0 effet de serre et de mieux valoriser les cr\u00e9dits carbone g\u00e9n\u00e9r\u00e9s au Burkina Faso.<\/p>\n\n\n\n<p class=\"wp-block-paragraph\">Le texte pr\u00e9voit notamment de reconna\u00eetre la propri\u00e9t\u00e9 de l\u2019\u00c9tat sur ces cr\u00e9dits, tout en veillant \u00e0 un partage transparent et \u00e9quitable des b\u00e9n\u00e9fices issus de leur valorisation. Il vise \u00e9galement \u00e0 aligner les projets carbone sur les priorit\u00e9s nationales de d\u00e9veloppement.<\/p>\n\n\n\n<div style=\"height:14px\" aria-hidden=\"true\" class=\"wp-block-spacer\"><\/div>\n\n\n\n<figure class=\"wp-block-gallery has-nested-images columns-default is-cropped rs-img-rounded-sm wp-block-gallery-1 is-layout-flex wp-block-gallery-is-layout-flex\">\n<figure class=\"wp-block-image size-full\"><img decoding=\"async\" data-id=\"7721\" src=\"https:\/\/voirfaso.com\/wp-content\/uploads\/2026\/07\/Les-deputes-examinent-le-projet-de-loi.svg\" alt=\"Les membres de la Commission du d\u00e9veloppement durable suivent la pr\u00e9sentation du projet de loi.\" class=\"wp-image-7721\"\/><figcaption class=\"wp-element-caption\">Les d\u00e9put\u00e9s ont examin\u00e9 les principales dispositions du futur texte.<\/figcaption><\/figure>\n\n\n\n<figure class=\"wp-block-image size-full\"><img decoding=\"async\" data-id=\"7722\" src=\"https:\/\/voirfaso.com\/wp-content\/uploads\/2026\/07\/Echanges-entre-le-Gouvernement-et-les-deputes.svg\" alt=\"Les repr\u00e9sentants du Gouvernement r\u00e9pondent aux questions des d\u00e9put\u00e9s lors de la s\u00e9ance de travail.\" class=\"wp-image-7722\"\/><figcaption class=\"wp-element-caption\">Les \u00e9changes ont port\u00e9 sur les enjeux du futur cadre juridique.<\/figcaption><\/figure>\n<\/figure>\n\n\n\n<div style=\"height:35px\" aria-hidden=\"true\" class=\"wp-block-spacer\"><\/div>\n\n\n\n<h3 class=\"wp-block-heading\">Un potentiel \u00e9conomique et environnemental<\/h3>\n\n\n\n<p class=\"wp-block-paragraph\">Au cours de sa pr\u00e9sentation, Dr Amadou DICKO a rappel\u00e9 que plusieurs projets d\u00e9velopp\u00e9s au Burkina Faso g\u00e9n\u00e8rent d\u00e9j\u00e0 des cr\u00e9dits carbone, alors que le pays ne dispose pas encore d\u2019un cadre juridique sp\u00e9cifique pour les encadrer.<\/p>\n\n\n\n<p class=\"wp-block-paragraph\">Il a notamment cit\u00e9 le Programme national Biodigesteur, ainsi que les projets port\u00e9s par l\u2019association Tiipaalga et Essakane Solar, qui ont permis d\u2019importantes transactions sur le march\u00e9 des cr\u00e9dits carbone<\/p>\n\n\n\n<blockquote class=\"wp-block-quote has-text-align-center rs-post-quote-box is-layout-flow wp-block-quote-is-layout-flow\">\n<p class=\"wp-block-paragraph\">\u00ab Une fois adopt\u00e9, ce projet de loi permettra au Burkina Faso de transformer sa vuln\u00e9rabilit\u00e9 climatique en un v\u00e9ritable levier de croissance verte, de souverainet\u00e9 et de prosp\u00e9rit\u00e9 \u00e9conomique. \u00bb<\/p>\n<cite><strong>Dr Amadou DICKO, ministre d\u00e9l\u00e9gu\u00e9 charg\u00e9 des Ressources animales.<\/strong><br><\/cite><\/blockquote>\n\n\n\n<div style=\"height:14px\" aria-hidden=\"true\" class=\"wp-block-spacer\"><\/div>\n\n\n\n<figure class=\"wp-block-image size-full rs-img-rounded-sm\"><img decoding=\"async\" src=\"https:\/\/voirfaso.com\/wp-content\/uploads\/2026\/07\/Vue-densemble-de-la-salle-de-reunion-de-la-Commission-du-developpement-durable-pendant-les-echanges-autour-du-projet-de-loi.svg\" alt=\"Vue d\u2019ensemble de la salle de r\u00e9union de la Commission du d\u00e9veloppement durable pendant les \u00e9changes autour du projet de loi.\" class=\"wp-image-7724\"\/><figcaption class=\"wp-element-caption\">Vue d\u2019ensemble de la salle de r\u00e9union de la Commission du d\u00e9veloppement durable pendant les \u00e9changes autour du projet de loi.<\/figcaption><\/figure>\n\n\n\n<div style=\"height:35px\" aria-hidden=\"true\" class=\"wp-block-spacer\"><\/div>\n\n\n\n<h3 class=\"wp-block-heading\">Des amendements avant l\u2019adoption<\/h3>\n\n\n\n<p class=\"wp-block-paragraph\">\u00c0 l\u2019issue des \u00e9changes, les d\u00e9put\u00e9s ont formul\u00e9 plusieurs observations et propositions d\u2019amendements afin de renforcer le contenu du texte. Ils ont \u00e9galement insist\u00e9 sur la n\u00e9cessit\u00e9 de rendre cette future loi accessible et compr\u00e9hensible pour les citoyens.<\/p>\n\n\n\n<p class=\"wp-block-paragraph\">Le projet de loi sera pr\u00e9sent\u00e9 \u00e0 nouveau devant la repr\u00e9sentation nationale pour son examen et son adoption, apr\u00e8s prise en compte des recommandations formul\u00e9es par la Commission.<\/p>\n\n\n\n<ul class=\"wp-block-list rs-has-check-icon\"><\/ul>\n\n\n\n<div style=\"height:20px\" aria-hidden=\"true\" class=\"wp-block-spacer\"><\/div>\n\n\n\n<figure class=\"wp-block-image size-full rs-img-rounded-sm\"><img decoding=\"async\" src=\"https:\/\/nerio.rstheme.com\/newspaper\/wp-content\/uploads\/sites\/2\/2025\/11\/ad-banner-thumb-001-1.png\" alt=\"\" class=\"wp-image-7057\"\/><\/figure>\n\n\n\n<div style=\"height:35px\" aria-hidden=\"true\" class=\"wp-block-spacer\"><\/div>\n\n\n\n<p class=\"wp-block-paragraph\">En se dotant d\u2019un cadre juridique d\u00e9di\u00e9 aux initiatives carbone, le Burkina Faso entend mieux valoriser ses projets environnementaux, renforcer son attractivit\u00e9 sur le march\u00e9 des cr\u00e9dits carbone et mobiliser de nouvelles ressources pour soutenir la transition \u00e9cologique et le d\u00e9veloppement durable.<\/p>\n\n\n\n<p class=\"wp-block-paragraph\"><strong>Source :<\/strong>&nbsp;Direction de la Communication et des Relations Publiques du minist\u00e8re de l\u2019Agriculture, de l\u2019Eau, des Ressources animales et halieutiques (DCRP\/MAERAH).<\/p>\n\n\n\n<p class=\"wp-block-paragraph\"><strong>Article adapt\u00e9 et enrichi par la r\u00e9daction de VoirFaso.<\/strong><\/p>\n\n\n\n<p class=\"wp-block-paragraph\"><\/p>","protected":false},"excerpt":{"rendered":"<p>Pr\u00e9sent\u00e9 devant la Commission du d\u00e9veloppement durable de l\u2019Assembl\u00e9e l\u00e9gislative du peuple, le projet de loi sur les initiatives carbone vise \u00e0 doter le Burkina Faso d\u2019un cadre juridique pour encadrer les cr\u00e9dits carbone, attirer des financements verts et mieux valoriser les projets environnementaux men\u00e9s sur le territoire national.<\/p>","protected":false},"author":1,"featured_media":7717,"comment_status":"open","ping_status":"open","sticky":false,"template":"","format":"standard","meta":{"footnotes":""},"categories":[9],"tags":[118,43,101,119,120,122,121,117,96],"class_list":["post-2148","post","type-post","status-publish","format-standard","has-post-thumbnail","hentry","category-environnement","tag-assemblee-legislative-du-peuple","tag-burkina-faso","tag-changement-climatique","tag-credits-carbone","tag-developpement-durable","tag-dr-amadou-dicko","tag-environnement","tag-initiatives-carbone","tag-maerah"],"_links":{"self":[{"href":"https:\/\/voirfaso.com\/fr\/wp-json\/wp\/v2\/posts\/2148","targetHints":{"allow":["GET"]}}],"collection":[{"href":"https:\/\/voirfaso.com\/fr\/wp-json\/wp\/v2\/posts"}],"about":[{"href":"https:\/\/voirfaso.com\/fr\/wp-json\/wp\/v2\/types\/post"}],"author":[{"embeddable":true,"href":"https:\/\/voirfaso.com\/fr\/wp-json\/wp\/v2\/users\/1"}],"replies":[{"embeddable":true,"href":"https:\/\/voirfaso.com\/fr\/wp-json\/wp\/v2\/comments?post=2148"}],"version-history":[{"count":5,"href":"https:\/\/voirfaso.com\/fr\/wp-json\/wp\/v2\/posts\/2148\/revisions"}],"predecessor-version":[{"id":7725,"href":"https:\/\/voirfaso.com\/fr\/wp-json\/wp\/v2\/posts\/2148\/revisions\/7725"}],"wp:featuredmedia":[{"embeddable":true,"href":"https:\/\/voirfaso.com\/fr\/wp-json\/wp\/v2\/media\/7717"}],"wp:attachment":[{"href":"https:\/\/voirfaso.com\/fr\/wp-json\/wp\/v2\/media?parent=2148"}],"wp:term":[{"taxonomy":"category","embeddable":true,"href":"https:\/\/voirfaso.com\/fr\/wp-json\/wp\/v2\/categories?post=2148"},{"taxonomy":"post_tag","embeddable":true,"href":"https:\/\/voirfaso.com\/fr\/wp-json\/wp\/v2\/tags?post=2148"}],"curies":[{"name":"wp","href":"https:\/\/api.w.org\/{rel}","templated":true}]}}