{"id":2149,"date":"2026-08-07T02:53:42","date_gmt":"2026-08-07T02:53:42","guid":{"rendered":"http:\/\/localhost:10034\/?p=2149"},"modified":"2026-08-07T03:37:25","modified_gmt":"2026-08-07T03:37:25","slug":"sitho-2026-le-burkina-faso-fait-du-financement-des-projets-structurants-une-priorite-pour-le-tourisme","status":"publish","type":"post","link":"https:\/\/voirfaso.com\/fr\/sitho-2026-le-burkina-faso-fait-du-financement-des-projets-structurants-une-priorite-pour-le-tourisme\/","title":{"rendered":"SITHO 2026 : le Burkina Faso fait du financement des projets structurants une priorit\u00e9 pour le tourisme"},"content":{"rendered":"<p class=\"wp-block-paragraph\">Le\u00a0<strong>Salon international du tourisme et de l\u2019h\u00f4tellerie de Ouagadougou (SITHO)<\/strong>\u00a0entend franchir une nouvelle \u00e9tape en 2026. \u00c0 l\u2019occasion d\u2019une conf\u00e9rence de presse tenue le\u00a0<strong>jeudi 6 ao\u00fbt 2026 \u00e0 Ouagadougou<\/strong>, le\u00a0<strong>Comit\u00e9 national d\u2019organisation (CNO)<\/strong>\u00a0a d\u00e9voil\u00e9 les grandes orientations de cette nouvelle \u00e9dition, pr\u00e9vue\u00a0<strong>du 22 au 27 septembre 2026<\/strong>\u00a0au\u00a0<strong>Parc d\u2019exposition du SIAO<\/strong>.<\/p>\n\n\n\n<p class=\"wp-block-paragraph\">Cette \u00e9dition sera plac\u00e9e sous le th\u00e8me :\u00a0<strong>\u00ab Financement des projets structurants : un levier pour le d\u00e9veloppement du tourisme \u00bb<\/strong>. Un choix qui traduit la volont\u00e9 des organisateurs de placer les investissements au c\u0153ur de la transformation du secteur touristique burkinab\u00e8.<\/p>\n\n\n\n<h2 class=\"wp-block-heading\">Le financement au c\u0153ur des ambitions du SITHO 2026<\/h2>\n\n\n\n<p class=\"wp-block-paragraph\">Pour les organisateurs, le d\u00e9veloppement du tourisme ne peut se faire sans investissements durables dans les infrastructures, les \u00e9quipements, la formation des acteurs et la modernisation de l\u2019offre touristique.<\/p>\n\n\n\n<p class=\"wp-block-paragraph\">Le th\u00e8me retenu met ainsi l\u2019accent sur la mobilisation des ressources financi\u00e8res, le renforcement des partenariats public-priv\u00e9 et l\u2019am\u00e9lioration de la gouvernance afin de soutenir des projets capables de renforcer la comp\u00e9titivit\u00e9 du Burkina Faso sur le march\u00e9 touristique.<\/p>\n\n\n\n<div style=\"height:14px\" aria-hidden=\"true\" class=\"wp-block-spacer\"><\/div>\n\n\n\n<figure class=\"wp-block-gallery has-nested-images columns-default is-cropped rs-img-rounded-sm wp-block-gallery-1 is-layout-flex wp-block-gallery-is-layout-flex\">\n<figure class=\"wp-block-image size-full\"><img decoding=\"async\" data-id=\"7862\" src=\"https:\/\/voirfaso.com\/wp-content\/uploads\/2026\/08\/Le-Directeur-general-de-Faso-Tourisme-presente-les-enjeux-du-SITHO-2026.svg\" alt=\"Le Directeur g\u00e9n\u00e9ral de Faso Tourisme intervenant lors de la conf\u00e9rence de presse du SITHO 2026.\" class=\"wp-image-7862\"\/><figcaption class=\"wp-element-caption\">Le camarade Sula\u00efma KAGONE, Directeur g\u00e9n\u00e9ral de Faso Tourisme a d\u00e9taill\u00e9 les orientations de cette \u00e9dition consacr\u00e9e au financement des projets structurants.<\/figcaption><\/figure>\n\n\n\n<figure class=\"wp-block-image size-full\"><img decoding=\"async\" data-id=\"7863\" src=\"https:\/\/voirfaso.com\/wp-content\/uploads\/2026\/08\/Le-Secretaire-general-du-MCCAT-sexprime-devant-la-presse.svg\" alt=\"Le Secr\u00e9taire g\u00e9n\u00e9ral du minist\u00e8re de la Communication, de la Culture, des Arts et du Tourisme lors de la conf\u00e9rence de presse du SITHO 2026.\" class=\"wp-image-7863\"\/><figcaption class=\"wp-element-caption\">Camarade  Fid\u00e8le TAMINI Secr\u00e9taire g\u00e9n\u00e9ral du minist\u00e8re a r\u00e9affirm\u00e9 l\u2019engagement des autorit\u00e9s \u00e0 faire du SITHO 2026 un rendez-vous majeur pour le tourisme burkinab\u00e8.<\/figcaption><\/figure>\n<\/figure>\n\n\n\n<div style=\"height:35px\" aria-hidden=\"true\" class=\"wp-block-spacer\"><\/div>\n\n\n\n<h3 class=\"wp-block-heading\">Un rendez-vous international pour les professionnels<\/h3>\n\n\n\n<p class=\"wp-block-paragraph\">Pendant six jours, Ouagadougou accueillera des acteurs venus de plusieurs pays africains.<\/p>\n\n\n\n<p class=\"wp-block-paragraph\">Parmi les participants attendus figurent des investisseurs, des op\u00e9rateurs \u00e9conomiques, des \u00e9tablissements financiers, des offices nationaux de tourisme, des collectivit\u00e9s territoriales, des chercheurs, des startups, des m\u00e9dias sp\u00e9cialis\u00e9s ainsi que des d\u00e9l\u00e9gations \u00e9trang\u00e8res.<\/p>\n\n\n\n<p class=\"wp-block-paragraph\">L\u2019objectif est de favoriser les \u00e9changes d\u2019exp\u00e9riences, le d\u00e9veloppement de nouveaux partenariats et la concr\u00e9tisation de projets porteurs pour le secteur.<\/p>\n\n\n\n<blockquote class=\"wp-block-quote has-text-align-center rs-post-quote-box is-layout-flow wp-block-quote-is-layout-flow\">\n<p class=\"wp-block-paragraph\">Le financement demeure un facteur essentiel pour b\u00e2tir un tourisme durable, comp\u00e9titif et cr\u00e9ateur d\u2019emplois, dans un cadre de gouvernance efficace et de partenariat entre les secteurs public et priv\u00e9.<\/p>\n<cite>Fid\u00e8le Tamini, pr\u00e9sident du Comit\u00e9 national d\u2019organisation du SITHO 2026<\/cite><\/blockquote>\n\n\n\n<h3 class=\"wp-block-heading\">Un programme orient\u00e9 vers l\u2019innovation et les partenariats<\/h3>\n\n\n\n<p class=\"wp-block-paragraph\">Au-del\u00e0 des espaces d\u2019exposition, le SITHO 2026 proposera plusieurs activit\u00e9s destin\u00e9es \u00e0 stimuler les investissements et les \u00e9changes.<\/p>\n\n\n\n<p class=\"wp-block-paragraph\">Parmi les temps forts annonc\u00e9s figurent :<\/p>\n\n\n\n<ul class=\"wp-block-list\">\n<li>le\u00a0<strong>Forum des acteurs du tourisme de la Conf\u00e9d\u00e9ration des \u00c9tats du Sahel (AES)<\/strong>\u00a0;<\/li>\n\n\n\n<li>des\u00a0<strong>rencontres B to B<\/strong>\u00a0entre investisseurs et professionnels ;<\/li>\n\n\n\n<li>L\u2019\u00c9duc\u2019Tour, destin\u00e9 \u00e0 faire d\u00e9couvrir les potentialit\u00e9s touristiques du Burkina Faso aux participants.<\/li>\n<\/ul>\n\n\n\n<p class=\"wp-block-paragraph\">Ces initiatives visent \u00e0 faire du SITHO une plateforme de r\u00e9flexion, d\u2019innovation et de coop\u00e9ration r\u00e9gionale.<\/p>\n\n\n\n<div style=\"height:14px\" aria-hidden=\"true\" class=\"wp-block-spacer\"><\/div>\n\n\n\n<figure class=\"wp-block-image size-full rs-img-rounded-sm\"><img decoding=\"async\" src=\"https:\/\/voirfaso.com\/wp-content\/uploads\/2026\/08\/la-camarade-Helene-Sebogo-Directrice-de-la-Communication-de-Faso-Tourisme.svg\" alt=\"La camarade H\u00e9l\u00e8ne Sebogo, Directrice de la Communication de Faso Tourisme, s'exprimant lors de la conf\u00e9rence de presse. \" class=\"wp-image-7864\"\/><figcaption class=\"wp-element-caption\">La camarade H\u00e9l\u00e8ne Sebogo, directrice de la communication de Faso Tourisme, s&#8217;exprimant lors de la conf\u00e9rence de presse. <\/figcaption><\/figure>\n\n\n\n<div style=\"height:35px\" aria-hidden=\"true\" class=\"wp-block-spacer\"><\/div>\n\n\n\n<h3 class=\"wp-block-heading\"><strong>Une mobilisation de tous les acteurs attendue<\/strong><\/h3>\n\n\n\n<p class=\"wp-block-paragraph\">Le Comit\u00e9 national d\u2019organisation appelle les collectivit\u00e9s territoriales, les op\u00e9rateurs priv\u00e9s, les organisations professionnelles, les partenaires techniques et financiers, les m\u00e9dias, les influenceurs ainsi que les populations \u00e0 contribuer activement \u00e0 la r\u00e9ussite de cette \u00e9dition.<\/p>\n\n\n\n<p class=\"wp-block-paragraph\">Les organisateurs souhaitent \u00e9galement renforcer la visibilit\u00e9 du salon \u00e0 l\u2019\u00e9chelle nationale et internationale afin de positionner durablement le Burkina Faso comme une destination de r\u00e9f\u00e9rence pour les investisseurs et les professionnels du tourisme.<\/p>\n\n\n\n<p class=\"wp-block-paragraph\">Le choix de consacrer le SITHO 2026 au financement des projets structurants r\u00e9pond \u00e0 un enjeu majeur : disposer des ressources n\u00e9cessaires pour d\u00e9velopper des infrastructures modernes, am\u00e9liorer les services touristiques et attirer davantage d\u2019investissements. En r\u00e9unissant d\u00e9cideurs publics, secteur priv\u00e9, institutions financi\u00e8res et partenaires internationaux, le salon peut contribuer \u00e0 acc\u00e9l\u00e9rer la transformation du tourisme en un v\u00e9ritable moteur de croissance \u00e9conomique et de cr\u00e9ation d\u2019emplois.<\/p>\n\n\n\n<div style=\"height:20px\" aria-hidden=\"true\" class=\"wp-block-spacer\"><\/div>\n\n\n\n<figure class=\"wp-block-image size-full rs-img-rounded-sm\"><img decoding=\"async\" src=\"https:\/\/nerio.rstheme.com\/newspaper\/wp-content\/uploads\/sites\/2\/2025\/11\/ad-banner-thumb-001-1.png\" alt=\"\" class=\"wp-image-7057\"\/><\/figure>\n\n\n\n<div style=\"height:35px\" aria-hidden=\"true\" class=\"wp-block-spacer\"><\/div>\n\n\n\n<p class=\"wp-block-paragraph\">Avec cette \u00e9dition 2026, le&nbsp;<strong>SITHO<\/strong>&nbsp;affiche une ambition claire : d\u00e9passer le cadre d\u2019un salon d\u2019exposition pour devenir une plateforme de r\u00e9flexion strat\u00e9gique et d\u2019opportunit\u00e9s d\u2019affaires. En pla\u00e7ant le financement des projets structurants au centre des d\u00e9bats, le Burkina Faso entend cr\u00e9er un environnement favorable aux investissements et renforcer la comp\u00e9titivit\u00e9 de son offre touristique. Si les engagements annonc\u00e9s se traduisent par des actions concr\u00e8tes, cette \u00e9dition pourrait marquer une \u00e9tape importante dans le d\u00e9veloppement durable du tourisme national et du rayonnement de la destination Burkina Faso.<\/p>\n\n\n\n<p class=\"wp-block-paragraph\"><strong>Source :<\/strong>\u00a0Comit\u00e9 national d\u2019organisation du SITHO 2026 (Conf\u00e9rence de presse du 6 ao\u00fbt 2026). \u2013\u00a0<strong>Article adapt\u00e9, enrichi et optimis\u00e9 pour le web par la r\u00e9daction de VoirFaso<\/strong>.<\/p>","protected":false},"excerpt":{"rendered":"<p>Le Salon international du tourisme et de l\u2019h\u00f4tellerie de Ouagadougou (SITHO) revient du 22 au 27 septembre 2026 avec une ambition affirm\u00e9e : faire du financement des projets structurants le moteur du d\u00e9veloppement touristique. Organisateurs, investisseurs, institutions financi\u00e8res et professionnels sont attendus pour b\u00e2tir ensemble l\u2019avenir du tourisme burkinab\u00e8.<\/p>","protected":false},"author":1,"featured_media":7859,"comment_status":"open","ping_status":"open","sticky":false,"template":"","format":"standard","meta":{"footnotes":""},"categories":[5],"tags":[178,176,175,180,173,45,179,174,172,48,177,144],"class_list":["post-2149","post","type-post","status-publish","format-standard","has-post-thumbnail","hentry","category-tourisme","tag-aes","tag-fidele-tamini","tag-financement-tourisme","tag-hotellerie","tag-investissement-touristique","tag-ouagadougou","tag-parc-dexposition-du-siao","tag-salon-international-du-tourisme","tag-sitho-2026","tag-tourisme-burkina-faso","tag-tourisme-durable","tag-voirfaso"],"_links":{"self":[{"href":"https:\/\/voirfaso.com\/fr\/wp-json\/wp\/v2\/posts\/2149","targetHints":{"allow":["GET"]}}],"collection":[{"href":"https:\/\/voirfaso.com\/fr\/wp-json\/wp\/v2\/posts"}],"about":[{"href":"https:\/\/voirfaso.com\/fr\/wp-json\/wp\/v2\/types\/post"}],"author":[{"embeddable":true,"href":"https:\/\/voirfaso.com\/fr\/wp-json\/wp\/v2\/users\/1"}],"replies":[{"embeddable":true,"href":"https:\/\/voirfaso.com\/fr\/wp-json\/wp\/v2\/comments?post=2149"}],"version-history":[{"count":5,"href":"https:\/\/voirfaso.com\/fr\/wp-json\/wp\/v2\/posts\/2149\/revisions"}],"predecessor-version":[{"id":7865,"href":"https:\/\/voirfaso.com\/fr\/wp-json\/wp\/v2\/posts\/2149\/revisions\/7865"}],"wp:featuredmedia":[{"embeddable":true,"href":"https:\/\/voirfaso.com\/fr\/wp-json\/wp\/v2\/media\/7859"}],"wp:attachment":[{"href":"https:\/\/voirfaso.com\/fr\/wp-json\/wp\/v2\/media?parent=2149"}],"wp:term":[{"taxonomy":"category","embeddable":true,"href":"https:\/\/voirfaso.com\/fr\/wp-json\/wp\/v2\/categories?post=2149"},{"taxonomy":"post_tag","embeddable":true,"href":"https:\/\/voirfaso.com\/fr\/wp-json\/wp\/v2\/tags?post=2149"}],"curies":[{"name":"wp","href":"https:\/\/api.w.org\/{rel}","templated":true}]}}