{"id":2166,"date":"2026-08-02T19:24:51","date_gmt":"2026-08-02T19:24:51","guid":{"rendered":"http:\/\/localhost:10034\/?p=2166"},"modified":"2026-08-02T20:32:11","modified_gmt":"2026-08-02T20:32:11","slug":"premier-ministre-producteurs-bama-offensive-agropastorale","status":"publish","type":"post","link":"https:\/\/voirfaso.com\/fr\/premier-ministre-producteurs-bama-offensive-agropastorale\/","title":{"rendered":"\u00c0 Bama, le Premier ministre salue les efforts des producteurs pour la souverainet\u00e9 alimentaire"},"content":{"rendered":"<p class=\"wp-block-paragraph\">Apr\u00e8s avoir proc\u00e9d\u00e9 \u00e0 la mise en eau du p\u00e9rim\u00e8tre irrigu\u00e9 de Ni\u00e9gu\u00e9ma-Touk\u00f4r\u00f4, le Premier ministre, Rimtalba Jean Emmanuel Ou\u00e9draogo, a poursuivi sa visite \u00e0 Bama par une s\u00e9rie d\u2019\u00e9changes avec des producteurs agricoles. Cette \u00e9tape visait \u00e0 appr\u00e9cier l\u2019\u00e9volution de la campagne agricole et \u00e0 mesurer les effets des mesures d\u2019accompagnement mises en place par l\u2019\u00c9tat dans le cadre de l\u2019Offensive agropastorale, hydraulique et halieutique.<\/p>\n\n\n\n<p class=\"wp-block-paragraph\">Au-del\u00e0 de la visite protocolaire, cette immersion sur le terrain traduit la volont\u00e9 des autorit\u00e9s de suivre de pr\u00e8s la mise en \u0153uvre des actions destin\u00e9es \u00e0 renforcer la production agricole et la s\u00e9curit\u00e9 alimentaire.<\/p>\n\n\n\n<h2 class=\"wp-block-heading\">Des exploitations soutenues par les mesures de l\u2019\u00c9tat<\/h2>\n\n\n\n<p class=\"wp-block-paragraph\">La premi\u00e8re visite a conduit le chef du gouvernement dans l\u2019exploitation familiale de Ou\u00e9draogo Madi. B\u00e9n\u00e9ficiaire de semences am\u00e9lior\u00e9es et d\u2019engrais, cette exploitation cultive deux hectares de ma\u00efs, avec une production estim\u00e9e \u00e0 dix tonnes, ainsi qu\u2019un demi-hectare de riz dont la r\u00e9colte attendue est d\u2019environ deux tonnes.<\/p>\n\n\n\n<p class=\"wp-block-paragraph\">La d\u00e9l\u00e9gation s\u2019est ensuite rendue sur un p\u00e9rim\u00e8tre rizicole de 30 hectares exploit\u00e9 par un groupement de femmes de Bama. Les exploitantes b\u00e9n\u00e9ficient \u00e9galement d\u2019un accompagnement de l\u2019\u00c9tat \u00e0 travers la mise \u00e0 disposition d\u2019intrants agricoles et d\u2019\u00e9quipements de production.<\/p>\n\n\n\n<div style=\"height:14px\" aria-hidden=\"true\" class=\"wp-block-spacer\"><\/div>\n\n\n\n<figure class=\"wp-block-gallery has-nested-images columns-default is-cropped rs-img-rounded-sm wp-block-gallery-1 is-layout-flex wp-block-gallery-is-layout-flex\">\n<figure class=\"wp-block-image size-full\"><img decoding=\"async\" data-id=\"7705\" src=\"https:\/\/voirfaso.com\/wp-content\/uploads\/2026\/08\/Visite-des-exploitations-agricoles.svg\" alt=\"Le Premier ministre visite une exploitation agricole et \u00e9change avec les producteurs.\" class=\"wp-image-7705\"\/><figcaption class=\"wp-element-caption\">Les \u00e9changes ont port\u00e9 sur l\u2019\u00e9volution de la campagne agricole.<\/figcaption><\/figure>\n\n\n\n<figure class=\"wp-block-image size-full\"><img decoding=\"async\" data-id=\"7706\" src=\"https:\/\/voirfaso.com\/wp-content\/uploads\/2026\/08\/Le-Premier-ministre-au-contact-des-producteurs.svg\" alt=\"Le Premier ministre \u00e9change avec des producteurs lors de sa visite \u00e0 Bama.\" class=\"wp-image-7706\"\/><figcaption class=\"wp-element-caption\">Les producteurs ont pr\u00e9sent\u00e9 leurs pr\u00e9occupations et leurs attentes.<\/figcaption><\/figure>\n<\/figure>\n\n\n\n<div style=\"height:35px\" aria-hidden=\"true\" class=\"wp-block-spacer\"><\/div>\n\n\n\n<h3 class=\"wp-block-heading\">Des exploitations soutenues par les mesures de l\u2019\u00c9tat Les producteurs souhaitent un accompagnement renforc\u00e9<\/h3>\n\n\n\n<p class=\"wp-block-paragraph\">Au cours des \u00e9changes, les producteurs ont salu\u00e9 les efforts consentis par l\u2019\u00c9tat, notamment en mati\u00e8re de fourniture d\u2019engrais, de semences am\u00e9lior\u00e9es et de mat\u00e9riel agricole. Ils ont toutefois exprim\u00e9 le souhait de b\u00e9n\u00e9ficier d\u2019un accompagnement encore plus important afin d\u2019am\u00e9liorer leurs capacit\u00e9s de production.<\/p>\n\n\n\n<blockquote class=\"wp-block-quote has-text-align-center rs-post-quote-box is-layout-flow wp-block-quote-is-layout-flow\">\n<p class=\"wp-block-paragraph\">\u00ab Il y a des motifs de satisfaction. Je voudrais vous f\u00e9liciter et vous encourager pour les efforts que vous d\u00e9ployez afin de produire davantage. \u00bb<\/p>\n<cite>Rimtalba Jean Emmanuel Ou\u00e9draogo, Premier ministre.<\/cite><\/blockquote>\n\n\n\n<p class=\"wp-block-paragraph\">Le Chef du Gouvernement a rappel\u00e9 que la souverainet\u00e9 alimentaire constitue, avec la reconqu\u00eate du territoire national, l\u2019une des priorit\u00e9s du Burkina Faso. Il a invit\u00e9 les producteurs \u00e0 poursuivre leurs efforts et \u00e0 appliquer les conseils techniques des agents d\u2019encadrement pour am\u00e9liorer durablement les rendements.<\/p>\n\n\n\n<div style=\"height:14px\" aria-hidden=\"true\" class=\"wp-block-spacer\"><\/div>\n\n\n\n<figure class=\"wp-block-image size-full rs-img-rounded-sm\"><img decoding=\"async\" src=\"https:\/\/voirfaso.com\/wp-content\/uploads\/2026\/08\/Photo-de-famille-avec-les-producteurs-a-Bama.svg\" alt=\"Le Premier ministre pose avec les producteurs, les autorit\u00e9s locales et les participants \u00e0 l\u2019issue de la visite des exploitations agricoles \u00e0 Bama.\" class=\"wp-image-7711\"\/><figcaption class=\"wp-element-caption\">Photo de famille \u00e0 l\u2019issue de la visite de terrain aupr\u00e8s des producteurs de Bama.<\/figcaption><\/figure>\n\n\n\n<div style=\"height:35px\" aria-hidden=\"true\" class=\"wp-block-spacer\"><\/div>\n\n\n\n<h3 class=\"wp-block-heading\">Une offensive tourn\u00e9e vers des r\u00e9sultats concrets<\/h3>\n\n\n\n<p class=\"wp-block-paragraph\">R\u00e9pondant aux pr\u00e9occupations des exploitantes du p\u00e9rim\u00e8tre rizicole, le Premier ministre a assur\u00e9 que l\u2019appui de l\u2019\u00c9tat se poursuivra afin de favoriser une augmentation durable des productions.<\/p>\n\n\n\n<p class=\"wp-block-paragraph\">Cette visite de terrain illustre la volont\u00e9 du Gouvernement de suivre l\u2019application des politiques agricoles au plus pr\u00e8s des r\u00e9alit\u00e9s des producteurs. L\u2019objectif est de transformer les investissements publics en r\u00e9coltes abondantes, en revenus pour les exploitants et en une meilleure disponibilit\u00e9 des denr\u00e9es alimentaires pour les populations.<\/p>\n\n\n\n<figure class=\"wp-block-image size-full rs-img-rounded-sm\"><img decoding=\"async\" src=\"https:\/\/nerio.rstheme.com\/newspaper\/wp-content\/uploads\/sites\/2\/2025\/11\/ad-banner-thumb-001-1.png\" alt=\"\" class=\"wp-image-7057\"\/><\/figure>\n\n\n\n<div style=\"height:35px\" aria-hidden=\"true\" class=\"wp-block-spacer\"><\/div>\n\n\n\n<p class=\"wp-block-paragraph\">\u00c0 travers cette visite \u00e0 Bama, le Gouvernement met l\u2019accent sur le suivi des actions engag\u00e9es en faveur de l\u2019agriculture. En renfor\u00e7ant l\u2019accompagnement des producteurs et la ma\u00eetrise des ressources agricoles, les autorit\u00e9s entendent faire de l\u2019autosuffisance alimentaire un levier durable de d\u00e9veloppement pour le Burkina Faso.<\/p>\n\n\n\n<p class=\"wp-block-paragraph\"><strong>Source:<\/strong>\u00a0Direction de la Communication et des Relations Publiques (DCRP\/Primature)<\/p>\n\n\n\n<p class=\"wp-block-paragraph\"><strong>Article adapt\u00e9 et enrichi par la r\u00e9daction de VoirFaso.<\/strong><\/p>","protected":false},"excerpt":{"rendered":"<p>\u00c0 Bama, le Premier ministre Rimtalba Jean Emmanuel Ou\u00e9draogo est all\u00e9 \u00e0 la rencontre de producteurs agricoles apr\u00e8s la mise en eau du p\u00e9rim\u00e8tre irrigu\u00e9 de Ni\u00e9gu\u00e9ma-Touk\u00f4r\u00f4. Cette visite de terrain a permis d\u2019\u00e9valuer la campagne agricole, d\u2019encourager les exploitants et de r\u00e9affirmer l\u2019engagement de l\u2019\u00c9tat en faveur de la souverainet\u00e9 alimentaire.<\/p>","protected":false},"author":1,"featured_media":7700,"comment_status":"open","ping_status":"open","sticky":false,"template":"","format":"standard","meta":{"footnotes":""},"categories":[9],"tags":[105,54,43,116,115,114,111,110,112,113,99],"class_list":["post-2166","post","type-post","status-publish","format-standard","has-post-thumbnail","hentry","category-environnement","tag-agriculture","tag-bama","tag-burkina-faso","tag-campagne-agricole","tag-guiriko","tag-mais","tag-offensive-agropastorale","tag-primature","tag-producteurs-agricoles","tag-riziculture","tag-souverainete-alimentaire"],"_links":{"self":[{"href":"https:\/\/voirfaso.com\/fr\/wp-json\/wp\/v2\/posts\/2166","targetHints":{"allow":["GET"]}}],"collection":[{"href":"https:\/\/voirfaso.com\/fr\/wp-json\/wp\/v2\/posts"}],"about":[{"href":"https:\/\/voirfaso.com\/fr\/wp-json\/wp\/v2\/types\/post"}],"author":[{"embeddable":true,"href":"https:\/\/voirfaso.com\/fr\/wp-json\/wp\/v2\/users\/1"}],"replies":[{"embeddable":true,"href":"https:\/\/voirfaso.com\/fr\/wp-json\/wp\/v2\/comments?post=2166"}],"version-history":[{"count":9,"href":"https:\/\/voirfaso.com\/fr\/wp-json\/wp\/v2\/posts\/2166\/revisions"}],"predecessor-version":[{"id":7723,"href":"https:\/\/voirfaso.com\/fr\/wp-json\/wp\/v2\/posts\/2166\/revisions\/7723"}],"wp:featuredmedia":[{"embeddable":true,"href":"https:\/\/voirfaso.com\/fr\/wp-json\/wp\/v2\/media\/7700"}],"wp:attachment":[{"href":"https:\/\/voirfaso.com\/fr\/wp-json\/wp\/v2\/media?parent=2166"}],"wp:term":[{"taxonomy":"category","embeddable":true,"href":"https:\/\/voirfaso.com\/fr\/wp-json\/wp\/v2\/categories?post=2166"},{"taxonomy":"post_tag","embeddable":true,"href":"https:\/\/voirfaso.com\/fr\/wp-json\/wp\/v2\/tags?post=2166"}],"curies":[{"name":"wp","href":"https:\/\/api.w.org\/{rel}","templated":true}]}}