{"id":2167,"date":"2026-05-13T12:28:39","date_gmt":"2026-05-13T12:28:39","guid":{"rendered":"http:\/\/localhost:10034\/?p=2167"},"modified":"2026-07-31T12:41:07","modified_gmt":"2026-07-31T12:41:07","slug":"pnet-2026-burkina-faso-recompense-entrepreneur-innovent","status":"publish","type":"post","link":"https:\/\/voirfaso.com\/fr\/pnet-2026-burkina-faso-recompense-entrepreneur-innovent\/","title":{"rendered":"PNET 2026 : le Burkina Faso r\u00e9compense les entrepreneurs qui innovent dans le secteur du tourisme"},"content":{"rendered":"<p class=\"wp-block-paragraph\">Le Burkina Faso poursuit sa strat\u00e9gie de valorisation du secteur touristique. Avec le lancement officiel de la 8\u1d49 \u00e9dition du Prix national de l\u2019entrepreneur touristique (PNET), les autorit\u00e9s souhaitent mettre en lumi\u00e8re les professionnels qui participent au d\u00e9veloppement de cette fili\u00e8re porteuse d\u2019emplois et de croissance.<\/p>\n\n\n\n<p class=\"wp-block-paragraph\">Le tourisme est consid\u00e9r\u00e9 comme un levier de d\u00e9veloppement \u00e9conomique. H\u00f4tels, restaurants, agences de voyages, guides, sites touristiques et acteurs des loisirs contribuent \u00e0 cr\u00e9er de la richesse et \u00e0 promouvoir l\u2019image du pays.<\/p>\n\n\n\n<p class=\"wp-block-paragraph\">Le PNET s\u2019inscrit dans cette dynamique en r\u00e9compensant les initiatives les plus performantes.<\/p>\n\n\n\n<p class=\"wp-block-paragraph\">Parmi les principales nouveaut\u00e9s figurent :<\/p>\n\n\n\n<ul class=\"wp-block-list\">\n<li>un atelier consacr\u00e9 \u00e0 l\u2019hygi\u00e8ne dans les \u00e9tablissements touristiques ;<\/li>\n\n\n\n<li>des primes li\u00e9es au classement des \u00e9tablissements d\u2019h\u00e9bergement et des restaurants ;<\/li>\n\n\n\n<li>un prix sp\u00e9cial pour les mets du terroir ;<\/li>\n\n\n\n<li>l\u2019int\u00e9gration des meubl\u00e9s de tourisme ;<\/li>\n\n\n\n<li>Une meilleure prise en compte des activit\u00e9s de loisirs touristiques.<\/li>\n<\/ul>\n\n\n\n<p class=\"wp-block-paragraph\">Au total, 30 prix seront remis lors de la \u00ab Nuit de l\u2019entrepreneur touristique \u00bb pr\u00e9vue le 23 octobre 2026.<\/p>\n\n\n\n<div style=\"height:14px\" aria-hidden=\"true\" class=\"wp-block-spacer\"><\/div>\n\n\n\n<figure class=\"wp-block-gallery has-nested-images columns-default is-cropped rs-img-rounded-sm wp-block-gallery-1 is-layout-flex wp-block-gallery-is-layout-flex\">\n<figure class=\"wp-block-image size-full\"><img decoding=\"async\" data-id=\"7577\" src=\"https:\/\/voirfaso.com\/wp-content\/uploads\/2025\/10\/Science-Website-in-Dark-Brown-Grey-Image-Led-Style-7-1.svg\" alt=\"La Directrice g\u00e9n\u00e9rale du Tourisme s\u2019exprime au micro lors de la conf\u00e9rence de lancement du PNET 2026, aux c\u00f4t\u00e9s d\u2019un autre responsable du minist\u00e8re.\" class=\"wp-image-7577\"\/><figcaption class=\"wp-element-caption\"> La Directrice g\u00e9n\u00e9rale du Tourisme la camarade Monique OUEDRAOGO\/ILBOUDO  pr\u00e9sente les innovations de la 8\u1d49 \u00e9dition du PNET.<\/figcaption><\/figure>\n\n\n\n<figure class=\"wp-block-image size-full\"><img decoding=\"async\" data-id=\"7578\" src=\"https:\/\/voirfaso.com\/wp-content\/uploads\/2025\/10\/Science-Website-in-Dark-Brown-Grey-Image-Led-Style-9.svg\" alt=\"Photo de groupe des officiels et responsables du Minist\u00e8re du Tourisme lors du lancement du PNET 2026 \u00e0 Ouagadougou.\" class=\"wp-image-7578\"\/><figcaption class=\"wp-element-caption\">Les responsables du Minist\u00e8re du Tourisme et leurs partenaires, r\u00e9unis pour le lancement de la 8\u1d49 \u00e9dition du PNET.<\/figcaption><\/figure>\n<\/figure>\n\n\n\n<div style=\"height:35px\" aria-hidden=\"true\" class=\"wp-block-spacer\"><\/div>\n\n\n\n<h3 class=\"wp-block-heading\">Impacts<\/h3>\n\n\n\n<p class=\"wp-block-paragraph\">Le concours vise \u00e0 :<\/p>\n\n\n\n<ul class=\"wp-block-list\">\n<li>Cr\u00e9er davantage d\u2019emplois.<\/li>\n<\/ul>\n\n\n\n<ul class=\"wp-block-list\">\n<li>encourager l\u2019excellence ;<\/li>\n<\/ul>\n\n\n\n<ul class=\"wp-block-list\">\n<li>am\u00e9liorer la qualit\u00e9 des prestations ;<\/li>\n<\/ul>\n\n\n\n<ul class=\"wp-block-list\">\n<li>renforcer la comp\u00e9titivit\u00e9 des entreprises ;<\/li>\n<\/ul>\n\n\n\n<ul class=\"wp-block-list\">\n<li>promouvoir les produits touristiques locaux ;<\/li>\n<\/ul>\n\n\n\n<h3 class=\"wp-block-heading\">Enjeux<\/h3>\n\n\n\n<p class=\"wp-block-paragraph\">Au-del\u00e0 de la comp\u00e9tition, le PNET constitue un outil de professionnalisation du secteur. En valorisant les meilleures pratiques, il encourage les acteurs \u00e0 investir dans la qualit\u00e9, l\u2019innovation et l\u2019accueil des visiteurs, tout en renfor\u00e7ant l\u2019attractivit\u00e9 de la destination Burkina Faso.<\/p>\n\n\n\n<div style=\"height:14px\" aria-hidden=\"true\" class=\"wp-block-spacer\"><\/div>\n\n\n\n<figure class=\"wp-block-image size-full rs-img-rounded-sm\"><img decoding=\"async\" src=\"https:\/\/voirfaso.com\/wp-content\/uploads\/2025\/10\/Science-Website-in-Dark-Brown-Grey-Image-Led-Style-8.svg\" alt=\" La Directrice g\u00e9n\u00e9rale du Tourisme proc\u00e8de \u00e0 l\u2019inscription officielle au concours, devant la banderole de la conf\u00e9rence de presse de lancement de la 8\u1d49 \u00e9dition du PNET.\" class=\"wp-image-7575\"\/><figcaption class=\"wp-element-caption\"> Le lancement des inscriptions au PNET 2026, ouvertes jusqu\u2019au 15 juin.<\/figcaption><\/figure>\n\n\n\n<div style=\"height:35px\" aria-hidden=\"true\" class=\"wp-block-spacer\"><\/div>\n\n\n\n<h3 class=\"wp-block-heading\">Conclusion<\/h3>\n\n\n\n<p class=\"wp-block-paragraph\">Le lancement du PNET 2026 marque une nouvelle \u00e9tape dans la promotion du tourisme national. Avec ses innovations et ses distinctions, cette \u00e9dition ambitionne de stimuler l\u2019esprit d\u2019entreprise et d\u2019accompagner la transformation du secteur touristique burkinab\u00e8.<\/p>\n\n\n\n<p class=\"wp-block-paragraph\">Source : Direction g\u00e9n\u00e9rale du Tourisme<\/p>\n\n\n\n<div style=\"height:20px\" aria-hidden=\"true\" class=\"wp-block-spacer\"><\/div>\n\n\n\n<figure class=\"wp-block-image size-full rs-img-rounded-sm\"><img decoding=\"async\" src=\"https:\/\/nerio.rstheme.com\/newspaper\/wp-content\/uploads\/sites\/2\/2025\/11\/ad-banner-thumb-001-1.png\" alt=\"\" class=\"wp-image-7057\"\/><\/figure>\n\n\n\n<div style=\"height:35px\" aria-hidden=\"true\" class=\"wp-block-spacer\"><\/div>\n\n\n\n<h3 class=\"wp-block-heading\">La question de Voir Faso<\/h3>\n\n\n\n<p class=\"wp-block-paragraph\"><strong>Selon vous, quelles initiatives devraient \u00eatre davantage r\u00e9compens\u00e9es pour acc\u00e9l\u00e9rer le d\u00e9veloppement du tourisme burkinab\u00e8 ?<\/strong><\/p>\n\n\n\n<p class=\"wp-block-paragraph\"><\/p>","protected":false},"excerpt":{"rendered":"<p>Le Burkina Faso relance le Prix national de l\u2019entrepreneur touristique 2026 avec plusieurs innovations destin\u00e9es \u00e0 encourager les professionnels du secteur. Les candidatures sont ouvertes avant une grande c\u00e9r\u00e9monie pr\u00e9vue en octobre.<\/p>","protected":false},"author":1,"featured_media":7575,"comment_status":"open","ping_status":"open","sticky":false,"template":"","format":"standard","meta":{"footnotes":""},"categories":[5],"tags":[43,44,45,42],"class_list":["post-2167","post","type-post","status-publish","format-standard","has-post-thumbnail","hentry","category-tourisme","tag-burkina-faso","tag-ministere-du-tourisme","tag-ouagadougou","tag-tourisme-et-entrepreneuriat"],"_links":{"self":[{"href":"https:\/\/voirfaso.com\/fr\/wp-json\/wp\/v2\/posts\/2167","targetHints":{"allow":["GET"]}}],"collection":[{"href":"https:\/\/voirfaso.com\/fr\/wp-json\/wp\/v2\/posts"}],"about":[{"href":"https:\/\/voirfaso.com\/fr\/wp-json\/wp\/v2\/types\/post"}],"author":[{"embeddable":true,"href":"https:\/\/voirfaso.com\/fr\/wp-json\/wp\/v2\/users\/1"}],"replies":[{"embeddable":true,"href":"https:\/\/voirfaso.com\/fr\/wp-json\/wp\/v2\/comments?post=2167"}],"version-history":[{"count":8,"href":"https:\/\/voirfaso.com\/fr\/wp-json\/wp\/v2\/posts\/2167\/revisions"}],"predecessor-version":[{"id":7592,"href":"https:\/\/voirfaso.com\/fr\/wp-json\/wp\/v2\/posts\/2167\/revisions\/7592"}],"wp:featuredmedia":[{"embeddable":true,"href":"https:\/\/voirfaso.com\/fr\/wp-json\/wp\/v2\/media\/7575"}],"wp:attachment":[{"href":"https:\/\/voirfaso.com\/fr\/wp-json\/wp\/v2\/media?parent=2167"}],"wp:term":[{"taxonomy":"category","embeddable":true,"href":"https:\/\/voirfaso.com\/fr\/wp-json\/wp\/v2\/categories?post=2167"},{"taxonomy":"post_tag","embeddable":true,"href":"https:\/\/voirfaso.com\/fr\/wp-json\/wp\/v2\/tags?post=2167"}],"curies":[{"name":"wp","href":"https:\/\/api.w.org\/{rel}","templated":true}]}}