{"id":2194,"date":"2026-08-14T23:00:33","date_gmt":"2026-08-14T23:00:33","guid":{"rendered":"http:\/\/localhost:10034\/?p=2194"},"modified":"2026-08-16T22:48:48","modified_gmt":"2026-08-16T22:48:48","slug":"musee-de-manega-un-patrimoine-a-preserver-pour-renforcer-le-tourisme-interne","status":"publish","type":"post","link":"https:\/\/voirfaso.com\/fr\/musee-de-manega-un-patrimoine-a-preserver-pour-renforcer-le-tourisme-interne\/","title":{"rendered":"Mus\u00e9e de Man\u00e9ga : un patrimoine \u00e0 pr\u00e9server pour renforcer le tourisme interne"},"content":{"rendered":"<p class=\"wp-block-paragraph\">Le Mus\u00e9e de Man\u00e9ga reste l\u2019un des lieux importants de conservation de la m\u00e9moire culturelle burkinab\u00e8. Lors d\u2019une visite sur le site le 13 ao\u00fbt 2026, le ministre charg\u00e9 de la Culture, Pingdwend\u00e9 Gilbert Ou\u00e9draogo, a appel\u00e9 \u00e0 en renforcer la conservation et la valorisation, avec l\u2019ambition d\u2019en faire davantage un p\u00f4le touristique.<\/p>\n\n\n\n<h2 class=\"wp-block-heading\">Une m\u00e9moire culturelle \u00e0 ciel ouvert<\/h2>\n\n\n\n<p class=\"wp-block-paragraph\">Cr\u00e9\u00e9 en 1990 par feu Ma\u00eetre Titinga Fr\u00e9d\u00e9ric Pac\u00e9r\u00e9, proclam\u00e9 Tr\u00e9sor humain vivant en 2015, le Mus\u00e9e de Man\u00e9ga rassemble des collections qui permettent de parcourir plusieurs pans de l\u2019histoire et des traditions du Burkina Faso.<\/p>\n\n\n\n<p class=\"wp-block-paragraph\">\u00c0 travers ses diff\u00e9rents pavillons, le visiteur peut notamment d\u00e9couvrir des \u00e9l\u00e9ments li\u00e9s aux Yonyons\u00e9, \u00e0 l\u2019histoire du peuple mossi, \u00e0 Yennenga ainsi qu\u2019aux diff\u00e9rents royaumes.<\/p>\n\n\n\n<p class=\"wp-block-paragraph\">Pour le ministre Pingdwend\u00e9 Gilbert Ou\u00e9draogo, le mus\u00e9e constitue une v\u00e9ritable&nbsp;<strong>\u00ab biblioth\u00e8que \u00bb de la m\u00e9moire et des savoirs culturels du Burkina Faso<\/strong>.<\/p>\n\n\n\n<div style=\"height:14px\" aria-hidden=\"true\" class=\"wp-block-spacer\"><\/div>\n\n\n\n<figure class=\"wp-block-gallery has-nested-images columns-default is-cropped rs-img-rounded-sm wp-block-gallery-1 is-layout-flex wp-block-gallery-is-layout-flex\">\n<figure class=\"wp-block-image size-full\"><img decoding=\"async\" data-id=\"8237\" src=\"https:\/\/voirfaso.com\/wp-content\/uploads\/2026\/08\/la-statue-representant-un-personnage-en-tenue-traditionnelle.svg\" alt=\"Statue expos\u00e9e au Mus\u00e9e de Man\u00e9ga\" class=\"wp-image-8237\"\/><figcaption class=\"wp-element-caption\">Une des pi\u00e8ces expos\u00e9es au Mus\u00e9e de Man\u00e9ga, qui conserve une importante collection consacr\u00e9e \u00e0 la m\u00e9moire culturelle burkinab\u00e8.<\/figcaption><\/figure>\n\n\n\n<figure class=\"wp-block-image size-full\"><img decoding=\"async\" data-id=\"8249\" src=\"https:\/\/voirfaso.com\/wp-content\/uploads\/2026\/08\/Les-acteurs-reunis-autour-de-la-valorisation-du-Musee-de-Manega.svg\" alt=\"Responsables du Mus\u00e9e de Man\u00e9ga et autorit\u00e9s lors de la visite officielle\" class=\"wp-image-8249\"\/><figcaption class=\"wp-element-caption\"> Les responsables et autorit\u00e9s r\u00e9unis \u00e0 l\u2019issue de la visite consacr\u00e9e \u00e0 la conservation et \u00e0 la valorisation du Mus\u00e9e de Man\u00e9ga.<\/figcaption><\/figure>\n<\/figure>\n\n\n\n<div style=\"height:35px\" aria-hidden=\"true\" class=\"wp-block-spacer\"><\/div>\n\n\n\n<h3 class=\"wp-block-heading\">Conservation et valorisation : un enjeu pour le tourisme<\/h3>\n\n\n\n<p class=\"wp-block-paragraph\">La visite a \u00e9galement port\u00e9 sur l\u2019avenir du site et sur les moyens de renforcer sa conservation.<\/p>\n\n\n\n<p class=\"wp-block-paragraph\">Le minist\u00e8re envisage notamment une collaboration plus \u00e9troite entre les responsables du Mus\u00e9e de Man\u00e9ga, du Mus\u00e9e national et de l\u2019Agence Faso Tourisme. L\u2019objectif est de mieux accompagner la conservation des collections, la restauration des infrastructures et la promotion du site.<\/p>\n\n\n\n<blockquote class=\"wp-block-quote is-layout-flow wp-block-quote-is-layout-flow\">\n<p class=\"wp-block-paragraph\">Nous voulons, dans la dynamique de valorisation de notre patrimoine culturel, engager une collaboration beaucoup plus impactante. <\/p>\n\n\n\n<p class=\"has-text-align-center wp-block-paragraph\">&#8211; Le camarade ministre  Pingdwend\u00e9 Gilbert Ou\u00e9draogo<\/p>\n<\/blockquote>\n\n\n\n<p class=\"wp-block-paragraph\">Cette d\u00e9marche pourrait contribuer \u00e0 renforcer l\u2019attractivit\u00e9 du mus\u00e9e et \u00e0 l\u2019int\u00e9grer davantage dans les circuits du tourisme interne.<\/p>\n\n\n\n<div style=\"height:14px\" aria-hidden=\"true\" class=\"wp-block-spacer\"><\/div>\n\n\n\n<figure class=\"wp-block-image size-full rs-img-rounded-sm\"><img decoding=\"async\" src=\"https:\/\/voirfaso.com\/wp-content\/uploads\/2026\/08\/le-ministre-sadressant-a-la-presse-entoure-de-plusieurs-personnes.svg\" alt=\"Le ministre Pingdwend\u00e9 Gilbert OU\u00c9DRAOGO lors de sa visite au Mus\u00e9e de Man\u00e9ga\" class=\"wp-image-8239\"\/><figcaption class=\"wp-element-caption\">Le ministre Pingdwend\u00e9 Gilbert OU\u00c9DRAOGO s\u2019exprime \u00e0 l\u2019issue de sa visite au Mus\u00e9e de Man\u00e9ga.<\/figcaption><\/figure>\n\n\n\n<div style=\"height:35px\" aria-hidden=\"true\" class=\"wp-block-spacer\"><\/div>\n\n\n\n<h3 class=\"wp-block-heading\">Faire du patrimoine une destination<\/h3>\n\n\n\n<p class=\"wp-block-paragraph\">Au-del\u00e0 de la conservation, l\u2019enjeu est aussi de faire conna\u00eetre davantage le site aux Burkinab\u00e8.<\/p>\n\n\n\n<p class=\"wp-block-paragraph\">Le ministre a ainsi invit\u00e9 les populations \u00e0 d\u00e9couvrir les richesses culturelles et touristiques du pays. Une d\u00e9marche qui rejoint les efforts engag\u00e9s pour d\u00e9velopper le tourisme interne et encourager les Burkinab\u00e8 \u00e0 voyager \u00e0 la d\u00e9couverte de leur propre patrimoine.<\/p>\n\n\n\n<div style=\"height:20px\" aria-hidden=\"true\" class=\"wp-block-spacer\"><\/div>\n\n\n\n<figure class=\"wp-block-image size-full rs-img-rounded-sm\"><img decoding=\"async\" src=\"https:\/\/nerio.rstheme.com\/newspaper\/wp-content\/uploads\/sites\/2\/2025\/11\/ad-banner-thumb-001-1.png\" alt=\"\" class=\"wp-image-7057\"\/><\/figure>\n\n\n\n<div style=\"height:35px\" aria-hidden=\"true\" class=\"wp-block-spacer\"><\/div>\n\n\n\n<h3 class=\"wp-block-heading\">Pourquoi c\u2019est important<\/h3>\n\n\n\n<p class=\"wp-block-paragraph\">La valorisation d\u2019un site comme Man\u00e9ga ne concerne pas uniquement la pr\u00e9servation des objets et des b\u00e2timents. Elle peut aussi contribuer \u00e0&nbsp;<strong>transmettre la m\u00e9moire, stimuler les visites, soutenir les activit\u00e9s \u00e9conomiques locales et renforcer l\u2019attractivit\u00e9 touristique du Burkina Faso<\/strong>.<\/p>\n\n\n\n<p class=\"wp-block-paragraph\">Le Mus\u00e9e de Man\u00e9ga poss\u00e8de d\u00e9j\u00e0 une forte valeur patrimoniale. L\u2019enjeu d\u00e9sormais est de transformer cette richesse en une exp\u00e9rience touristique mieux structur\u00e9e, accessible et durable. Pour le tourisme interne, faire d\u00e9couvrir ces lieux aux nouvelles g\u00e9n\u00e9rations constitue aussi une mani\u00e8re de faire vivre le patrimoine.<\/p>\n\n\n\n<p class=\"wp-block-paragraph\"><strong>Source : DCRP\/MCCAT \u2013 Article adapt\u00e9 et enrichi par la r\u00e9daction de VoirFaso.<\/strong><\/p>","protected":false},"excerpt":{"rendered":"<p> En visite au Mus\u00e9e de Man\u00e9ga, le ministre charg\u00e9 de la Culture a appel\u00e9 \u00e0 renforcer la conservation et la valorisation de ce haut lieu de m\u00e9moire culturelle burkinab\u00e8.<\/p>","protected":false},"author":1,"featured_media":8235,"comment_status":"open","ping_status":"open","sticky":false,"template":"","format":"standard","meta":{"footnotes":""},"categories":[5],"tags":[185,167,281,283,282,284,156,285,48,52],"class_list":["post-2194","post","type-post","status-publish","format-standard","has-post-thumbnail","hentry","category-tourisme","tag-culture-burkina-faso","tag-faso-tourisme","tag-musee-de-manega","tag-musee-national","tag-oubri","tag-patrimoine-burkinabe","tag-patrimoine-culturel","tag-titinga-frederic-pacere","tag-tourisme-burkina-faso","tag-tourisme-interne"],"_links":{"self":[{"href":"https:\/\/voirfaso.com\/fr\/wp-json\/wp\/v2\/posts\/2194","targetHints":{"allow":["GET"]}}],"collection":[{"href":"https:\/\/voirfaso.com\/fr\/wp-json\/wp\/v2\/posts"}],"about":[{"href":"https:\/\/voirfaso.com\/fr\/wp-json\/wp\/v2\/types\/post"}],"author":[{"embeddable":true,"href":"https:\/\/voirfaso.com\/fr\/wp-json\/wp\/v2\/users\/1"}],"replies":[{"embeddable":true,"href":"https:\/\/voirfaso.com\/fr\/wp-json\/wp\/v2\/comments?post=2194"}],"version-history":[{"count":17,"href":"https:\/\/voirfaso.com\/fr\/wp-json\/wp\/v2\/posts\/2194\/revisions"}],"predecessor-version":[{"id":8253,"href":"https:\/\/voirfaso.com\/fr\/wp-json\/wp\/v2\/posts\/2194\/revisions\/8253"}],"wp:featuredmedia":[{"embeddable":true,"href":"https:\/\/voirfaso.com\/fr\/wp-json\/wp\/v2\/media\/8235"}],"wp:attachment":[{"href":"https:\/\/voirfaso.com\/fr\/wp-json\/wp\/v2\/media?parent=2194"}],"wp:term":[{"taxonomy":"category","embeddable":true,"href":"https:\/\/voirfaso.com\/fr\/wp-json\/wp\/v2\/categories?post=2194"},{"taxonomy":"post_tag","embeddable":true,"href":"https:\/\/voirfaso.com\/fr\/wp-json\/wp\/v2\/tags?post=2194"}],"curies":[{"name":"wp","href":"https:\/\/api.w.org\/{rel}","templated":true}]}}