{"id":2195,"date":"2026-07-27T10:33:00","date_gmt":"2026-07-27T10:33:00","guid":{"rendered":"http:\/\/localhost:10034\/?p=2195"},"modified":"2026-08-07T04:43:48","modified_gmt":"2026-08-07T04:43:48","slug":"fespaco-2027-snc-abca-bobo","status":"publish","type":"post","link":"https:\/\/voirfaso.com\/fr\/fespaco-2027-snc-abca-bobo\/","title":{"rendered":"FESPACO 2027 : la SNC et l\u2019ABCA pr\u00e9parent activement l\u2019\u00e9tape de Bobo-Dioulasso"},"content":{"rendered":"<div style=\"height:15px\" aria-hidden=\"true\" class=\"wp-block-spacer\"><\/div>\n\n\n\n<p class=\"wp-block-paragraph\">La pr\u00e9paration de la 30\u1d49 \u00e9dition du Festival panafricain du cin\u00e9ma et de la t\u00e9l\u00e9vision de Ouagadougou (FESPACO) se poursuit. \u00c0 Bobo-Dioulasso, la Semaine Nationale de la Culture (SNC) et l\u2019Agence Burkinab\u00e8 de la Cin\u00e9matographie et de l\u2019Audiovisuel (ABCA) ont engag\u00e9 des \u00e9changes pour coordonner plusieurs aspects de l\u2019organisation de ce rendez-vous majeur du cin\u00e9ma africain.<\/p>\n\n\n\n<h3 class=\"wp-block-heading\">Une pr\u00e9paration concert\u00e9e pour accueillir le festival<\/h3>\n\n\n\n<p class=\"wp-block-paragraph\">Au cours de la rencontre, les responsables des deux structures ont abord\u00e9 plusieurs questions li\u00e9es \u00e0 l\u2019organisation du festival \u00e0 Bobo-Dioulasso. Les \u00e9changes ont notamment concern\u00e9 la mise \u00e0 disposition d\u2019une salle de projection, les strat\u00e9gies de mobilisation du public, le renforcement du partenariat entre la SNC et l\u2019ABCA ainsi que l\u2019am\u00e9nagement \u00e9ventuel d\u2019une rue marchande en marge de l\u2019\u00e9v\u00e9nement.<\/p>\n\n\n\n<p class=\"wp-block-paragraph\">Pour la Direction g\u00e9n\u00e9rale de la SNC, cette concertation traduit la volont\u00e9 commune de mutualiser les comp\u00e9tences afin d\u2019assurer le bon d\u00e9roulement du festival.<\/p>\n\n\n\n<div style=\"height:14px\" aria-hidden=\"true\" class=\"wp-block-spacer\"><\/div>\n\n\n\n<figure class=\"wp-block-gallery has-nested-images columns-default is-cropped rs-img-rounded-sm wp-block-gallery-1 is-layout-flex wp-block-gallery-is-layout-flex\">\n<figure class=\"wp-block-image size-full\"><img decoding=\"async\" data-id=\"7664\" src=\"https:\/\/voirfaso.com\/wp-content\/uploads\/2026\/07\/Science-Website-in-Dark-Brown-Grey-Image-Led-Style-39.svg\" alt=\"La Directrice g\u00e9n\u00e9rale de la SNC \u00e9change avec la d\u00e9l\u00e9gation de l\u2019ABCA lors de la r\u00e9union de travail.\" class=\"wp-image-7664\"\/><figcaption class=\"wp-element-caption\">Les discussions portent sur les pr\u00e9paratifs de la 30\u1d49 \u00e9dition du FESPACO.<\/figcaption><\/figure>\n\n\n\n<figure class=\"wp-block-image size-full\"><img decoding=\"async\" data-id=\"7662\" src=\"https:\/\/voirfaso.com\/wp-content\/uploads\/2026\/07\/Science-Website-in-Dark-Brown-Grey-Image-Led-Style-38.svg\" alt=\"Les repr\u00e9sentants de la SNC et de l\u2019ABCA participent \u00e0 une r\u00e9union de pr\u00e9paration du FESPACO.\" class=\"wp-image-7662\"\/><figcaption class=\"wp-element-caption\">Les concertations se poursuivent pour coordonner les pr\u00e9paratifs du festival.<\/figcaption><\/figure>\n<\/figure>\n\n\n\n<div style=\"height:35px\" aria-hidden=\"true\" class=\"wp-block-spacer\"><\/div>\n\n\n\n<h3 class=\"wp-block-heading\">Un partenariat au service du cin\u00e9ma burkinab\u00e8 et africain<\/h3>\n\n\n\n<p class=\"wp-block-paragraph\">\u00c0 l\u2019issue des \u00e9changes, les responsables de l\u2019ABCA ont salu\u00e9 la qualit\u00e9 de la collaboration entretenue avec la SNC. Les deux institutions affichent leur volont\u00e9 de poursuivre ce partenariat afin de relever ensemble les d\u00e9fis li\u00e9s \u00e0 l\u2019organisation de la 30\u1d49 \u00e9dition du FESPACO.<\/p>\n\n\n\n<p class=\"wp-block-paragraph\">Au-del\u00e0 de l\u2019\u00e9v\u00e9nement lui-m\u00eame, cette coop\u00e9ration vise \u00e9galement \u00e0 renforcer l\u2019attractivit\u00e9 culturelle de Bobo-Dioulasso et \u00e0 favoriser une forte mobilisation des professionnels du secteur comme du grand public.<\/p>\n\n\n\n<div style=\"height:0px\" aria-hidden=\"true\" class=\"wp-block-spacer\"><\/div>\n\n\n\n<div style=\"height:14px\" aria-hidden=\"true\" class=\"wp-block-spacer\"><\/div>\n\n\n\n<figure class=\"wp-block-image size-full rs-img-rounded-sm\"><img decoding=\"async\" src=\"https:\/\/voirfaso.com\/wp-content\/uploads\/2026\/07\/Science-Website-in-Dark-Brown-Grey-Image-Led-Style-37.svg\" alt=\"Les responsables de la SNC et de l\u2019ABCA posent pour une photo de famille \u00e0 l\u2019issue de leur rencontre.\" class=\"wp-image-7660\"\/><figcaption class=\"wp-element-caption\">Les deux institutions r\u00e9affirment leur engagement pour la r\u00e9ussite du FESPACO 2027.<\/figcaption><\/figure>\n\n\n\n<div style=\"height:35px\" aria-hidden=\"true\" class=\"wp-block-spacer\"><\/div>\n\n\n\n<p class=\"wp-block-paragraph\">En lan\u00e7ant ces premi\u00e8res concertations, la SNC et l\u2019ABCA posent les bases d\u2019une organisation concert\u00e9e de la 30\u1d49 \u00e9dition du FESPACO \u00e0 Bobo-Dioulasso. Cette collaboration traduit la volont\u00e9 des deux institutions de mettre en commun leurs expertises afin d\u2019offrir aux festivaliers un \u00e9v\u00e9nement \u00e0 la hauteur du rayonnement du cin\u00e9ma africain.<\/p>\n\n\n\n<p class=\"wp-block-paragraph\"><em>.<\/em><\/p>\n\n\n\n<div style=\"height:20px\" aria-hidden=\"true\" class=\"wp-block-spacer\"><\/div>\n\n\n\n<figure class=\"wp-block-image size-full rs-img-rounded-sm\"><img decoding=\"async\" src=\"https:\/\/nerio.rstheme.com\/newspaper\/wp-content\/uploads\/sites\/2\/2025\/10\/ad-banner-thumb-01.png\" alt=\"\" class=\"wp-image-7130\"\/><\/figure>\n\n\n\n<p class=\"wp-block-paragraph\"><strong>Source :<\/strong>&nbsp;Direction de la Communication et des Relations Publiques de la Semaine Nationale de la Culture (DCRP\/SNC).<\/p>\n\n\n\n<p class=\"wp-block-paragraph\"><em>Article adapt\u00e9 et enrichi par la r\u00e9daction de Voir Faso<\/em><\/p>","protected":false},"excerpt":{"rendered":"<p>En pr\u00e9lude \u00e0 la 30\u1d49 \u00e9dition du FESPACO, la Semaine Nationale de la Culture (SNC) et l\u2019Agence Burkinab\u00e8 de la Cin\u00e9matographie et de l\u2019Audiovisuel (ABCA) ont engag\u00e9 des concertations \u00e0 Bobo-Dioulasso. Les deux institutions entendent renforcer leur collaboration afin d\u2019assurer le succ\u00e8s de l\u2019\u00e9v\u00e9nement dans la capitale \u00e9conomique.<\/p>","protected":false},"author":1,"featured_media":7652,"comment_status":"open","ping_status":"open","sticky":false,"template":"","format":"standard","meta":{"footnotes":""},"categories":[10],"tags":[83,86,55,43,85,88,84,87,81,82],"class_list":["post-2195","post","type-post","status-publish","format-standard","has-post-thumbnail","hentry","category-culture-patrimoine","tag-abca","tag-audiovisuel","tag-bobo-dioulasso","tag-burkina-faso","tag-cinema-africain","tag-evenement-culturel","tag-fespaco","tag-partenariat-institutionnel","tag-semaine-nationale-de-la-culture","tag-snc"],"_links":{"self":[{"href":"https:\/\/voirfaso.com\/fr\/wp-json\/wp\/v2\/posts\/2195","targetHints":{"allow":["GET"]}}],"collection":[{"href":"https:\/\/voirfaso.com\/fr\/wp-json\/wp\/v2\/posts"}],"about":[{"href":"https:\/\/voirfaso.com\/fr\/wp-json\/wp\/v2\/types\/post"}],"author":[{"embeddable":true,"href":"https:\/\/voirfaso.com\/fr\/wp-json\/wp\/v2\/users\/1"}],"replies":[{"embeddable":true,"href":"https:\/\/voirfaso.com\/fr\/wp-json\/wp\/v2\/comments?post=2195"}],"version-history":[{"count":11,"href":"https:\/\/voirfaso.com\/fr\/wp-json\/wp\/v2\/posts\/2195\/revisions"}],"predecessor-version":[{"id":7667,"href":"https:\/\/voirfaso.com\/fr\/wp-json\/wp\/v2\/posts\/2195\/revisions\/7667"}],"wp:featuredmedia":[{"embeddable":true,"href":"https:\/\/voirfaso.com\/fr\/wp-json\/wp\/v2\/media\/7652"}],"wp:attachment":[{"href":"https:\/\/voirfaso.com\/fr\/wp-json\/wp\/v2\/media?parent=2195"}],"wp:term":[{"taxonomy":"category","embeddable":true,"href":"https:\/\/voirfaso.com\/fr\/wp-json\/wp\/v2\/categories?post=2195"},{"taxonomy":"post_tag","embeddable":true,"href":"https:\/\/voirfaso.com\/fr\/wp-json\/wp\/v2\/tags?post=2195"}],"curies":[{"name":"wp","href":"https:\/\/api.w.org\/{rel}","templated":true}]}}