{"id":2217,"date":"2026-08-02T18:19:45","date_gmt":"2026-08-02T18:19:45","guid":{"rendered":"http:\/\/localhost:10034\/?p=2217"},"modified":"2026-08-02T18:53:15","modified_gmt":"2026-08-02T18:53:15","slug":"offensive-agricole-perimetre-irrigue-nieguema-toukoro","status":"publish","type":"post","link":"https:\/\/voirfaso.com\/fr\/offensive-agricole-perimetre-irrigue-nieguema-toukoro\/","title":{"rendered":"Offensive agricole : le p\u00e9rim\u00e8tre irrigu\u00e9 de Ni\u00e9gu\u00e9ma-Touk\u00f4r\u00f4 mis en eau pour renforcer la souverainet\u00e9 alimentaire"},"content":{"rendered":"<p class=\"wp-block-paragraph\">\u00c0 Bama, dans la r\u00e9gion du Guiriko, le Premier ministre Rimtalba Jean Emmanuel Ou\u00e9draogo a proc\u00e9d\u00e9 \u00e0 la mise en eau du p\u00e9rim\u00e8tre irrigu\u00e9 de Ni\u00e9gu\u00e9ma-Touk\u00f4r\u00f4. Aliment\u00e9e par le barrage de Samend\u00e9ni, cette infrastructure de 605 hectares constitue un nouvel investissement destin\u00e9 \u00e0 renforcer la production agricole, cr\u00e9er des emplois et soutenir la souverainet\u00e9 alimentaire du Burkina Faso.<\/p>\n\n\n\n<div style=\"height:14px\" aria-hidden=\"true\" class=\"wp-block-spacer\"><\/div>\n\n\n\n<figure class=\"wp-block-gallery has-nested-images columns-default is-cropped rs-img-rounded-sm wp-block-gallery-1 is-layout-flex wp-block-gallery-is-layout-flex\">\n<figure class=\"wp-block-image size-full\"><img decoding=\"async\" data-id=\"7689\" src=\"https:\/\/voirfaso.com\/wp-content\/uploads\/2026\/08\/Les-infrastructures-dirrigation-au-coeur-du-projet.svg\" alt=\"Vue des canaux d\u2019irrigation et des installations du p\u00e9rim\u00e8tre agricole am\u00e9nag\u00e9.\" class=\"wp-image-7689\"\/><figcaption class=\"wp-element-caption\">Les canaux alimenteront les parcelles agricoles toute l\u2019ann\u00e9e.<\/figcaption><\/figure>\n\n\n\n<figure class=\"wp-block-image size-full\"><img decoding=\"async\" data-id=\"7691\" src=\"https:\/\/voirfaso.com\/wp-content\/uploads\/2026\/08\/Le-Premier-ministre-visite-les-installations.svg\" alt=\"Le Premier ministre \u00e9change avec les producteurs lors de la visite du p\u00e9rim\u00e8tre irrigu\u00e9.\" class=\"wp-image-7691\"\/><figcaption class=\"wp-element-caption\">Une visite des installations a suivi la mise en eau.<\/figcaption><\/figure>\n<\/figure>\n\n\n\n<div style=\"height:35px\" aria-hidden=\"true\" class=\"wp-block-spacer\"><\/div>\n\n\n\n<h3 class=\"wp-block-heading\">Une infrastructure strat\u00e9gique pour d\u00e9velopper l\u2019agriculture<\/h3>\n\n\n\n<p class=\"wp-block-paragraph\">Le p\u00e9rim\u00e8tre est am\u00e9nag\u00e9 sur une superficie totale de 605 hectares, dont 557 hectares de superficie agricole utile r\u00e9partis en 2 228 parcelles. Aliment\u00e9 par le barrage de Samend\u00e9ni, il s\u2019inscrit dans le programme national d\u2019am\u00e9nagement de 21 000 hectares de terres irrigables dans la vall\u00e9e du Mouhoun.<\/p>\n\n\n\n<p class=\"wp-block-paragraph\">Quarante hectares sont destin\u00e9s \u00e0 l\u2019Agence pour la promotion de l\u2019entrepreneuriat communautaire (APEC) pour la culture de la tomate, tandis que dix hectares sont r\u00e9serv\u00e9s \u00e0 l\u2019INERA pour la production de semences am\u00e9lior\u00e9es.<\/p>\n\n\n\n<h3 class=\"wp-block-heading\">Une production agricole attendue toute l\u2019ann\u00e9e<\/h3>\n\n\n\n<blockquote class=\"wp-block-quote has-text-align-center rs-post-quote-box is-layout-flow wp-block-quote-is-layout-flow\">\n<p class=\"has-text-align-left wp-block-paragraph\">Gr\u00e2ce \u00e0 l\u2019irrigation permanente, les producteurs pourront r\u00e9aliser jusqu\u2019\u00e0 trois campagnes agricoles par an.<\/p>\n\n\n\n<p class=\"has-text-align-left wp-block-paragraph\">Les pr\u00e9visions annoncent une production annuelle de 7 200 tonnes de riz et 1 800 tonnes de bl\u00e9, pour un chiffre d\u2019affaires estim\u00e9 \u00e0 2,5 milliards de FCFA.<\/p>\n\n\n\n<p class=\"has-text-align-left wp-block-paragraph\">L\u2019am\u00e9nagement comprend notamment une station de pompage, plus de 45 kilom\u00e8tres de canaux d\u2019irrigation, un r\u00e9seau de drainage, des pistes agricoles et un magasin de stockage.<\/p>\n\n\n\n<p class=\"wp-block-paragraph\"><strong>\u00ab C\u2019est une victoire dans le combat engag\u00e9 pour notre ind\u00e9pendance et notre souverainet\u00e9 alimentaire. \u00bb<\/strong><\/p>\n<cite>Rimtalba Jean Emmanuel Ou\u00e9draogo, Premier ministre<\/cite><\/blockquote>\n\n\n\n<div style=\"height:14px\" aria-hidden=\"true\" class=\"wp-block-spacer\"><\/div>\n\n\n\n<figure class=\"wp-block-image size-full rs-img-rounded-sm\"><img decoding=\"async\" src=\"https:\/\/voirfaso.com\/wp-content\/uploads\/2026\/08\/Remise-de-motoculteurs-aux-producteurs.svg\" alt=\"Le Premier ministre remet symboliquement des motoculteurs aux producteurs b\u00e9n\u00e9ficiaires.\" class=\"wp-image-7694\"\/><figcaption class=\"wp-element-caption\">Dix motoculteurs ont \u00e9t\u00e9 remis pour accompagner les exploitants.<\/figcaption><\/figure>\n\n\n\n<div style=\"height:35px\" aria-hidden=\"true\" class=\"wp-block-spacer\"><\/div>\n\n\n\n<h3 class=\"wp-block-heading\">Un investissement au service des producteurs<\/h3>\n\n\n\n<p class=\"wp-block-paragraph\">Le Chef du Gouvernement a invit\u00e9 les b\u00e9n\u00e9ficiaires \u00e0 assurer une gestion responsable de l\u2019eau et \u00e0 pr\u00e9server durablement les \u00e9quipements.<\/p>\n\n\n\n<p class=\"wp-block-paragraph\">Le minist\u00e8re de l\u2019Agriculture a \u00e9galement remis dix motoculteurs aux producteurs afin de faciliter la mise en valeur des parcelles.<\/p>\n\n\n\n<p class=\"wp-block-paragraph\">La gestion technique du p\u00e9rim\u00e8tre sera assur\u00e9e par l\u2019Agropole de Samend\u00e9ni avec l\u2019appui des services d\u00e9concentr\u00e9s du minist\u00e8re.<\/p>\n\n\n\n<ul class=\"wp-block-list rs-has-check-icon\"><\/ul>\n\n\n\n<div style=\"height:20px\" aria-hidden=\"true\" class=\"wp-block-spacer\"><\/div>\n\n\n\n<figure class=\"wp-block-image size-full rs-img-rounded-sm\"><img decoding=\"async\" src=\"https:\/\/nerio.rstheme.com\/newspaper\/wp-content\/uploads\/sites\/2\/2025\/11\/ad-banner-thumb-001-1.png\" alt=\"\" class=\"wp-image-7057\"\/><\/figure>\n\n\n\n<div style=\"height:35px\" aria-hidden=\"true\" class=\"wp-block-spacer\"><\/div>\n\n\n\n<p class=\"wp-block-paragraph\">Avec cette nouvelle infrastructure, le Burkina Faso renforce ses capacit\u00e9s d\u2019irrigation et poursuit ses investissements dans la ma\u00eetrise de l\u2019eau afin d\u2019am\u00e9liorer durablement la production agricole et les revenus des producteurs.<\/p>\n\n\n\n<p class=\"wp-block-paragraph\"><strong>Source:<\/strong>\u00a0Direction de la Communication et des Relations Publiques (DCRP\/Primature)<\/p>\n\n\n\n<p class=\"wp-block-paragraph\"><strong>Article adapt\u00e9 et enrichi par la r\u00e9daction de VoirFaso.<\/strong><\/p>","protected":false},"excerpt":{"rendered":"<p>Le Premier ministre Rimtalba Jean Emmanuel Ou\u00e9draogo a proc\u00e9d\u00e9 \u00e0 la mise en eau du p\u00e9rim\u00e8tre irrigu\u00e9 de Ni\u00e9gu\u00e9ma-Touk\u00f4r\u00f4, dans la commune de Bama. Aliment\u00e9e par le barrage de Samend\u00e9ni, cette infrastructure ambitionne d\u2019accro\u00eetre durablement la production agricole, de cr\u00e9er des emplois et de renforcer la souverainet\u00e9 alimentaire du Burkina Faso.<\/p>","protected":false},"author":1,"featured_media":7687,"comment_status":"open","ping_status":"open","sticky":false,"template":"","format":"standard","meta":{"footnotes":""},"categories":[9],"tags":[105,54,109,104,106,103,110,107,108,99],"class_list":["post-2217","post","type-post","status-publish","format-standard","has-post-thumbnail","hentry","category-environnement","tag-agriculture","tag-bama","tag-eau","tag-irrigation","tag-nieguema-toukoro","tag-offensive-agricole","tag-primature","tag-production-agricole","tag-samendeni-2","tag-souverainete-alimentaire"],"_links":{"self":[{"href":"https:\/\/voirfaso.com\/fr\/wp-json\/wp\/v2\/posts\/2217","targetHints":{"allow":["GET"]}}],"collection":[{"href":"https:\/\/voirfaso.com\/fr\/wp-json\/wp\/v2\/posts"}],"about":[{"href":"https:\/\/voirfaso.com\/fr\/wp-json\/wp\/v2\/types\/post"}],"author":[{"embeddable":true,"href":"https:\/\/voirfaso.com\/fr\/wp-json\/wp\/v2\/users\/1"}],"replies":[{"embeddable":true,"href":"https:\/\/voirfaso.com\/fr\/wp-json\/wp\/v2\/comments?post=2217"}],"version-history":[{"count":7,"href":"https:\/\/voirfaso.com\/fr\/wp-json\/wp\/v2\/posts\/2217\/revisions"}],"predecessor-version":[{"id":7697,"href":"https:\/\/voirfaso.com\/fr\/wp-json\/wp\/v2\/posts\/2217\/revisions\/7697"}],"wp:featuredmedia":[{"embeddable":true,"href":"https:\/\/voirfaso.com\/fr\/wp-json\/wp\/v2\/media\/7687"}],"wp:attachment":[{"href":"https:\/\/voirfaso.com\/fr\/wp-json\/wp\/v2\/media?parent=2217"}],"wp:term":[{"taxonomy":"category","embeddable":true,"href":"https:\/\/voirfaso.com\/fr\/wp-json\/wp\/v2\/categories?post=2217"},{"taxonomy":"post_tag","embeddable":true,"href":"https:\/\/voirfaso.com\/fr\/wp-json\/wp\/v2\/tags?post=2217"}],"curies":[{"name":"wp","href":"https:\/\/api.w.org\/{rel}","templated":true}]}}