{"id":2218,"date":"2026-08-19T02:08:16","date_gmt":"2026-08-19T02:08:16","guid":{"rendered":"http:\/\/localhost:10034\/?p=2218"},"modified":"2026-08-19T02:21:41","modified_gmt":"2026-08-19T02:21:41","slug":"rn9-le-nouveau-dalot-de-bama-mis-en-service-pour-retablir-la-circulation-toute-lannee","status":"publish","type":"post","link":"https:\/\/voirfaso.com\/fr\/rn9-le-nouveau-dalot-de-bama-mis-en-service-pour-retablir-la-circulation-toute-lannee\/","title":{"rendered":"RN9 : le nouveau dalot de Bama mis en service pour r\u00e9tablir la circulation toute l\u2019ann\u00e9e"},"content":{"rendered":"<p class=\"wp-block-paragraph\">Apr\u00e8s plusieurs mois de travaux, le nouvel ouvrage hydraulique de Bama est d\u00e9sormais ouvert \u00e0 la circulation. Mis en service mardi 18 ao\u00fbt 2026, ce dalot multicellulaire doit permettre de s\u00e9curiser durablement le passage sur la RN9 et de maintenir les \u00e9changes entre plusieurs localit\u00e9s du Burkina Faso et du Mali.<\/p>\n\n\n\n<p class=\"wp-block-paragraph\">Le passage sur la RN9 \u00e0 Bama vient de franchir une \u00e9tape importante.<\/p>\n\n\n\n<p class=\"wp-block-paragraph\">Dans la matin\u00e9e du 18 ao\u00fbt, le camarade  ministre de la Construction et de l\u2019Urbanisme,\u00a0<strong>Mika\u00eflou Sidib\u00e9<\/strong>, a proc\u00e9d\u00e9 \u00e0 la mise en circulation du nouvel ouvrage, commun\u00e9ment appel\u00e9 \u00ab pont de Bama \u00bb.<\/p>\n\n\n\n<p class=\"wp-block-paragraph\">Techniquement, il s\u2019agit d\u2019un\u00a0dalot multicellulaire, con\u00e7u pour r\u00e9pondre aux difficult\u00e9s de circulation sur cet axe strat\u00e9gique.<\/p>\n\n\n\n<h3 class=\"wp-block-heading\">Un ouvrage pour s\u00e9curiser la circulation<\/h3>\n\n\n\n<p class=\"wp-block-paragraph\">L\u2019objectif premier du chantier \u00e9tait de r\u00e9tablir durablement la continuit\u00e9 du trafic.<\/p>\n\n\n\n<p class=\"wp-block-paragraph\">La mise en service de ce nouvel ouvrage doit permettre aux usagers de circuler dans de meilleures conditions, y compris pendant les p\u00e9riodes de fortes pluies susceptibles de perturber le trafic.<\/p>\n\n\n\n<p class=\"wp-block-paragraph\">La RN9 constitue en effet un axe important pour les d\u00e9placements des populations et le transport des marchandises. Son bon fonctionnement repr\u00e9sente donc un enjeu qui d\u00e9passe la seule commune de Bama.<\/p>\n\n\n\n<p class=\"wp-block-paragraph\">L\u2019ouvrage contribue notamment \u00e0&nbsp;<strong>s\u00e9curiser les d\u00e9placements et \u00e0 faciliter les \u00e9changes commerciaux<\/strong>&nbsp;entre les diff\u00e9rentes localit\u00e9s desservies par cet axe.<\/p>\n\n\n\n<h3 class=\"wp-block-heading\">Plus d\u2019un milliard de FCFA investis<\/h3>\n\n\n\n<p class=\"wp-block-paragraph\">La r\u00e9alisation du dalot a n\u00e9cessit\u00e9 un investissement de&nbsp;<strong>plus d\u2019un milliard de FCFA TTC<\/strong>, comprenant notamment les prestations de contr\u00f4le.<\/p>\n\n\n\n<p class=\"wp-block-paragraph\">Le financement a \u00e9t\u00e9 assur\u00e9 par l\u2019\u00c9tat.<\/p>\n\n\n\n<p class=\"wp-block-paragraph\">Les travaux ont \u00e9t\u00e9 ex\u00e9cut\u00e9s en&nbsp;<strong>huit mois<\/strong>&nbsp;par l\u2019entreprise&nbsp;<strong>BTM-SA<\/strong>.<\/p>\n\n\n\n<p class=\"wp-block-paragraph\">Pour permettre la r\u00e9alisation de l\u2019ouvrage dans de bonnes conditions, une d\u00e9viation a \u00e9galement \u00e9t\u00e9 am\u00e9nag\u00e9e afin de maintenir la circulation pendant les travaux.<\/p>\n\n\n\n<div style=\"height:14px\" aria-hidden=\"true\" class=\"wp-block-spacer\"><\/div>\n\n\n\n<figure class=\"wp-block-gallery has-nested-images columns-default is-cropped rs-img-rounded-sm wp-block-gallery-1 is-layout-flex wp-block-gallery-is-layout-flex\">\n<figure class=\"wp-block-image size-full\"><img decoding=\"async\" data-id=\"8442\" src=\"https:\/\/voirfaso.com\/wp-content\/uploads\/2026\/08\/ministre-lors-de-la-mise-en-service.svg\" alt=\"\" class=\"wp-image-8442\"\/><figcaption class=\"wp-element-caption\">Un ouvrage pour s\u00e9curiser la circulation<\/figcaption><\/figure>\n\n\n\n<figure class=\"wp-block-image size-full\"><img decoding=\"async\" data-id=\"8444\" src=\"https:\/\/voirfaso.com\/wp-content\/uploads\/2026\/08\/Des-dispositifs-pour-proteger-louvrage-.svg\" alt=\" Des dispositifs pour prot\u00e9ger l\u2019ouvrage \" class=\"wp-image-8444\"\/><figcaption class=\"wp-element-caption\"> Des dispositifs pour prot\u00e9ger l\u2019ouvrage <\/figcaption><\/figure>\n<\/figure>\n\n\n\n<div style=\"height:35px\" aria-hidden=\"true\" class=\"wp-block-spacer\"><\/div>\n\n\n\n<h3 class=\"wp-block-heading\">Des dispositifs pour prot\u00e9ger l\u2019ouvrage<\/h3>\n\n\n\n<p class=\"wp-block-paragraph\">Au-del\u00e0 de la construction du dalot, le projet comprend plusieurs am\u00e9nagements destin\u00e9s \u00e0 renforcer sa durabilit\u00e9 et la s\u00e9curit\u00e9 des usagers.<\/p>\n\n\n\n<p class=\"wp-block-paragraph\">Des dispositifs de protection contre l\u2019\u00e9rosion ont notamment \u00e9t\u00e9 r\u00e9alis\u00e9s. La signalisation et les \u00e9quipements li\u00e9s \u00e0 la s\u00e9curit\u00e9 routi\u00e8re ont \u00e9galement \u00e9t\u00e9 int\u00e9gr\u00e9s \u00e0 l\u2019am\u00e9nagement.<\/p>\n\n\n\n<p class=\"wp-block-paragraph\">Le projet pr\u00e9voit par ailleurs la plantation d\u2019arbres autour de l\u2019infrastructure.<\/p>\n\n\n\n<p class=\"wp-block-paragraph\">Ces diff\u00e9rents \u00e9l\u00e9ments doivent contribuer \u00e0 prot\u00e9ger l\u2019ouvrage contre les effets du ruissellement et \u00e0 am\u00e9liorer les conditions de circulation.<\/p>\n\n\n\n<h3 class=\"wp-block-heading\">Un axe strat\u00e9gique vers le Mali<\/h3>\n\n\n\n<p class=\"wp-block-paragraph\">Pour le ministre Mika\u00eflou Sidib\u00e9, l\u2019importance de l\u2019ouvrage tient \u00e9galement \u00e0 la position strat\u00e9gique de la RN9.<\/p>\n\n\n\n<p class=\"wp-block-paragraph\">L\u2019axe dessert plusieurs localit\u00e9s burkinab\u00e8 et assure \u00e9galement la liaison vers le&nbsp;<strong>Mali<\/strong>, pays voisin et membre de l\u2019Alliance des \u00c9tats du Sahel (AES).<\/p>\n\n\n\n<p class=\"wp-block-paragraph\">La remise en circulation du passage de Bama rev\u00eat donc une dimension \u00e0 la fois&nbsp;<strong>locale, nationale et sous-r\u00e9gionale<\/strong>, notamment pour les d\u00e9placements des personnes et le transport des marchandises.<\/p>\n\n\n\n<p class=\"wp-block-paragraph\">Le ministre a salu\u00e9 les diff\u00e9rents acteurs ayant contribu\u00e9 \u00e0 la r\u00e9alisation de l\u2019ouvrage et appel\u00e9 les usagers, particuli\u00e8rement les transporteurs, \u00e0 faire preuve de prudence, de vigilance et de civisme.<\/p>\n\n\n\n<h3 class=\"wp-block-heading\">La surveillance de l\u2019ouvrage, un enjeu pour les populations<\/h3>\n\n\n\n<p class=\"wp-block-paragraph\">La mise en service ne constitue toutefois pas la derni\u00e8re \u00e9tape.<\/p>\n\n\n\n<p class=\"wp-block-paragraph\">Les populations riveraines ont \u00e9t\u00e9 invit\u00e9es \u00e0 contribuer \u00e0 la protection de l\u2019infrastructure et \u00e0 signaler les \u00e9ventuels actes susceptibles de la d\u00e9t\u00e9riorer.<\/p>\n\n\n\n<p class=\"wp-block-paragraph\">La pr\u00e9servation d\u2019un ouvrage routier de cette importance d\u00e9pend en effet autant de sa qualit\u00e9 technique que de son utilisation et de son entretien dans le temps.<\/p>\n\n\n\n<div style=\"height:14px\" aria-hidden=\"true\" class=\"wp-block-spacer\"><\/div>\n\n\n\n<figure class=\"wp-block-image size-full rs-img-rounded-sm\"><img decoding=\"async\" src=\"https:\/\/voirfaso.com\/wp-content\/uploads\/2026\/08\/usagers-circulant-sur-louvrage.-.svg\" alt=\"usagers circulant sur l\u2019ouvrage.\" class=\"wp-image-8446\"\/><figcaption class=\"wp-element-caption\">Une nouvelle \u00e9tape pour la RN9<\/figcaption><\/figure>\n\n\n\n<div style=\"height:35px\" aria-hidden=\"true\" class=\"wp-block-spacer\"><\/div>\n\n\n\n<h3 class=\"wp-block-heading\">Pourquoi c\u2019est important<\/h3>\n\n\n\n<p class=\"wp-block-paragraph\"><strong>Un axe routier fonctionnel, ce n\u2019est pas seulement une question de transport. C\u2019est aussi une question d\u2019\u00e9conomie locale et de continuit\u00e9 des \u00e9changes.<\/strong><\/p>\n\n\n\n<p class=\"wp-block-paragraph\">\u00c0 Bama, la mise en service de ce dalot doit permettre de r\u00e9duire les risques de rupture de circulation sur la RN9 et de faciliter les d\u00e9placements des populations et des marchandises.<\/p>\n\n\n\n<p class=\"wp-block-paragraph\">Pour les transporteurs comme pour les commer\u00e7ants et les habitants des localit\u00e9s desservies, la v\u00e9ritable r\u00e9ussite du projet se mesurera d\u00e9sormais \u00e0 sa capacit\u00e9 \u00e0 rester fonctionnel et s\u00e9curis\u00e9 au fil des saisons.<\/p>\n\n\n\n<div style=\"height:20px\" aria-hidden=\"true\" class=\"wp-block-spacer\"><\/div>\n\n\n\n<figure class=\"wp-block-image size-full rs-img-rounded-sm\"><img decoding=\"async\" src=\"https:\/\/nerio.rstheme.com\/newspaper\/wp-content\/uploads\/sites\/2\/2025\/11\/ad-banner-thumb-001-1.png\" alt=\"\" class=\"wp-image-7057\"\/><\/figure>\n\n\n\n<div style=\"height:35px\" aria-hidden=\"true\" class=\"wp-block-spacer\"><\/div>\n\n\n\n<h3 class=\"wp-block-heading\">Une nouvelle \u00e9tape pour la RN9<\/h3>\n\n\n\n<p class=\"wp-block-paragraph\">Avec l\u2019ouverture du dalot multicellulaire, l\u2019\u00c9tat entend ainsi apporter une r\u00e9ponse durable aux difficult\u00e9s rencontr\u00e9es sur ce point de la RN9.<\/p>\n\n\n\n<p class=\"wp-block-paragraph\">L\u2019enjeu sera d\u00e9sormais de pr\u00e9server l\u2019infrastructure et de poursuivre les efforts d\u2019entretien et de s\u00e9curisation de cet axe strat\u00e9gique.<\/p>\n\n\n\n<p class=\"wp-block-paragraph\"><strong>\u00c0 Bama, la circulation reprend donc dans de nouvelles conditions. Reste d\u00e9sormais \u00e0 faire durer cet investissement pour que le \u00ab pont \u00bb remplisse pleinement sa fonction, saison apr\u00e8s saison.<\/strong><\/p>\n\n\n\n<p class=\"wp-block-paragraph\">Source : DCRP\/MCP \u2013 Article adapt\u00e9 et enrichi par la r\u00e9daction de VoirFaso.<\/p>","protected":false},"excerpt":{"rendered":"<p>Apr\u00e8s plusieurs mois de travaux, le nouvel ouvrage hydraulique de Bama est d\u00e9sormais ouvert \u00e0 la circulation. Mis en service mardi 18 ao\u00fbt 2026, ce dalot multicellulaire doit permettre de s\u00e9curiser durablement le passage sur la RN9 et de maintenir les \u00e9changes entre plusieurs localit\u00e9s du Burkina Faso et le Mali.<\/p>","protected":false},"author":1,"featured_media":8439,"comment_status":"open","ping_status":"open","sticky":false,"template":"","format":"standard","meta":{"footnotes":""},"categories":[4],"tags":[54,55,43,115,244,300,245,302,301,299,48,62],"class_list":["post-2218","post","type-post","status-publish","format-standard","has-post-thumbnail","hentry","category-transport-mobilite","tag-bama","tag-bobo-dioulasso","tag-burkina-faso","tag-guiriko","tag-infrastructures","tag-infrastructures-routieres","tag-mobilite","tag-pont-de-bama","tag-rn9-burkina-faso","tag-routes-du-burkina-faso","tag-tourisme-burkina-faso","tag-transport-routier"],"_links":{"self":[{"href":"https:\/\/voirfaso.com\/fr\/wp-json\/wp\/v2\/posts\/2218","targetHints":{"allow":["GET"]}}],"collection":[{"href":"https:\/\/voirfaso.com\/fr\/wp-json\/wp\/v2\/posts"}],"about":[{"href":"https:\/\/voirfaso.com\/fr\/wp-json\/wp\/v2\/types\/post"}],"author":[{"embeddable":true,"href":"https:\/\/voirfaso.com\/fr\/wp-json\/wp\/v2\/users\/1"}],"replies":[{"embeddable":true,"href":"https:\/\/voirfaso.com\/fr\/wp-json\/wp\/v2\/comments?post=2218"}],"version-history":[{"count":11,"href":"https:\/\/voirfaso.com\/fr\/wp-json\/wp\/v2\/posts\/2218\/revisions"}],"predecessor-version":[{"id":8447,"href":"https:\/\/voirfaso.com\/fr\/wp-json\/wp\/v2\/posts\/2218\/revisions\/8447"}],"wp:featuredmedia":[{"embeddable":true,"href":"https:\/\/voirfaso.com\/fr\/wp-json\/wp\/v2\/media\/8439"}],"wp:attachment":[{"href":"https:\/\/voirfaso.com\/fr\/wp-json\/wp\/v2\/media?parent=2218"}],"wp:term":[{"taxonomy":"category","embeddable":true,"href":"https:\/\/voirfaso.com\/fr\/wp-json\/wp\/v2\/categories?post=2218"},{"taxonomy":"post_tag","embeddable":true,"href":"https:\/\/voirfaso.com\/fr\/wp-json\/wp\/v2\/tags?post=2218"}],"curies":[{"name":"wp","href":"https:\/\/api.w.org\/{rel}","templated":true}]}}