{"id":2219,"date":"2026-08-13T00:30:16","date_gmt":"2026-08-13T00:30:16","guid":{"rendered":"http:\/\/localhost:10034\/?p=2219"},"modified":"2026-08-13T20:24:37","modified_gmt":"2026-08-13T20:24:37","slug":"avenue-burkina-le-mccat-lance-un-projet-de-fresques-aux-couleurs-des-17-regions","status":"publish","type":"post","link":"https:\/\/voirfaso.com\/fr\/avenue-burkina-le-mccat-lance-un-projet-de-fresques-aux-couleurs-des-17-regions\/","title":{"rendered":"Avenue Burkina : le MCCAT lance un projet de fresques aux couleurs des 17 r\u00e9gions"},"content":{"rendered":"<p class=\"wp-block-paragraph\">L\u2019avenue Burkina, \u00e0 Ouagadougou, va progressivement se transformer en galerie d\u2019art \u00e0 ciel ouvert. Lanc\u00e9 le 12 ao\u00fbt 2026 par le minist\u00e8re de la Communication, de la Culture, des Arts et du Tourisme, le projet pr\u00e9voit la r\u00e9alisation de fresques inspir\u00e9es des identit\u00e9s culturelles des 17 r\u00e9gions du Burkina Faso.<\/p>\n\n\n\n<h2 class=\"wp-block-heading\">L\u2019art pour donner une nouvelle identit\u00e9 aux espaces urbains<\/h2>\n\n\n\n<p class=\"wp-block-paragraph\">Le ministre de la Communication, de la Culture, des Arts et du Tourisme, Pingdwend\u00e9 Gilbert Ou\u00e9draogo, a officiellement donn\u00e9 le premier coup de pinceau au projet, mercredi apr\u00e8s-midi \u00e0 Ouagadougou.<\/p>\n\n\n\n<p class=\"wp-block-paragraph\">Cette initiative s\u2019inscrit dans une volont\u00e9 d\u2019utiliser l\u2019art et la culture pour contribuer \u00e0 l\u2019embellissement des villes et \u00e0 la valorisation du patrimoine culturel burkinab\u00e8.<\/p>\n\n\n\n<p class=\"wp-block-paragraph\">Pour cette phase pilote, l\u2019avenue Burkina a \u00e9t\u00e9 choisie comme espace d\u2019expression artistique. Les murs et fa\u00e7ades qui la bordent seront progressivement investis par des cr\u00e9ations repr\u00e9sentant la diversit\u00e9 culturelle des diff\u00e9rentes r\u00e9gions du pays.<\/p>\n\n\n\n<div style=\"height:14px\" aria-hidden=\"true\" class=\"wp-block-spacer\"><\/div>\n\n\n\n<figure class=\"wp-block-gallery has-nested-images columns-default is-cropped rs-img-rounded-sm wp-block-gallery-1 is-layout-flex wp-block-gallery-is-layout-flex\">\n<figure class=\"wp-block-image size-full\"><img decoding=\"async\" data-id=\"8156\" src=\"https:\/\/voirfaso.com\/wp-content\/uploads\/2026\/08\/Les-premieres-fresques-prennent-forme-sur-lavenue-Burkina.svg\" alt=\"Fresques murales r\u00e9alis\u00e9es sur l\u2019avenue Burkina \u00e0 Ouagadougou\" class=\"wp-image-8156\"\/><figcaption class=\"wp-element-caption\"> Les premi\u00e8res \u0153uvres donnent d\u00e9j\u00e0 un aper\u00e7u de la transformation artistique de l\u2019avenue Burkina.<\/figcaption><\/figure>\n\n\n\n<figure class=\"wp-block-image size-full\"><img decoding=\"async\" data-id=\"8157\" src=\"https:\/\/voirfaso.com\/wp-content\/uploads\/2026\/08\/Sie-Decor-lartiste-derriere-le-projet-pilote.svg\" alt=\"Artiste plasticien burkinab\u00e8 Si\u00e9 Palenfo r\u00e9alisant des fresques murales\" class=\"wp-image-8157\"\/><figcaption class=\"wp-element-caption\">L\u2019artiste plasticien Si\u00e9 Palenfo, connu sous le nom de Si\u00e9 Decor, assure la r\u00e9alisation de cette phase pilote.<\/figcaption><\/figure>\n<\/figure>\n\n\n\n<div style=\"height:35px\" aria-hidden=\"true\" class=\"wp-block-spacer\"><\/div>\n\n\n\n<h3 class=\"wp-block-heading\">1,5 km de fresques et un mur d\u00e9di\u00e9 aux figures inspirantes<\/h3>\n\n\n\n<p class=\"wp-block-paragraph\">Le projet est r\u00e9alis\u00e9 par l\u2019artiste plasticien burkinab\u00e8&nbsp;<strong>Si\u00e9 Palenfo, connu sous le nom de Si\u00e9 Decor<\/strong>.<\/p>\n\n\n\n<p class=\"wp-block-paragraph\">Sur environ&nbsp;<strong>1,5 kilom\u00e8tre<\/strong>, les \u0153uvres doivent apporter une nouvelle dimension visuelle \u00e0 cette partie de la capitale. Le projet pr\u00e9voit \u00e9galement un&nbsp;<strong>mur d\u2019hommage consacr\u00e9 aux figures panafricanistes et aux leaders inspirants<\/strong>.<\/p>\n\n\n\n<p class=\"wp-block-paragraph\">L\u2019objectif d\u00e9passe ainsi la simple d\u00e9coration des fa\u00e7ades : faire de l\u2019espace urbain un support de transmission de l\u2019histoire, de la culture et des aspirations du Burkina Faso.<\/p>\n\n\n\n<blockquote class=\"wp-block-quote has-text-align-center rs-post-quote-box is-layout-flow wp-block-quote-is-layout-flow\">\n<p class=\"wp-block-paragraph\">Nous devons ensemble travailler \u00e0 donner une identit\u00e9 \u00e0 nos villes, nos campagnes, nos communes et m\u00eame \u00e0 nos espaces de vie.<\/p>\n<cite>Pingdwend\u00e9 Gilbert Ou\u00e9draogo.<\/cite><\/blockquote>\n\n\n\n<h3 class=\"wp-block-heading\">Quand les murs racontent le Burkina Faso<\/h3>\n\n\n\n<p class=\"wp-block-paragraph\">\u00c0 travers ce projet, le MCCAT entend encourager les artistes \u00e0 investir davantage les espaces publics avec des \u0153uvres capables de raconter le pays, son histoire et ses valeurs.<\/p>\n\n\n\n<p class=\"wp-block-paragraph\">Si l\u2019exp\u00e9rience de l\u2019avenue Burkina est concluante, elle pourrait ouvrir la voie \u00e0 d\u2019autres initiatives de valorisation artistique dans les villes et les communes du pays.<\/p>\n\n\n\n<div style=\"height:14px\" aria-hidden=\"true\" class=\"wp-block-spacer\"><\/div>\n\n\n\n<figure class=\"wp-block-image size-full rs-img-rounded-sm\"><img decoding=\"async\" src=\"https:\/\/voirfaso.com\/wp-content\/uploads\/2026\/08\/Lavenue-Burkina-future-galerie-dart-a-ciel-ouvert.svg\" alt=\" Fresques culturelles sur les murs de l\u2019avenue Burkina \u00e0 Ouagadougou\" class=\"wp-image-8159\"\/><figcaption class=\"wp-element-caption\"> Les fresques ambitionnent de transformer l\u2019avenue Burkina en un espace de valorisation de la culture et de l\u2019identit\u00e9 burkinab\u00e8.<\/figcaption><\/figure>\n\n\n\n<div style=\"height:35px\" aria-hidden=\"true\" class=\"wp-block-spacer\"><\/div>\n\n\n\n<h3 class=\"wp-block-heading\">Pourquoi c\u2019est important<\/h3>\n\n\n\n<p class=\"wp-block-paragraph\"><strong>17 r\u00e9gions<\/strong>&nbsp;\u2192 une diversit\u00e9 culturelle appel\u00e9e \u00e0 \u00eatre repr\u00e9sent\u00e9e dans les fresques.<\/p>\n\n\n\n<p class=\"wp-block-paragraph\"><strong>1,5 km<\/strong>&nbsp;\u2192 longueur concern\u00e9e par cette phase pilote.<\/p>\n\n\n\n<p class=\"wp-block-paragraph\"><strong>Un mur d\u2019hommage<\/strong>&nbsp;\u2192 consacr\u00e9 aux figures panafricanistes et aux leaders inspirants.<\/p>\n\n\n\n<p class=\"wp-block-paragraph\"><strong>Un objectif<\/strong>&nbsp;\u2192 faire de l\u2019art un outil d\u2019embellissement, de m\u00e9moire et d\u2019identit\u00e9 culturelle.<\/p>\n\n\n\n<div style=\"height:20px\" aria-hidden=\"true\" class=\"wp-block-spacer\"><\/div>\n\n\n\n<figure class=\"wp-block-image size-full rs-img-rounded-sm\"><img decoding=\"async\" src=\"https:\/\/nerio.rstheme.com\/newspaper\/wp-content\/uploads\/sites\/2\/2025\/11\/ad-banner-thumb-001-1.png\" alt=\"\" class=\"wp-image-7057\"\/><\/figure>\n\n\n\n<div style=\"height:35px\" aria-hidden=\"true\" class=\"wp-block-spacer\"><\/div>\n\n\n\n<p class=\"wp-block-paragraph\">Avec ces fresques, l\u2019avenue Burkina pourrait devenir bien plus qu\u2019un simple axe urbain : un espace o\u00f9 l\u2019art rencontre la m\u00e9moire et o\u00f9 les murs racontent progressivement la diversit\u00e9 du Burkina Faso.<\/p>\n\n\n\n<p class=\"wp-block-paragraph\"><strong>Source : MCCAT \u2013 Article adapt\u00e9 et enrichi par la r\u00e9daction de VoirFaso.<\/strong><\/p>","protected":false},"excerpt":{"rendered":"<p>L\u2019avenue Burkina \u00e0 Ouagadougou se transforme en galerie d\u2019art \u00e0 ciel ouvert avec un projet de fresques consacr\u00e9es aux identit\u00e9s culturelles des 17 r\u00e9gions du pays.<\/p>","protected":false},"author":1,"featured_media":8143,"comment_status":"open","ping_status":"open","sticky":false,"template":"","format":"standard","meta":{"footnotes":""},"categories":[10],"tags":[265,263,266,262,264,261,247,45,156,267],"class_list":["post-2219","post","type-post","status-publish","format-standard","has-post-thumbnail","hentry","category-culture-patrimoine","tag-17-regions","tag-art-urbain","tag-artistes-burkinabe","tag-avenue-burkina","tag-culture-burkinabe","tag-fresques-burkina-faso","tag-mccat","tag-ouagadougou","tag-patrimoine-culturel","tag-sie-decor"],"_links":{"self":[{"href":"https:\/\/voirfaso.com\/fr\/wp-json\/wp\/v2\/posts\/2219","targetHints":{"allow":["GET"]}}],"collection":[{"href":"https:\/\/voirfaso.com\/fr\/wp-json\/wp\/v2\/posts"}],"about":[{"href":"https:\/\/voirfaso.com\/fr\/wp-json\/wp\/v2\/types\/post"}],"author":[{"embeddable":true,"href":"https:\/\/voirfaso.com\/fr\/wp-json\/wp\/v2\/users\/1"}],"replies":[{"embeddable":true,"href":"https:\/\/voirfaso.com\/fr\/wp-json\/wp\/v2\/comments?post=2219"}],"version-history":[{"count":11,"href":"https:\/\/voirfaso.com\/fr\/wp-json\/wp\/v2\/posts\/2219\/revisions"}],"predecessor-version":[{"id":8160,"href":"https:\/\/voirfaso.com\/fr\/wp-json\/wp\/v2\/posts\/2219\/revisions\/8160"}],"wp:featuredmedia":[{"embeddable":true,"href":"https:\/\/voirfaso.com\/fr\/wp-json\/wp\/v2\/media\/8143"}],"wp:attachment":[{"href":"https:\/\/voirfaso.com\/fr\/wp-json\/wp\/v2\/media?parent=2219"}],"wp:term":[{"taxonomy":"category","embeddable":true,"href":"https:\/\/voirfaso.com\/fr\/wp-json\/wp\/v2\/categories?post=2219"},{"taxonomy":"post_tag","embeddable":true,"href":"https:\/\/voirfaso.com\/fr\/wp-json\/wp\/v2\/tags?post=2219"}],"curies":[{"name":"wp","href":"https:\/\/api.w.org\/{rel}","templated":true}]}}