{"id":2220,"date":"2026-08-13T22:27:48","date_gmt":"2026-08-13T22:27:48","guid":{"rendered":"http:\/\/localhost:10034\/?p=2220"},"modified":"2026-08-13T23:10:17","modified_gmt":"2026-08-13T23:10:17","slug":"44-journalistes-participent-a-limmersion-patriotique-obligatoire-2026","status":"publish","type":"post","link":"https:\/\/voirfaso.com\/fr\/44-journalistes-participent-a-limmersion-patriotique-obligatoire-2026\/","title":{"rendered":"44 journalistes participent \u00e0 l\u2019immersion patriotique obligatoire 2026"},"content":{"rendered":"<p class=\"wp-block-paragraph\">Quarante-quatre journalistes issus de m\u00e9dias publics et priv\u00e9s prennent part \u00e0 l\u2019\u00e9dition 2026 de l\u2019immersion patriotique obligatoire des professionnels des m\u00e9dias. Ce jeudi 13 ao\u00fbt, les ministres de la S\u00e9curit\u00e9 et de la Communication ont rencontr\u00e9 les participants \u00e0 l\u2019Acad\u00e9mie de Police de Pabr\u00e9, dans le cadre de cette initiative destin\u00e9e \u00e0 renforcer leur compr\u00e9hension des r\u00e9alit\u00e9s du terrain et du contexte national.<\/p>\n\n\n\n<h2 class=\"wp-block-heading\">Une immersion au contact des r\u00e9alit\u00e9s du terrain<\/h2>\n\n\n\n<p class=\"wp-block-paragraph\">L\u2019\u00e9dition 2026 r\u00e9unit&nbsp;<strong>44 journalistes provenant de 44 organes de presse<\/strong>, avec une attention particuli\u00e8re accord\u00e9e aux m\u00e9dias r\u00e9gionaux.<\/p>\n\n\n\n<p class=\"wp-block-paragraph\">L\u2019objectif affich\u00e9 est de permettre aux professionnels des m\u00e9dias de mieux appr\u00e9hender les r\u00e9alit\u00e9s auxquelles sont confront\u00e9es les forces engag\u00e9es sur le terrain et les enjeux li\u00e9s au traitement de l\u2019information dans le contexte actuel.<\/p>\n\n\n\n<p class=\"wp-block-paragraph\">Lors de leur rencontre avec les participants, le ministre de la S\u00e9curit\u00e9, Mahamadou Sana, et le ministre de la Communication, de la Culture, des Arts et du Tourisme, Pingdwend\u00e9 Gilbert Ou\u00e9draogo, ont insist\u00e9 sur la responsabilit\u00e9 particuli\u00e8re des m\u00e9dias dans le contexte national.<\/p>\n\n\n\n<h3 class=\"wp-block-heading\"><\/h3>\n\n\n\n<p class=\"wp-block-paragraph\">Authorities have issued a new statement following rapid developments in the ongoing situation, confirming that key information has come to light. Early reports indicate that investigators have identified several crucial leads, prompting renewed efforts at the scene.<\/p>\n\n\n\n<div style=\"height:14px\" aria-hidden=\"true\" class=\"wp-block-spacer\"><\/div>\n\n\n\n<figure class=\"wp-block-gallery has-nested-images columns-default is-cropped rs-img-rounded-sm wp-block-gallery-1 is-layout-flex wp-block-gallery-is-layout-flex\">\n<figure class=\"wp-block-image size-full\"><img decoding=\"async\" data-id=\"8217\" src=\"https:\/\/voirfaso.com\/wp-content\/uploads\/2026\/08\/le-ministre-de-la-Communication-prenant-la-parole.svg\" alt=\"Pingdwend\u00e9 Gilbert Ou\u00e9draogo s\u2019adressant aux journalistes \u00e0 Pabr\u00e9\" class=\"wp-image-8217\"\/><figcaption class=\"wp-element-caption\"> Le ministre de la Communication, Pingdwend\u00e9 Gilbert Ou\u00e9draogo, lors de son intervention devant les participants.<\/figcaption><\/figure>\n\n\n\n<figure class=\"wp-block-image size-full\"><img decoding=\"async\" data-id=\"8219\" src=\"https:\/\/voirfaso.com\/wp-content\/uploads\/2026\/08\/vue-des-participants-pendant-une-seance.svg\" alt=\" Journalistes participant \u00e0 une s\u00e9ance de formation \u00e0 l\u2019Acad\u00e9mie de Police de Pabr\u00e9\" class=\"wp-image-8219\"\/><figcaption class=\"wp-element-caption\">Les professionnels des m\u00e9dias lors d\u2019une session de l\u2019immersion patriotique 2026.<\/figcaption><\/figure>\n<\/figure>\n\n\n\n<div style=\"height:35px\" aria-hidden=\"true\" class=\"wp-block-spacer\"><\/div>\n\n\n\n<h3 class=\"wp-block-heading\">Journalisme de guerre et d\u00e9ontologie au programme<\/h3>\n\n\n\n<p class=\"wp-block-paragraph\">L\u2019immersion comprend \u00e9galement des s\u00e9ances de formation consacr\u00e9es \u00e0 plusieurs th\u00e9matiques li\u00e9es \u00e0 l\u2019exercice du m\u00e9tier.<\/p>\n\n\n\n<p class=\"wp-block-paragraph\">Les participants ont notamment suivi une communication sur&nbsp;<strong>le journalisme de guerre<\/strong>, anim\u00e9e par Liradan Philippe Ada, ainsi qu\u2019une session sur&nbsp;<strong>l\u2019\u00e9thique et la d\u00e9ontologie du journaliste<\/strong>, pr\u00e9sent\u00e9e par Ars\u00e8ne Evariste Kabor\u00e9.<\/p>\n\n\n\n<p class=\"wp-block-paragraph\">Ces \u00e9changes visent notamment \u00e0 renforcer les capacit\u00e9s des professionnels face aux exigences particuli\u00e8res du traitement de l\u2019information en p\u00e9riode de crise.<\/p>\n\n\n\n<blockquote class=\"wp-block-quote has-text-align-center rs-post-quote-box is-layout-flow wp-block-quote-is-layout-flow\">\n<p class=\"wp-block-paragraph\">Le journaliste ne peut \u00eatre consid\u00e9r\u00e9 comme un citoyen quelconque.<\/p>\n<cite>Le camarade ministre Pingdwend\u00e9 Gilbert Ou\u00e9draogo.<\/cite><\/blockquote>\n\n\n\n<h3 class=\"wp-block-heading\">Une immersion appel\u00e9e \u00e0 devenir annuelle<\/h3>\n\n\n\n<p class=\"wp-block-paragraph\">Au terme de la rencontre, le ministre de la S\u00e9curit\u00e9 a annonc\u00e9 que l\u2019immersion patriotique obligatoire des professionnels des m\u00e9dias sera&nbsp;<strong>d\u00e9sormais organis\u00e9e chaque ann\u00e9e<\/strong>.<\/p>\n\n\n\n<p class=\"wp-block-paragraph\">Cette perspective marque la volont\u00e9 des autorit\u00e9s d\u2019inscrire le dispositif dans la dur\u00e9e et d\u2019en faire un rendez-vous r\u00e9gulier de formation et d\u2019immersion pour les professionnels des m\u00e9dias.<\/p>\n\n\n\n<div style=\"height:14px\" aria-hidden=\"true\" class=\"wp-block-spacer\"><\/div>\n\n\n\n<figure class=\"wp-block-image size-full rs-img-rounded-sm\"><img decoding=\"async\" src=\"https:\/\/voirfaso.com\/wp-content\/uploads\/2026\/08\/Mahamadou-Sana-sadresse-aux-journalistes.svg\" alt=\"Le ministre de la S\u00e9curit\u00e9 Mahamadou Sana s\u2019adressant aux journalistes \u00e0 Pabr\u00e9\" class=\"wp-image-8221\"\/><figcaption class=\"wp-element-caption\">Le camarade ministre de la S\u00e9curit\u00e9, Mahamadou Sana, lors de son \u00e9change avec la presse.<\/figcaption><\/figure>\n\n\n\n<div style=\"height:35px\" aria-hidden=\"true\" class=\"wp-block-spacer\"><\/div>\n\n\n\n<h3 class=\"wp-block-heading\">Pourquoi c\u2019est important<\/h3>\n\n\n\n<p class=\"wp-block-paragraph\">Dans un contexte marqu\u00e9 par de profondes mutations du m\u00e9tier de journaliste et par des enjeux s\u00e9curitaires importants, la connaissance du terrain constitue un \u00e9l\u00e9ment essentiel pour produire une information plus contextualis\u00e9e.<\/p>\n\n\n\n<div style=\"height:20px\" aria-hidden=\"true\" class=\"wp-block-spacer\"><\/div>\n\n\n\n<figure class=\"wp-block-image size-full rs-img-rounded-sm\"><img decoding=\"async\" src=\"https:\/\/nerio.rstheme.com\/newspaper\/wp-content\/uploads\/sites\/2\/2025\/11\/ad-banner-thumb-001-1.png\" alt=\"\" class=\"wp-image-7057\"\/><\/figure>\n\n\n\n<div style=\"height:35px\" aria-hidden=\"true\" class=\"wp-block-spacer\"><\/div>\n\n\n\n<p class=\"wp-block-paragraph\">Pour les m\u00e9dias, l\u2019enjeu est donc double :&nbsp;<strong>mieux comprendre les r\u00e9alit\u00e9s nationales et renforcer les pratiques professionnelles dans le traitement de l\u2019information.<\/strong><\/p>\n\n\n\n<p class=\"wp-block-paragraph\"><strong>Source : DCRP\/MSECU \u2013 Article adapt\u00e9 et enrichi par la r\u00e9daction de VoirFaso.<\/strong><\/p>\n\n\n\n<p class=\"wp-block-paragraph\"><\/p>","protected":false},"excerpt":{"rendered":"<p> 44 journalistes de m\u00e9dias publics et priv\u00e9s participent \u00e0 l\u2019immersion patriotique obligatoire 2026 \u00e0 l\u2019Acad\u00e9mie de Police de Pabr\u00e9.<\/p>","protected":false},"author":1,"featured_media":8216,"comment_status":"open","ping_status":"open","sticky":false,"template":"","format":"standard","meta":{"footnotes":""},"categories":[10],"tags":[276,43,279,278,280,273,277,275,272,274],"class_list":["post-2220","post","type-post","status-publish","format-standard","has-post-thumbnail","hentry","category-culture-patrimoine","tag-academie-de-police","tag-burkina-faso","tag-communication","tag-deontologie","tag-formation-des-journalistes","tag-immersion-patriotique","tag-journalisme-de-guerre","tag-journalistes","tag-medias","tag-pabre"],"_links":{"self":[{"href":"https:\/\/voirfaso.com\/fr\/wp-json\/wp\/v2\/posts\/2220","targetHints":{"allow":["GET"]}}],"collection":[{"href":"https:\/\/voirfaso.com\/fr\/wp-json\/wp\/v2\/posts"}],"about":[{"href":"https:\/\/voirfaso.com\/fr\/wp-json\/wp\/v2\/types\/post"}],"author":[{"embeddable":true,"href":"https:\/\/voirfaso.com\/fr\/wp-json\/wp\/v2\/users\/1"}],"replies":[{"embeddable":true,"href":"https:\/\/voirfaso.com\/fr\/wp-json\/wp\/v2\/comments?post=2220"}],"version-history":[{"count":12,"href":"https:\/\/voirfaso.com\/fr\/wp-json\/wp\/v2\/posts\/2220\/revisions"}],"predecessor-version":[{"id":8224,"href":"https:\/\/voirfaso.com\/fr\/wp-json\/wp\/v2\/posts\/2220\/revisions\/8224"}],"wp:featuredmedia":[{"embeddable":true,"href":"https:\/\/voirfaso.com\/fr\/wp-json\/wp\/v2\/media\/8216"}],"wp:attachment":[{"href":"https:\/\/voirfaso.com\/fr\/wp-json\/wp\/v2\/media?parent=2220"}],"wp:term":[{"taxonomy":"category","embeddable":true,"href":"https:\/\/voirfaso.com\/fr\/wp-json\/wp\/v2\/categories?post=2220"},{"taxonomy":"post_tag","embeddable":true,"href":"https:\/\/voirfaso.com\/fr\/wp-json\/wp\/v2\/tags?post=2220"}],"curies":[{"name":"wp","href":"https:\/\/api.w.org\/{rel}","templated":true}]}}