{"id":274,"date":"2026-08-19T21:41:56","date_gmt":"2026-08-19T21:41:56","guid":{"rendered":"http:\/\/localhost:10034\/?p=274"},"modified":"2026-08-19T22:27:27","modified_gmt":"2026-08-19T22:27:27","slug":"laongo-2026-le-compte-a-rebours-lance-pour-la-15%e1%b5%89-edition-du-symposium-de-sculpture-sur-granite","status":"publish","type":"post","link":"https:\/\/voirfaso.com\/fr\/laongo-2026-le-compte-a-rebours-lance-pour-la-15%e1%b5%89-edition-du-symposium-de-sculpture-sur-granite\/","title":{"rendered":"Laongo 2026 : le compte \u00e0 rebours lanc\u00e9 pour la 15\u1d49 \u00e9dition du Symposium de sculpture sur granite"},"content":{"rendered":"<p class=\"wp-block-paragraph\"><strong>Laongo, 18 ao\u00fbt 2026 \u2014<\/strong>&nbsp;La pr\u00e9paration de la 15\u1d49 \u00e9dition du Symposium international de sculpture sur granite de Laongo entre dans une nouvelle phase. Le commissariat charg\u00e9 de l\u2019organisation de l\u2019\u00e9v\u00e9nement a \u00e9t\u00e9 officiellement install\u00e9 ce mardi 18 ao\u00fbt, donnant le coup d\u2019envoi des travaux pr\u00e9paratoires.<\/p>\n\n\n\n<p class=\"wp-block-paragraph\">La c\u00e9r\u00e9monie a \u00e9t\u00e9 pr\u00e9sid\u00e9e par\u00a0<strong>B\u00e8tamou Fid\u00e8le Aymar TAMINI<\/strong>, Secr\u00e9taire g\u00e9n\u00e9ral du minist\u00e8re de la Communication, de la Culture, des Arts et du Tourisme (MCCAT), au nom du ministre.<\/p>\n\n\n\n<h3 class=\"wp-block-heading\">Sept commissaires pour pr\u00e9parer Laongo 2026<\/h3>\n\n\n\n<p class=\"wp-block-paragraph\">Compos\u00e9 de&nbsp;<strong>sept membres<\/strong>, le commissariat aura la responsabilit\u00e9 de d\u00e9finir le contenu artistique de cette nouvelle \u00e9dition.<\/p>\n\n\n\n<p class=\"wp-block-paragraph\">Ses missions porteront notamment sur la s\u00e9lection des artistes sculpteurs, l\u2019identification des modules de formation et des encadreurs du chantier-\u00e9cole, ainsi que sur l\u2019analyse critique des pratiques artistiques d\u00e9velopp\u00e9es au cours de l\u2019\u00e9v\u00e9nement.<\/p>\n\n\n\n<p class=\"wp-block-paragraph\">Pour cette 15\u1d49 \u00e9dition, les organisateurs veulent ainsi inscrire le Symposium dans une dynamique de&nbsp;<strong>cr\u00e9ation, de transmission et de professionnalisation<\/strong>.<\/p>\n\n\n\n<div style=\"height:14px\" aria-hidden=\"true\" class=\"wp-block-spacer\"><\/div>\n\n\n\n<figure class=\"wp-block-gallery has-nested-images columns-default is-cropped rs-img-rounded-sm wp-block-gallery-1 is-layout-flex wp-block-gallery-is-layout-flex\">\n<figure class=\"wp-block-image size-full\"><img decoding=\"async\" data-id=\"8504\" src=\"https:\/\/voirfaso.com\/wp-content\/uploads\/2026\/08\/Betamou-Fidele-Aymar-Tamini-.svg\" alt=\"B\u00e8tamou Fid\u00e8le Aymar Tamini pendant son intervention.\" class=\"wp-image-8504\"\/><figcaption class=\"wp-element-caption\"> Le camarade B\u00e8tamou Fid\u00e8le Aymar TAMINI,  Secr\u00e9taire g\u00e9n\u00e9ral du minist\u00e8re de la Communication, de la Culture, des Arts et du Tourisme (MCCAT)<\/figcaption><\/figure>\n\n\n\n<figure class=\"wp-block-image size-full\"><img decoding=\"async\" data-id=\"8507\" src=\"https:\/\/voirfaso.com\/wp-content\/uploads\/2026\/08\/les-membres-du-commissariat-nouvellement-installes.-.svg\" alt=\"les membres du commissariat nouvellement install\u00e9s.\" class=\"wp-image-8507\"\/><figcaption class=\"wp-element-caption\">les membres du commissariat nouvellement install\u00e9s.<\/figcaption><\/figure>\n<\/figure>\n\n\n\n<div style=\"height:35px\" aria-hidden=\"true\" class=\"wp-block-spacer\"><\/div>\n\n\n\n<h3 class=\"wp-block-heading\">Un programme qui d\u00e9passe la sculpture<\/h3>\n\n\n\n<p class=\"wp-block-paragraph\">Pr\u00e9vue du&nbsp;<strong>2 au 23 novembre 2026<\/strong>, l\u2019\u00e9dition 2026 devrait proposer plusieurs activit\u00e9s autour de la cr\u00e9ation et de la r\u00e9flexion artistique.<\/p>\n\n\n\n<p class=\"wp-block-paragraph\">Au programme figurent notamment :<\/p>\n\n\n\n<ul class=\"wp-block-list\">\n<li>un\u00a0<strong>chantier-\u00e9cole<\/strong>\u00a0;<\/li>\n\n\n\n<li>un\u00a0<strong>colloque scientifique<\/strong>\u00a0;<\/li>\n\n\n\n<li>une\u00a0<strong>r\u00e9sidence de cr\u00e9ation<\/strong>\u00a0;<\/li>\n\n\n\n<li>la publication d\u2019un\u00a0<strong>catalogue consacr\u00e9 aux \u0153uvres de l\u2019\u00e9dition 2024<\/strong>.<\/li>\n<\/ul>\n\n\n\n<p class=\"wp-block-paragraph\">Cette programmation devrait permettre de rapprocher la cr\u00e9ation artistique, la formation et la recherche autour de la sculpture sur granite.<\/p>\n\n\n\n<div style=\"height:14px\" aria-hidden=\"true\" class=\"wp-block-spacer\"><\/div>\n\n\n\n<figure class=\"wp-block-image size-full rs-img-rounded-sm\"><img decoding=\"async\" src=\"https:\/\/voirfaso.com\/wp-content\/uploads\/2026\/08\/une-sculpture.svg\" alt=\"une sculpture\" class=\"wp-image-8509\"\/><figcaption class=\"wp-element-caption\">Sculpture de Laongo <\/figcaption><\/figure>\n\n\n\n<div style=\"height:35px\" aria-hidden=\"true\" class=\"wp-block-spacer\"><\/div>\n\n\n\n<h3 class=\"wp-block-heading\">Faire de Laongo un espace de cr\u00e9ation et de transmission<\/h3>\n\n\n\n<p class=\"wp-block-paragraph\">Lors de l\u2019installation du commissariat, le Secr\u00e9taire g\u00e9n\u00e9ral du MCCAT a appel\u00e9 les membres \u00e0 travailler avec engagement, m\u00e9thode et anticipation afin de contribuer \u00e0 la r\u00e9ussite de l\u2019\u00e9dition.<\/p>\n\n\n\n<p class=\"wp-block-paragraph\">Au-del\u00e0 de la production d\u2019\u0153uvres, l\u2019ambition affich\u00e9e est \u00e9galement de faire du Symposium un espace contribuant \u00e0 la&nbsp;<strong>promotion de la paix et de la coh\u00e9sion sociale<\/strong>.<\/p>\n\n\n\n<p class=\"wp-block-paragraph\">Avec l\u2019installation du commissariat, une premi\u00e8re \u00e9tape est donc franchie. Les prochains mois seront consacr\u00e9s \u00e0 la pr\u00e9paration artistique et technique de l\u2019\u00e9v\u00e9nement, avant l\u2019ouverture officielle pr\u00e9vue en novembre.<\/p>\n\n\n\n<div style=\"height:20px\" aria-hidden=\"true\" class=\"wp-block-spacer\"><\/div>\n\n\n\n<figure class=\"wp-block-image size-full rs-img-rounded-sm\"><img decoding=\"async\" src=\"https:\/\/nerio.rstheme.com\/newspaper\/wp-content\/uploads\/sites\/2\/2025\/11\/ad-banner-thumb-001-1.png\" alt=\"\" class=\"wp-image-7057\"\/><\/figure>\n\n\n\n<div style=\"height:35px\" aria-hidden=\"true\" class=\"wp-block-spacer\"><\/div>\n\n\n\n<h3 class=\"wp-block-heading\">Pourquoi c\u2019est important<\/h3>\n\n\n\n<p class=\"wp-block-paragraph\">Le Symposium de Laongo occupe une place particuli\u00e8re dans la valorisation des arts plastiques au Burkina Faso. En r\u00e9unissant des artistes autour du granite, il permet de transformer une mati\u00e8re brute en \u0153uvres artistiques tout en cr\u00e9ant un espace d\u2019\u00e9changes entre artistes, chercheurs, apprenants et public.<\/p>\n\n\n\n<p class=\"wp-block-paragraph\">Pour cette 15\u1d49 \u00e9dition, l\u2019enjeu sera donc autant de&nbsp;<strong>produire de nouvelles \u0153uvres que de transmettre les savoir-faire et de renforcer la place de Laongo comme espace culturel et artistique<\/strong>.<\/p>\n\n\n\n<p class=\"wp-block-paragraph\"><strong>Source : MCCAT \/ DGCA \u2013 Article adapt\u00e9 et enrichi par la r\u00e9daction de VoirFaso.<\/strong><\/p>","protected":false},"excerpt":{"rendered":"<p>Le commissariat de la 15\u1d49 \u00e9dition du Symposium international de sculpture sur granite de Laongo a \u00e9t\u00e9 install\u00e9. L\u2019\u00e9v\u00e9nement est pr\u00e9vu du 2 au 23 novembre 2026.<\/p>","protected":false},"author":1,"featured_media":8502,"comment_status":"open","ping_status":"open","sticky":false,"template":"","format":"standard","meta":{"footnotes":""},"categories":[10],"tags":[321,266,320,185,318,322,247,156,319,317],"class_list":["post-274","post","type-post","status-publish","format-standard","has-post-thumbnail","hentry","category-culture-patrimoine","tag-art-burkinabe","tag-artistes-burkinabe","tag-arts-plastiques","tag-culture-burkina-faso","tag-laongo","tag-laongo-2026","tag-mccat","tag-patrimoine-culturel","tag-sculpture-sur-granite","tag-symposium-de-laongo"],"_links":{"self":[{"href":"https:\/\/voirfaso.com\/fr\/wp-json\/wp\/v2\/posts\/274","targetHints":{"allow":["GET"]}}],"collection":[{"href":"https:\/\/voirfaso.com\/fr\/wp-json\/wp\/v2\/posts"}],"about":[{"href":"https:\/\/voirfaso.com\/fr\/wp-json\/wp\/v2\/types\/post"}],"author":[{"embeddable":true,"href":"https:\/\/voirfaso.com\/fr\/wp-json\/wp\/v2\/users\/1"}],"replies":[{"embeddable":true,"href":"https:\/\/voirfaso.com\/fr\/wp-json\/wp\/v2\/comments?post=274"}],"version-history":[{"count":14,"href":"https:\/\/voirfaso.com\/fr\/wp-json\/wp\/v2\/posts\/274\/revisions"}],"predecessor-version":[{"id":8520,"href":"https:\/\/voirfaso.com\/fr\/wp-json\/wp\/v2\/posts\/274\/revisions\/8520"}],"wp:featuredmedia":[{"embeddable":true,"href":"https:\/\/voirfaso.com\/fr\/wp-json\/wp\/v2\/media\/8502"}],"wp:attachment":[{"href":"https:\/\/voirfaso.com\/fr\/wp-json\/wp\/v2\/media?parent=274"}],"wp:term":[{"taxonomy":"category","embeddable":true,"href":"https:\/\/voirfaso.com\/fr\/wp-json\/wp\/v2\/categories?post=274"},{"taxonomy":"post_tag","embeddable":true,"href":"https:\/\/voirfaso.com\/fr\/wp-json\/wp\/v2\/tags?post=274"}],"curies":[{"name":"wp","href":"https:\/\/api.w.org\/{rel}","templated":true}]}}