{"id":5078,"date":"2026-07-04T11:42:00","date_gmt":"2026-07-04T11:42:00","guid":{"rendered":"https:\/\/nerio.rstheme.com\/travel-news\/?p=5078"},"modified":"2026-07-31T14:05:11","modified_gmt":"2026-07-31T14:05:11","slug":"grande-saison-du-tourisme-interne-2026-le-burkina-faso-mise-sur-le-tourisme-local-pour-stimuler-leconomie","status":"publish","type":"post","link":"https:\/\/voirfaso.com\/fr\/grande-saison-du-tourisme-interne-2026-le-burkina-faso-mise-sur-le-tourisme-local-pour-stimuler-leconomie\/","title":{"rendered":"Grande Saison du Tourisme Interne 2026 : le Burkina Faso mise sur le tourisme local pour stimuler l\u2019\u00e9conomie"},"content":{"rendered":"<p class=\"wp-block-paragraph\">La promotion du tourisme interne demeure l\u2019une des priorit\u00e9s du Burkina Faso pour valoriser son patrimoine et soutenir les \u00e9conomies locales. C\u2019est dans cette dynamique que la 4\u1d49 \u00e9dition de la&nbsp;<strong>Grande Saison du Tourisme Interne (GSTI)<\/strong>&nbsp;a \u00e9t\u00e9 officiellement lanc\u00e9e \u00e0 Samendeni, dans la commune de Bama.<\/p>\n\n\n\n<p class=\"wp-block-paragraph\">Lors de la c\u00e9r\u00e9monie de lancement, le ministre de la Communication, de la Culture, des Arts et du Tourisme, Pingdwend\u00e9 Gilbert Ou\u00e9draogo, a rappel\u00e9 que chaque d\u00e9placement d\u2019un Burkinab\u00e8 \u00e0 l\u2019int\u00e9rieur du pays g\u00e9n\u00e8re des retomb\u00e9es \u00e9conomiques pour de nombreux secteurs.<\/p>\n\n\n\n<p class=\"wp-block-paragraph\">H\u00e9bergeurs, restaurateurs, guides touristiques, artisans, transporteurs et producteurs locaux b\u00e9n\u00e9ficient directement des d\u00e9penses des visiteurs.<\/p>\n\n\n\n<p class=\"wp-block-paragraph\"><strong>Quels enjeux ?<\/strong><\/p>\n\n\n\n<p class=\"wp-block-paragraph\">Le d\u00e9veloppement du tourisme interne passe \u00e9galement par l\u2019am\u00e9lioration des infrastructures, la qualit\u00e9 de l\u2019accueil, la promotion des destinations et une meilleure connaissance des richesses nationales par les populations.<\/p>\n\n\n\n<p class=\"wp-block-paragraph\">La r\u00e9ussite de cette initiative d\u00e9pendra aussi de l\u2019engagement des acteurs publics et priv\u00e9s, ainsi que des citoyens.<\/p>\n\n\n\n<div style=\"height:14px\" aria-hidden=\"true\" class=\"wp-block-spacer\"><\/div>\n\n\n\n<figure class=\"wp-block-gallery has-nested-images columns-default is-cropped rs-img-rounded-sm wp-block-gallery-1 is-layout-flex wp-block-gallery-is-layout-flex\">\n<figure class=\"wp-block-image size-full\"><img decoding=\"async\" data-id=\"7551\" src=\"https:\/\/voirfaso.com\/wp-content\/uploads\/2025\/11\/Science-Website-in-Dark-Brown-Grey-Image-Led-Style-4-1.svg\" alt=\"Le Camarade ministre de la Communication, de la Culture, des Arts et du Tourisme, Monsieur Pingdwende\u0301 Gilbert OUE\u0301DRAOGO prononce son discours lors du lancement de la Grande Saison du Tourisme Interne \u00e0 Samandeni.\" class=\"wp-image-7551\"\/><figcaption class=\"wp-element-caption\">Le Camarade ministre de la Communication, de la Culture, des Arts et du Tourisme, Pingdwende\u0301 Gilbert OUE\u0301DRAOGO lance officiellement la 4\u1d49 Grande Saison du Tourisme Interne.<\/figcaption><\/figure>\n\n\n\n<figure class=\"wp-block-image size-full\"><img decoding=\"async\" data-id=\"7555\" src=\"https:\/\/voirfaso.com\/wp-content\/uploads\/2025\/11\/Science-Website-in-Dark-Brown-Grey-Image-Led-Style-5.svg\" alt=\"Le ministre remet un prix \u00e0 un cr\u00e9ateur de contenu lors de la c\u00e9r\u00e9monie de lancement de la Grande Saison du Tourisme Interne.\" class=\"wp-image-7555\"\/><figcaption class=\"wp-element-caption\"> Un cr\u00e9ateur de contenu r\u00e9compens\u00e9 pour sa contribution \u00e0 la promotion du tourisme local.<\/figcaption><\/figure>\n<\/figure>\n\n\n\n<div style=\"height:35px\" aria-hidden=\"true\" class=\"wp-block-spacer\"><\/div>\n\n\n\n<h3 class=\"wp-block-heading\">Grande Saison du Tourisme Interne 2026 vise \u00e0 faire du tourisme un v\u00e9ritable moteur du d\u00e9veloppement local. <\/h3>\n\n\n\n<p class=\"wp-block-paragraph\">La Grande Saison du Tourisme Interne 2026 vise \u00e0 faire du tourisme un v\u00e9ritable moteur du d\u00e9veloppement local. En choisissant de voyager au Burkina Faso, les citoyens contribuent \u00e9galement \u00e0 la cr\u00e9ation de richesses et d\u2019emplois au b\u00e9n\u00e9fice des communaut\u00e9s.<\/p>\n\n\n\n<div style=\"height:14px\" aria-hidden=\"true\" class=\"wp-block-spacer\"><\/div>\n\n\n\n<figure class=\"wp-block-image size-full rs-img-rounded-sm\"><img decoding=\"async\" src=\"https:\/\/voirfaso.com\/wp-content\/uploads\/2025\/11\/Science-Website-in-Dark-Brown-Grey-Image-Led-Style-6.svg\" alt=\" Le public applaudit lors de la c\u00e9r\u00e9monie de lancement de la Grande Saison du Tourisme Interne \u00e0 Samandeni.\" class=\"wp-image-7557\"\/><figcaption class=\"wp-element-caption\">Un public enthousiaste pour le lancement de la 4\u1d49 Grande Saison du Tourisme Interne.<\/figcaption><\/figure>\n\n\n\n<div style=\"height:35px\" aria-hidden=\"true\" class=\"wp-block-spacer\"><\/div>\n\n\n\n<h3 class=\"wp-block-heading\">\u00c0 retenir<\/h3>\n\n\n\n<p class=\"wp-block-paragraph\">La\u00a0<strong>4\u1d49 \u00e9dition de la Grande Saison du Tourisme Interne<\/strong>\u00a0a \u00e9t\u00e9 lanc\u00e9e \u00e0 Samendeni.<\/p>\n\n\n\n<p class=\"wp-block-paragraph\">L\u2019initiative encourage les Burkinab\u00e8 \u00e0 d\u00e9couvrir les destinations touristiques nationales.<\/p>\n\n\n\n<p class=\"wp-block-paragraph\">Chaque voyage soutient de nombreux acteurs de l\u2019\u00e9conomie locale, des h\u00f4tels aux artisans<\/p>\n\n\n\n<div style=\"height:20px\" aria-hidden=\"true\" class=\"wp-block-spacer\"><\/div>\n\n\n\n<figure class=\"wp-block-image size-full rs-img-rounded-sm\"><img decoding=\"async\" src=\"https:\/\/nerio.rstheme.com\/newspaper\/wp-content\/uploads\/sites\/2\/2025\/11\/ad-banner-thumb-001-1.png\" alt=\"\" class=\"wp-image-7057\"\/><\/figure>\n\n\n\n<div style=\"height:35px\" aria-hidden=\"true\" class=\"wp-block-spacer\"><\/div>\n\n\n\n<h3 class=\"wp-block-heading\"><strong>Si vous deviez faire d\u00e9couvrir une seule destination du Burkina Faso \u00e0 un visiteur, laquelle choisiriez-vous et pourquoi ?<\/strong><\/h3>","protected":false},"excerpt":{"rendered":"<p>La 4\u1d49 \u00e9dition de la Grande Saison du Tourisme Interne (GSTI) a \u00e9t\u00e9 lanc\u00e9e le 4 juillet 2026 \u00e0 Samendeni, dans la commune de Bama. Cette initiative vise \u00e0 encourager les Burkinab\u00e8 \u00e0 d\u00e9couvrir les richesses touristiques du pays tout en soutenant les \u00e9conomies locales.<\/p>","protected":false},"author":1,"featured_media":7549,"comment_status":"open","ping_status":"open","sticky":false,"template":"","format":"standard","meta":{"footnotes":""},"categories":[5],"tags":[54,50,51,53,48,52],"class_list":["post-5078","post","type-post","status-publish","format-standard","has-post-thumbnail","hentry","category-tourisme","tag-bama","tag-grande-saison-du-tourisme-interne","tag-gsti-2026","tag-samendeni","tag-tourisme-burkina-faso","tag-tourisme-interne"],"_links":{"self":[{"href":"https:\/\/voirfaso.com\/fr\/wp-json\/wp\/v2\/posts\/5078","targetHints":{"allow":["GET"]}}],"collection":[{"href":"https:\/\/voirfaso.com\/fr\/wp-json\/wp\/v2\/posts"}],"about":[{"href":"https:\/\/voirfaso.com\/fr\/wp-json\/wp\/v2\/types\/post"}],"author":[{"embeddable":true,"href":"https:\/\/voirfaso.com\/fr\/wp-json\/wp\/v2\/users\/1"}],"replies":[{"embeddable":true,"href":"https:\/\/voirfaso.com\/fr\/wp-json\/wp\/v2\/comments?post=5078"}],"version-history":[{"count":12,"href":"https:\/\/voirfaso.com\/fr\/wp-json\/wp\/v2\/posts\/5078\/revisions"}],"predecessor-version":[{"id":7594,"href":"https:\/\/voirfaso.com\/fr\/wp-json\/wp\/v2\/posts\/5078\/revisions\/7594"}],"wp:featuredmedia":[{"embeddable":true,"href":"https:\/\/voirfaso.com\/fr\/wp-json\/wp\/v2\/media\/7549"}],"wp:attachment":[{"href":"https:\/\/voirfaso.com\/fr\/wp-json\/wp\/v2\/media?parent=5078"}],"wp:term":[{"taxonomy":"category","embeddable":true,"href":"https:\/\/voirfaso.com\/fr\/wp-json\/wp\/v2\/categories?post=5078"},{"taxonomy":"post_tag","embeddable":true,"href":"https:\/\/voirfaso.com\/fr\/wp-json\/wp\/v2\/tags?post=5078"}],"curies":[{"name":"wp","href":"https:\/\/api.w.org\/{rel}","templated":true}]}}