{"id":5088,"date":"2026-08-01T11:45:00","date_gmt":"2026-08-01T11:45:00","guid":{"rendered":"https:\/\/nerio.rstheme.com\/travel-news\/?p=5088"},"modified":"2026-08-02T17:54:26","modified_gmt":"2026-08-02T17:54:26","slug":"barrage-gouloure-souverainete-alimentaire-eau","status":"publish","type":"post","link":"https:\/\/voirfaso.com\/fr\/barrage-gouloure-souverainete-alimentaire-eau\/","title":{"rendered":"Barrage de Goulour\u00e9 : un nouvel \u00e9lan pour l\u2019agriculture et l\u2019acc\u00e8s \u00e0 l\u2019eau"},"content":{"rendered":"<p class=\"wp-block-paragraph\">Pr\u00e8s de trente ans apr\u00e8s sa destruction par les crues, le barrage de Goulour\u00e9 retrouve sa place dans le paysage du Boulkiemd\u00e9. Mis en eau le 1er ao\u00fbt 2026 par le Premier ministre, Rimtalba Jean Emmanuel Ou\u00e9draogo, cet ouvrage hydraulique ambitionne de soutenir la souverainet\u00e9 alimentaire, de renforcer la r\u00e9silience climatique et d\u2019offrir de nouvelles perspectives \u00e9conomiques aux populations de la commune de Kokologho et des localit\u00e9s voisines.<\/p>\n\n\n\n<div style=\"height:14px\" aria-hidden=\"true\" class=\"wp-block-spacer\"><\/div>\n\n\n\n<figure class=\"wp-block-gallery has-nested-images columns-default is-cropped rs-img-rounded-sm wp-block-gallery-1 is-layout-flex wp-block-gallery-is-layout-flex\">\n<figure class=\"wp-block-image size-full\"><img decoding=\"async\" data-id=\"7673\" src=\"https:\/\/voirfaso.com\/wp-content\/uploads\/2026\/08\/Le-Premier-ministre-lance-officiellement-la-mise-en-eau.svg\" alt=\"Le Premier ministre participe \u00e0 la c\u00e9r\u00e9monie de mise en eau du barrage de Goulour\u00e9.\" class=\"wp-image-7673\"\/><figcaption class=\"wp-element-caption\">La c\u00e9r\u00e9monie marque la remise en service officielle de l\u2019ouvrage.<\/figcaption><\/figure>\n\n\n\n<figure class=\"wp-block-image size-full\"><img decoding=\"async\" data-id=\"7675\" src=\"https:\/\/voirfaso.com\/wp-content\/uploads\/2026\/08\/Une-infrastructure-au-service-du-developpement-local.svg\" alt=\"Vue de la digue et des ouvrages am\u00e9nag\u00e9s autour du barrage de Goulour\u00e9.\" class=\"wp-image-7675\"\/><figcaption class=\"wp-element-caption\">Le nouvel ouvrage am\u00e9liore aussi la mobilit\u00e9 entre les localit\u00e9s riveraines.<\/figcaption><\/figure>\n<\/figure>\n\n\n\n<div style=\"height:35px\" aria-hidden=\"true\" class=\"wp-block-spacer\"><\/div>\n\n\n\n<h3 class=\"wp-block-heading\">Un barrage reconstruit pour r\u00e9pondre aux d\u00e9fis de demain<\/h3>\n\n\n\n<p class=\"wp-block-paragraph\">Construit en 1956 puis d\u00e9truit \u00e0 la fin des ann\u00e9es 1990, le barrage a \u00e9t\u00e9 enti\u00e8rement reconstruit par l\u2019Office national des barrages et des am\u00e9nagements hydro-agricoles (ONBAH). Sa capacit\u00e9 de stockage passe d\u00e9sormais de&nbsp;<strong>80 000 m\u00b3 \u00e0 1 023 000 m\u00b3<\/strong>, soit pr\u00e8s de treize fois plus qu\u2019auparavant.<\/p>\n\n\n\n<p class=\"wp-block-paragraph\">Au-del\u00e0 de la retenue d\u2019eau, le projet comprend une digue de 1 140 m\u00e8tres, un d\u00e9versoir-radier, une piste de d\u00e9viation et des ouvrages de franchissement destin\u00e9s \u00e0 faciliter les d\u00e9placements des populations en toute saison.<\/p>\n\n\n\n<blockquote class=\"wp-block-quote has-text-align-center rs-post-quote-box is-layout-flow wp-block-quote-is-layout-flow\">\n<p class=\"wp-block-paragraph\">\u00ab Cet ouvrage est le fruit des efforts de la Nation. Il appartient d\u00e9sormais aux populations de le pr\u00e9server. \u00bb<\/p>\n<cite>Camarade <em>Rimtalba Jean Emmanuel OUEDRAOGO, Premier ministre.<\/em><\/cite><\/blockquote>\n\n\n\n<div style=\"height:14px\" aria-hidden=\"true\" class=\"wp-block-spacer\"><\/div>\n\n\n\n<figure class=\"wp-block-image size-full rs-img-rounded-sm\"><img decoding=\"async\" src=\"https:\/\/voirfaso.com\/wp-content\/uploads\/2026\/08\/Le-Premier-ministre-repond-aux-questions-des-medias.svg\" alt=\"Le Premier ministre Rimtalba Jean Emmanuel Ou\u00e9draogo s\u2019exprime devant les journalistes \u00e0 l\u2019issue de la c\u00e9r\u00e9monie de mise en eau du barrage de Goulour\u00e9.\" class=\"wp-image-7681\"\/><figcaption class=\"wp-element-caption\">Le Chef du Gouvernement \u00e9change avec les m\u00e9dias sur les enjeux du barrage de Goulour\u00e9<\/figcaption><\/figure>\n\n\n\n<div style=\"height:35px\" aria-hidden=\"true\" class=\"wp-block-spacer\"><\/div>\n\n\n\n<h3 class=\"wp-block-heading\">L\u2019eau comme levier de d\u00e9veloppement et de r\u00e9silience<\/h3>\n\n\n\n<p class=\"wp-block-paragraph\">L\u2019augmentation de la capacit\u00e9 de stockage devrait permettre le d\u00e9veloppement du mara\u00eechage, des cultures de contre-saison, de la pisciculture et de l\u2019\u00e9levage. Le barrage offre \u00e9galement un potentiel d\u2019am\u00e9nagement de&nbsp;<strong>20 hectares de p\u00e9rim\u00e8tre irrigu\u00e9<\/strong>, tout en favorisant la recharge de la nappe phr\u00e9atique et la pr\u00e9servation des \u00e9cosyst\u00e8mes.<\/p>\n\n\n\n<p class=\"wp-block-paragraph\">Cette infrastructure s\u2019inscrit dans l\u2019Offensive agropastorale, hydraulique et halieutique 2026-2028, qui vise \u00e0 renforcer la ma\u00eetrise de l\u2019eau, \u00e0 accro\u00eetre la production agricole et \u00e0 am\u00e9liorer la r\u00e9silience des territoires face aux effets du changement climatique.<\/p>\n\n\n\n<div style=\"height:20px\" aria-hidden=\"true\" class=\"wp-block-spacer\"><\/div>\n\n\n\n<figure class=\"wp-block-image size-full rs-img-rounded-sm\"><img decoding=\"async\" src=\"https:\/\/nerio.rstheme.com\/newspaper\/wp-content\/uploads\/sites\/2\/2025\/11\/ad-banner-thumb-001-1.png\" alt=\"\" class=\"wp-image-7057\"\/><\/figure>\n\n\n\n<div style=\"height:35px\" aria-hidden=\"true\" class=\"wp-block-spacer\"><\/div>\n\n\n\n<p class=\"wp-block-paragraph\">Avec la remise en eau du barrage de Goulour\u00e9, le Burkina Faso renforce ses infrastructures hydrauliques au service de l\u2019agriculture, de la s\u00e9curit\u00e9 alimentaire et du d\u00e9veloppement local. Au-del\u00e0 de l\u2019ouvrage, les autorit\u00e9s appellent les populations \u00e0 assurer sa pr\u00e9servation afin qu\u2019il profite durablement aux g\u00e9n\u00e9rations pr\u00e9sentes et futures.<\/p>\n\n\n\n<p class=\"wp-block-paragraph\"><strong>Source :<\/strong>&nbsp;Direction de la Communication et des Relations Publiques du minist\u00e8re de l\u2019Agriculture, des Ressources animales et halieutiques (DCRP\/MAERAH).<\/p>\n\n\n\n<p class=\"wp-block-paragraph\"><em>Article adapt\u00e9 et enrichi par la r\u00e9daction de Voir Faso.<\/em><\/p>","protected":false},"excerpt":{"rendered":"<p>Le Burkina Faso franchit une nouvelle \u00e9tape dans sa politique de ma\u00eetrise de l\u2019eau avec la mise en eau du barrage de Goulour\u00e9, dans la commune de Kokologho. Reconstruit apr\u00e8s pr\u00e8s de trente ans d\u2019attente, l\u2019ouvrage devrait renforcer la production agricole, soutenir l\u2019\u00e9levage, favoriser la pisciculture et am\u00e9liorer les conditions de vie des populations.<\/p>","protected":false},"author":1,"featured_media":7671,"comment_status":"open","ping_status":"open","sticky":false,"template":"","format":"standard","meta":{"footnotes":""},"categories":[9],"tags":[100,97,92,101,102,90,94,91,96,95,93,98,99],"class_list":["post-5088","post","type-post","status-publish","format-standard","has-post-thumbnail","hentry","category-environnement","tag-agriculture-irriguee","tag-barrage-de-gouloure","tag-boulkiemde","tag-changement-climatique","tag-developpement-local","tag-gouloure","tag-gouvernement-du-burkina-faso","tag-kokologho","tag-maerah","tag-onbah","tag-region-du-nando","tag-ressources-en-eau","tag-souverainete-alimentaire"],"_links":{"self":[{"href":"https:\/\/voirfaso.com\/fr\/wp-json\/wp\/v2\/posts\/5088","targetHints":{"allow":["GET"]}}],"collection":[{"href":"https:\/\/voirfaso.com\/fr\/wp-json\/wp\/v2\/posts"}],"about":[{"href":"https:\/\/voirfaso.com\/fr\/wp-json\/wp\/v2\/types\/post"}],"author":[{"embeddable":true,"href":"https:\/\/voirfaso.com\/fr\/wp-json\/wp\/v2\/users\/1"}],"replies":[{"embeddable":true,"href":"https:\/\/voirfaso.com\/fr\/wp-json\/wp\/v2\/comments?post=5088"}],"version-history":[{"count":7,"href":"https:\/\/voirfaso.com\/fr\/wp-json\/wp\/v2\/posts\/5088\/revisions"}],"predecessor-version":[{"id":7682,"href":"https:\/\/voirfaso.com\/fr\/wp-json\/wp\/v2\/posts\/5088\/revisions\/7682"}],"wp:featuredmedia":[{"embeddable":true,"href":"https:\/\/voirfaso.com\/fr\/wp-json\/wp\/v2\/media\/7671"}],"wp:attachment":[{"href":"https:\/\/voirfaso.com\/fr\/wp-json\/wp\/v2\/media?parent=5088"}],"wp:term":[{"taxonomy":"category","embeddable":true,"href":"https:\/\/voirfaso.com\/fr\/wp-json\/wp\/v2\/categories?post=5088"},{"taxonomy":"post_tag","embeddable":true,"href":"https:\/\/voirfaso.com\/fr\/wp-json\/wp\/v2\/tags?post=5088"}],"curies":[{"name":"wp","href":"https:\/\/api.w.org\/{rel}","templated":true}]}}