{"id":5091,"date":"2026-08-09T03:15:52","date_gmt":"2026-08-09T03:15:52","guid":{"rendered":"https:\/\/nerio.rstheme.com\/travel-news\/?p=5091"},"modified":"2026-08-29T17:15:25","modified_gmt":"2026-08-29T17:15:25","slug":"aeroport-de-bobo-dioulasso-un-chantier-a-79-milliards-fcfa-pour-renforcer-lattractivite-de-la-ville","status":"publish","type":"post","link":"https:\/\/voirfaso.com\/fr\/aeroport-de-bobo-dioulasso-un-chantier-a-79-milliards-fcfa-pour-renforcer-lattractivite-de-la-ville\/","title":{"rendered":"A\u00e9roport de Bobo-Dioulasso : un chantier \u00e0 79 milliards FCFA pour renforcer l\u2019attractivit\u00e9 de la ville"},"content":{"rendered":"<p class=\"wp-block-paragraph\">La transformation de l\u2019<strong>A\u00e9roport international de Bobo-Dioulasso<\/strong>&nbsp;prend progressivement forme. Mercredi 5 ao\u00fbt 2026, le ministre d\u2019\u00c9tat, ministre de l\u2019Administration territoriale et de la Mobilit\u00e9,&nbsp;<strong>\u00c9mile Zerbo<\/strong>, s\u2019est rendu sur le chantier pour \u00e9valuer l\u2019\u00e9tat d\u2019avancement des travaux.<\/p>\n\n\n\n<p class=\"wp-block-paragraph\">Au-del\u00e0 d\u2019une simple infrastructure de transport, le projet porte une ambition plus large : renforcer la connexion de Bobo-Dioulasso avec les autres p\u00f4les \u00e9conomiques, faciliter les d\u00e9placements et soutenir l\u2019attractivit\u00e9 touristique et \u00e9conomique de la ville.<\/p>\n\n\n\n<h3 class=\"wp-block-heading\">Un investissement de 79 milliards FCFA<\/h3>\n\n\n\n<p class=\"wp-block-paragraph\">Le projet de modernisation est port\u00e9 sous la ma\u00eetrise d\u2019ouvrage du&nbsp;<strong>minist\u00e8re de l\u2019Administration territoriale et de la Mobilit\u00e9 (MATM)<\/strong>&nbsp;et mis en \u0153uvre par la&nbsp;<strong>Soci\u00e9t\u00e9 des A\u00e9roports du Faso (SAFA)<\/strong>.<\/p>\n\n\n\n<p class=\"wp-block-paragraph\">L\u2019investissement annonc\u00e9 pour cette premi\u00e8re phase est d\u2019environ&nbsp;<strong>79 milliards de francs CFA<\/strong>.<\/p>\n\n\n\n<p class=\"wp-block-paragraph\">Le programme comprend notamment :<\/p>\n\n\n\n<ul class=\"wp-block-list\">\n<li>une nouvelle a\u00e9rogare ;<\/li>\n\n\n\n<li>la r\u00e9habilitation de la piste et des voies de circulation ;<\/li>\n\n\n\n<li>une voie parall\u00e8le ;<\/li>\n\n\n\n<li>une centrale solaire photovolta\u00efque ;<\/li>\n\n\n\n<li>la r\u00e9habilitation et l\u2019extension des infrastructures de fret ;<\/li>\n\n\n\n<li>Plusieurs am\u00e9nagements routiers dans la ville de Bobo-Dioulasso.<\/li>\n<\/ul>\n\n\n\n<p class=\"wp-block-paragraph\">La future a\u00e9rogare devrait pouvoir accueillir&nbsp;<strong>au moins 1,5 million de passagers par an<\/strong>.<\/p>\n\n\n\n<figure class=\"wp-block-gallery has-nested-images columns-default is-cropped rs-img-rounded-sm wp-block-gallery-1 is-layout-flex wp-block-gallery-is-layout-flex\">\n<figure class=\"wp-block-image size-full\"><img decoding=\"async\" data-id=\"8059\" src=\"https:\/\/voirfaso.com\/wp-content\/uploads\/2026\/07\/Les-equipes-mobilisees-sur-le-chantier-de-Bobo-Dioulasso.svg\" alt=\"Travailleurs sur le chantier de modernisation de l\u2019a\u00e9roport de Bobo-Dioulasso.\" class=\"wp-image-8059\"\/><figcaption class=\"wp-element-caption\">Plus de 500 travailleurs participent actuellement aux travaux de modernisation de la plateforme a\u00e9roportuaire.<\/figcaption><\/figure>\n\n\n\n<figure class=\"wp-block-image size-full\"><img decoding=\"async\" data-id=\"8060\" src=\"https:\/\/voirfaso.com\/wp-content\/uploads\/2026\/07\/Bobo-Dioulasso-futur-pole-regional-de-mobilite.svg\" alt=\"A\u00e9roport international de Bobo-Dioulasso et paysage urbain de Bobo-Dioulasso.\" class=\"wp-image-8060\"\/><figcaption class=\"wp-element-caption\">La modernisation de l\u2019a\u00e9roport doit accompagner l\u2019ambition de faire de Bobo-Dioulasso un p\u00f4le r\u00e9gional de mobilit\u00e9 et d\u2019affaires.<\/figcaption><\/figure>\n<\/figure>\n\n\n\n<h3 class=\"wp-block-heading\">Un chantier qui doit d\u00e9sormais acc\u00e9l\u00e9rer<\/h3>\n\n\n\n<p class=\"wp-block-paragraph\">Les organisateurs ont \u00e9galement mis l\u2019accent sur la n\u00e9cessit\u00e9 d\u2019une collaboration \u00e9troite entre l\u2019administration, les forces de s\u00e9curit\u00e9, les autorit\u00e9s judiciaires, la CENTIF et les op\u00e9rateurs \u00e9conomiques. Cette coop\u00e9ration est consid\u00e9r\u00e9e comme un levier pour am\u00e9liorer le partage d\u2019informations et renforcer l\u2019efficacit\u00e9 des dispositifs de pr\u00e9vention.<\/p>\n\n\n\n<p class=\"wp-block-paragraph\">Selon les responsables de la formation, le d\u00e9veloppement d\u2019une culture de conformit\u00e9 au sein des entreprises du secteur constitue un facteur de protection du syst\u00e8me \u00e9conomique national et de renforcement de la confiance des investisseurs.Au&nbsp;<strong>5 ao\u00fbt 2026<\/strong>, le taux d\u2019ex\u00e9cution physique global \u00e9tait \u00e9valu\u00e9 \u00e0&nbsp;<strong>17,23 %<\/strong>, alors que&nbsp;<strong>35,46 % du d\u00e9lai contractuel<\/strong>&nbsp;avait d\u00e9j\u00e0 \u00e9t\u00e9 consomm\u00e9.<\/p>\n\n\n\n<p class=\"wp-block-paragraph\">Ce d\u00e9calage explique la vigilance affich\u00e9e par le ministre d\u2019\u00c9tat lors de sa visite.<\/p>\n\n\n\n<p class=\"wp-block-paragraph\">Plus de&nbsp;<strong>500 travailleurs<\/strong>&nbsp;sont actuellement mobilis\u00e9s. Les travaux portent notamment sur le gros \u0153uvre de la future a\u00e9rogare, les infrastructures a\u00e9ronautiques, les terrassements et les diff\u00e9rentes voiries pr\u00e9vues dans le projet.<\/p>\n\n\n\n<p class=\"wp-block-paragraph\">Les entreprises ont \u00e9galement renforc\u00e9 leur dispositif avec des interventions continues, de jour comme de nuit, afin d\u2019acc\u00e9l\u00e9rer l\u2019ex\u00e9cution.<\/p>\n\n\n\n<h3 class=\"wp-block-heading\">Le respect des d\u00e9lais au c\u0153ur des pr\u00e9occupations<\/h3>\n\n\n\n<p class=\"wp-block-paragraph\">La visite minist\u00e9rielle avait aussi pour objectif de faire le point avec les \u00e9quipes techniques sur les contraintes rencontr\u00e9es et les mesures prises pour les surmonter.<\/p>\n\n\n\n<p class=\"wp-block-paragraph\">Au nom du consortium&nbsp;<strong>BUCG-AMP<\/strong>, le directeur de projet, M. Li, a assur\u00e9 que les entreprises renforcent leurs effectifs qualifi\u00e9s et leur approvisionnement en mat\u00e9riaux afin de maintenir le rythme des travaux.<\/p>\n\n\n\n<p class=\"wp-block-paragraph\">Les contr\u00f4les techniques r\u00e9alis\u00e9s sur le chantier indiquent par ailleurs une conformit\u00e9 des ouvrages aux exigences de qualit\u00e9, selon les informations communiqu\u00e9es par le minist\u00e8re.<\/p>\n\n\n\n<p class=\"wp-block-paragraph\">Pour le Gouvernement, l\u2019enjeu est donc d\u00e9sormais de conjuguer&nbsp;<strong>rapidit\u00e9 d\u2019ex\u00e9cution et respect des normes techniques<\/strong>.<\/p>\n\n\n\n<h3 class=\"wp-block-heading\">Bobo-Dioulasso veut changer d\u2019\u00e9chelle<\/h3>\n\n\n\n<p class=\"wp-block-paragraph\">La modernisation de l\u2019a\u00e9roport ne se limite pas aux infrastructures a\u00e9ronautiques.<\/p>\n\n\n\n<p class=\"wp-block-paragraph\">Le projet s\u2019inscrit dans une ambition de faire de Bobo-Dioulasso un&nbsp;<strong>p\u00f4le r\u00e9gional de mobilit\u00e9, d\u2019affaires et d\u2019investissement<\/strong>.<\/p>\n\n\n\n<p class=\"wp-block-paragraph\">Une ambition qui prend une dimension particuli\u00e8re dans le contexte du nouveau d\u00e9coupage administratif du Burkina Faso et de la mise en avant de la r\u00e9gion du&nbsp;<strong>Guiriko<\/strong>.<\/p>\n\n\n\n<p class=\"wp-block-paragraph\">Pour une ville qui constitue d\u00e9j\u00e0 un important carrefour commercial et culturel, disposer d\u2019une plateforme a\u00e9roportuaire moderne pourrait contribuer \u00e0 renforcer les \u00e9changes et l\u2019arriv\u00e9e de visiteurs.<\/p>\n\n\n\n<figure class=\"wp-block-image size-full rs-img-rounded-sm\"><img decoding=\"async\" src=\"https:\/\/voirfaso.com\/wp-content\/uploads\/2026\/07\/Emile-Zerbo-sur-le-chantier-de-modernisation-de-laeroport-de-Bobo-Dioulasso.svg\" alt=\"Le ministre d\u2019\u00c9tat \u00c9mile Zerbo en visite sur le chantier de modernisation de l\u2019A\u00e9roport international de Bobo-Dioulasso.\" class=\"wp-image-8063\"\/><figcaption class=\"wp-element-caption\">Le camarade  ministre d\u2019\u00c9tat \u00c9mile Zerbo, ministre de l\u2019Administration territoriale et de la Mobilit\u00e9, lors de sa visite de chantier \u00e0 l\u2019A\u00e9roport international de Bobo-Dioulasso, le 5 ao\u00fbt 2026.<\/figcaption><\/figure>\n\n\n\n<h3 class=\"wp-block-heading\">Une deuxi\u00e8me phase tourn\u00e9e vers le tourisme<\/h3>\n\n\n\n<p class=\"wp-block-paragraph\">L\u2019un des \u00e9l\u00e9ments les plus int\u00e9ressants du projet concerne la&nbsp;<strong>deuxi\u00e8me phase<\/strong>, consacr\u00e9e aux infrastructures extra-a\u00e9ronautiques.<\/p>\n\n\n\n<p class=\"wp-block-paragraph\">Son co\u00fbt est estim\u00e9 \u00e0&nbsp;<strong>200 milliards de francs CFA<\/strong>.<\/p>\n\n\n\n<p class=\"wp-block-paragraph\">Le programme pr\u00e9voit notamment :<\/p>\n\n\n\n<ul class=\"wp-block-list\">\n<li>un h\u00f4tel de standing international ;<\/li>\n\n\n\n<li>un centre de conventions ;<\/li>\n\n\n\n<li>un complexe touristique ;<\/li>\n\n\n\n<li>un centre m\u00e9dical a\u00e9ronautique ;<\/li>\n\n\n\n<li>Un r\u00e9seau de mobilit\u00e9 interne.<\/li>\n<\/ul>\n\n\n\n<p class=\"wp-block-paragraph\">Cette composante donne au projet une dimension directement li\u00e9e au d\u00e9veloppement touristique.<\/p>\n\n\n\n<p class=\"wp-block-paragraph\">L\u2019objectif affich\u00e9 est de transformer progressivement la plateforme a\u00e9roportuaire en un&nbsp;<strong>hub sous-r\u00e9gional<\/strong>, capable de g\u00e9n\u00e9rer des emplois, d\u2019attirer des investisseurs et de cr\u00e9er de nouvelles opportunit\u00e9s \u00e9conomiques.<\/p>\n\n\n\n<p class=\"wp-block-paragraph\">Un a\u00e9roport moderne ne sert pas uniquement \u00e0 faire atterrir et d\u00e9coller des avions. Il peut devenir une&nbsp;<strong>porte d\u2019entr\u00e9e pour les touristes, les investisseurs et les hommes d\u2019affaires<\/strong>.<\/p>\n\n\n\n<p class=\"wp-block-paragraph\">Pour Bobo-Dioulasso, l\u2019enjeu est donc de connecter davantage la ville aux march\u00e9s nationaux et sous-r\u00e9gionaux, mais aussi de faciliter l\u2019acc\u00e8s aux richesses touristiques de la r\u00e9gion du Guiriko et de l\u2019ouest du Burkina Faso.<\/p>\n\n\n\n<p class=\"wp-block-paragraph\">La deuxi\u00e8me phase, avec son h\u00f4tel, son centre de conventions et son complexe touristique, pourrait surtout cr\u00e9er un v\u00e9ritable \u00e9cosyst\u00e8me autour de la plateforme a\u00e9roportuaire.<\/p>\n\n\n\n<h3 class=\"wp-block-heading\">Une infrastructure au-del\u00e0 du transport<\/h3>\n\n\n\n<p class=\"wp-block-paragraph\">La modernisation de l\u2019A\u00e9roport international de Bobo-Dioulasso appara\u00eet ainsi comme un projet \u00e0 plusieurs dimensions :&nbsp;<strong>transport, tourisme, commerce, investissement et d\u00e9veloppement territorial<\/strong>.<\/p>\n\n\n\n<p class=\"wp-block-paragraph\">Le d\u00e9fi imm\u00e9diat reste toutefois celui de l\u2019ex\u00e9cution. Avec&nbsp;<strong>17,23 % de r\u00e9alisation physique pour 35,46 % du d\u00e9lai contractuel consomm\u00e9<\/strong>, la pression sur les entreprises est d\u00e9sormais forte.<\/p>\n\n\n\n<p class=\"wp-block-paragraph\">Si les prochaines \u00e9tapes permettent de rattraper le rythme attendu tout en maintenant la qualit\u00e9 des ouvrages, Bobo-Dioulasso pourrait disposer, \u00e0 terme, d\u2019une infrastructure capable de soutenir beaucoup plus largement son d\u00e9veloppement \u00e9conomique et touristique.<\/p>\n\n\n\n<blockquote class=\"wp-block-quote is-layout-flow wp-block-quote-is-layout-flow\">\n<p class=\"wp-block-paragraph\"><strong>Ce projet marque une \u00e9tape importante dans le d\u00e9veloppement des infrastructures a\u00e9roportuaires nationales et s\u2019inscrit dans la vision port\u00e9e par le Pr\u00e9sident du Faso, Chef de l\u2019\u00c9tat, le Camarade Capitaine Ibrahim Traor\u00e9, de faire du Burkina Faso un p\u00f4le de mobilit\u00e9 moderne et comp\u00e9titif. <\/strong><\/p>\n\n\n\n<p class=\"wp-block-paragraph\">\u2014&nbsp;<strong>Malegdibki\u00e8ta Saturnin Th\u00e9ophile Bikienga<\/strong>, Directeur g\u00e9n\u00e9ral de la Soci\u00e9t\u00e9 des A\u00e9roports du Faso (SAFA)<\/p>\n<\/blockquote>\n\n\n\n<div style=\"height:20px\" aria-hidden=\"true\" class=\"wp-block-spacer\"><\/div>\n\n\n\n<figure class=\"wp-block-image size-full rs-img-rounded-sm\"><img fetchpriority=\"high\" decoding=\"async\" width=\"971\" height=\"405\" src=\"https:\/\/voirfaso.com\/wp-content\/uploads\/2026\/08\/Sitho-3-4.jpg\" alt=\"\" class=\"wp-image-8639\" srcset=\"https:\/\/voirfaso.com\/wp-content\/uploads\/2026\/08\/Sitho-3-4.jpg 971w, https:\/\/voirfaso.com\/wp-content\/uploads\/2026\/08\/Sitho-3-4-300x125.jpg 300w, https:\/\/voirfaso.com\/wp-content\/uploads\/2026\/08\/Sitho-3-4-768x320.jpg 768w, https:\/\/voirfaso.com\/wp-content\/uploads\/2026\/08\/Sitho-3-4-18x8.jpg 18w, https:\/\/voirfaso.com\/wp-content\/uploads\/2026\/08\/Sitho-3-4-600x250.jpg 600w\" sizes=\"(max-width: 971px) 100vw, 971px\" \/><\/figure>\n\n\n\n<p class=\"wp-block-paragraph\">Article adapt\u00e9, enrichi et r\u00e9\u00e9crit par la r\u00e9daction de VoirFaso.<\/p>\n\n\n\n<p class=\"wp-block-paragraph\"><\/p>","protected":false},"excerpt":{"rendered":"<p>Avec un investissement annonc\u00e9 d\u2019environ 79 milliards de FCFA, la modernisation de l\u2019A\u00e9roport international de Bobo-Dioulasso avance progressivement. En visite de chantier le 5 ao\u00fbt 2026, le ministre d\u2019\u00c9tat \u00c9mile Zerbo a salu\u00e9 les progr\u00e8s r\u00e9alis\u00e9s tout en exigeant le respect des d\u00e9lais contractuels. \u00c0 terme, la plateforme ambitionne de renforcer la mobilit\u00e9, le tourisme et l\u2019attractivit\u00e9 \u00e9conomique de Bobo-Dioulasso.<\/p>","protected":false},"author":1,"featured_media":8044,"comment_status":"open","ping_status":"open","sticky":false,"template":"","format":"standard","meta":{"footnotes":""},"categories":[7,4],"tags":[240,242,55,243,115,246,244,173,58,245,241,48],"class_list":["post-5091","post","type-post","status-publish","format-standard","has-post-thumbnail","hentry","category-investissement-touristique","category-transport-mobilite","tag-aeroport-bobo-dioulasso","tag-aeroport-international-de-bobo","tag-bobo-dioulasso","tag-emile-zerbo","tag-guiriko","tag-hub-regional","tag-infrastructures","tag-investissement-touristique","tag-matm","tag-mobilite","tag-safa","tag-tourisme-burkina-faso"],"_links":{"self":[{"href":"https:\/\/voirfaso.com\/fr\/wp-json\/wp\/v2\/posts\/5091","targetHints":{"allow":["GET"]}}],"collection":[{"href":"https:\/\/voirfaso.com\/fr\/wp-json\/wp\/v2\/posts"}],"about":[{"href":"https:\/\/voirfaso.com\/fr\/wp-json\/wp\/v2\/types\/post"}],"author":[{"embeddable":true,"href":"https:\/\/voirfaso.com\/fr\/wp-json\/wp\/v2\/users\/1"}],"replies":[{"embeddable":true,"href":"https:\/\/voirfaso.com\/fr\/wp-json\/wp\/v2\/comments?post=5091"}],"version-history":[{"count":16,"href":"https:\/\/voirfaso.com\/fr\/wp-json\/wp\/v2\/posts\/5091\/revisions"}],"predecessor-version":[{"id":8742,"href":"https:\/\/voirfaso.com\/fr\/wp-json\/wp\/v2\/posts\/5091\/revisions\/8742"}],"wp:featuredmedia":[{"embeddable":true,"href":"https:\/\/voirfaso.com\/fr\/wp-json\/wp\/v2\/media\/8044"}],"wp:attachment":[{"href":"https:\/\/voirfaso.com\/fr\/wp-json\/wp\/v2\/media?parent=5091"}],"wp:term":[{"taxonomy":"category","embeddable":true,"href":"https:\/\/voirfaso.com\/fr\/wp-json\/wp\/v2\/categories?post=5091"},{"taxonomy":"post_tag","embeddable":true,"href":"https:\/\/voirfaso.com\/fr\/wp-json\/wp\/v2\/tags?post=5091"}],"curies":[{"name":"wp","href":"https:\/\/api.w.org\/{rel}","templated":true}]}}