{"id":7866,"date":"2026-08-07T04:22:20","date_gmt":"2026-08-07T04:22:20","guid":{"rendered":"https:\/\/voirfaso.com\/?p=7866"},"modified":"2026-08-07T12:46:14","modified_gmt":"2026-08-07T12:46:14","slug":"memorial-thomas-sankara-le-dixieme-ceremonial-militaire-rend-hommage-au-president-sankara-et-a-ses-douze-compagnons","status":"publish","type":"post","link":"https:\/\/voirfaso.com\/fr\/memorial-thomas-sankara-le-dixieme-ceremonial-militaire-rend-hommage-au-president-sankara-et-a-ses-douze-compagnons\/","title":{"rendered":"M\u00e9morial Thomas Sankara : le dixi\u00e8me c\u00e9r\u00e9monial militaire rend hommage au Pr\u00e9sident Sankara et \u00e0 ses douze compagnons"},"content":{"rendered":"<p class=\"wp-block-paragraph\">Le&nbsp;<strong>M\u00e9morial Thomas Sankara<\/strong>, \u00e0 Ouagadougou, a servi de cadre,&nbsp;<strong>le jeudi 6 ao\u00fbt 2026<\/strong>, au&nbsp;<strong>dixi\u00e8me c\u00e9r\u00e9monial d\u2019hommage militaire<\/strong>&nbsp;d\u00e9di\u00e9 au Pr\u00e9sident&nbsp;<strong>Thomas Sankara<\/strong>&nbsp;et \u00e0 ses&nbsp;<strong>douze compagnons<\/strong>. Cette c\u00e9r\u00e9monie de recueillement, devenue un rendez-vous m\u00e9moriel r\u00e9gulier, a r\u00e9uni plusieurs membres du Gouvernement, des autorit\u00e9s administratives, des forces de d\u00e9fense et de s\u00e9curit\u00e9 ainsi que des citoyens venus honorer la m\u00e9moire des disparus.<\/p>\n\n\n\n<p class=\"wp-block-paragraph\">Le ministre de la Communication, de la Culture, des Arts et du Tourisme,&nbsp;<strong>le camarade Pingdwend\u00e9 Gilbert Ou\u00e9draogo<\/strong>, a pris part \u00e0 la c\u00e9r\u00e9monie aux c\u00f4t\u00e9s du ministre de l\u2019Industrie, du Commerce et de l\u2019Artisanat,&nbsp;<strong>le camarade Serge Gnaniodem Poda<\/strong>, pr\u00e9sident de cette dixi\u00e8me \u00e9dition du c\u00e9r\u00e9monial.<\/p>\n\n\n\n<h2 class=\"wp-block-heading\">Un devoir de m\u00e9moire au-del\u00e0 du c\u00e9r\u00e9monial<\/h2>\n\n\n\n<p class=\"wp-block-paragraph\">Dans son intervention, le camarade&nbsp;<strong>Pingdwend\u00e9 Gilbert Ou\u00e9draogo<\/strong>&nbsp;a rappel\u00e9 que cette c\u00e9r\u00e9monie d\u00e9passe le cadre d\u2019un simple rituel militaire.<\/p>\n\n\n\n<p class=\"wp-block-paragraph\">Selon lui, cet hommage constitue une invitation \u00e0 r\u00e9fl\u00e9chir aux id\u00e9aux port\u00e9s par le pr\u00e9sident Thomas Sankara et \u00e0 leur place dans la construction du Burkina Faso d\u2019aujourd\u2019hui.<\/p>\n\n\n\n<div class=\"wp-block-columns is-layout-flex wp-container-core-columns-is-layout-7387b849 wp-block-columns-is-layout-flex\">\n<div class=\"wp-block-column is-layout-flow wp-block-column-is-layout-flow\" style=\"flex-basis:100%\">\n<figure class=\"wp-block-image size-full\"><img decoding=\"async\" src=\"https:\/\/voirfaso.com\/wp-content\/uploads\/2026\/08\/Allocution-du-camarade-Serge-Gnaniodem-Poda.svg\" alt=\"\" class=\"wp-image-7870\"\/><\/figure>\n<\/div>\n<\/div>\n\n\n\n<h2 class=\"wp-block-heading\">\u00ab Ma brique pour Sankara \u00bb : un appel \u00e0 contribuer au futur m\u00e9morial<\/h2>\n\n\n\n<p class=\"wp-block-paragraph\">La c\u00e9r\u00e9monie a \u00e9galement permis de mettre en lumi\u00e8re l\u2019\u00e9volution du projet&nbsp;<strong>\u00ab Ma brique pour Sankara \u00bb<\/strong>, destin\u00e9 \u00e0 financer les futures infrastructures du M\u00e9morial.<\/p>\n\n\n\n<p class=\"wp-block-paragraph\">Estim\u00e9 \u00e0&nbsp;<strong>117 milliards de francs CFA<\/strong>, le projet pr\u00e9voit notamment la r\u00e9alisation :<\/p>\n\n\n\n<ul class=\"wp-block-list\">\n<li>d\u2019une&nbsp;<strong>tour de 87 m\u00e8tres<\/strong>&nbsp;;<\/li>\n\n\n\n<li>de&nbsp;<strong>14 statues<\/strong>&nbsp;d\u00e9di\u00e9es \u00e0 Thomas Sankara, \u00e0 ses douze compagnons et \u00e0&nbsp;<strong>John Jerry Rawlings<\/strong>, pr\u00e9sident d\u2019honneur du M\u00e9morial ;<\/li>\n\n\n\n<li>d\u2019une&nbsp;<strong>biblioth\u00e8que<\/strong>&nbsp;;<\/li>\n\n\n\n<li>d\u2019un&nbsp;<strong>amphith\u00e9\u00e2tre de 3 000 places<\/strong>&nbsp;;<\/li>\n\n\n\n<li>d\u2019une&nbsp;<strong>salle polyvalente<\/strong>&nbsp;;<\/li>\n\n\n\n<li>d\u2019un&nbsp;<strong>centre commercial<\/strong>&nbsp;;<\/li>\n\n\n\n<li>d\u2019un&nbsp;<strong>parcours th\u00e9matique<\/strong>&nbsp;;<\/li>\n\n\n\n<li>d\u2019un&nbsp;<strong>jardin botanique<\/strong>&nbsp;;<\/li>\n\n\n\n<li>d\u2019espaces de d\u00e9tente et de loisirs ;<\/li>\n\n\n\n<li>Ainsi que d\u2019un&nbsp;<strong>t\u00e9l\u00e9ph\u00e9rique<\/strong>.<\/li>\n<\/ul>\n\n\n\n<p class=\"wp-block-paragraph\">Les autorit\u00e9s ont invit\u00e9 les op\u00e9rateurs \u00e9conomiques burkinab\u00e8 ainsi que les partenaires et amis du Burkina Faso \u00e0 soutenir cette initiative.<\/p>\n\n\n\n<figure class=\"wp-block-image size-full\"><img decoding=\"async\" src=\"https:\/\/voirfaso.com\/wp-content\/uploads\/2026\/08\/Le-projet-du-Memorial-Thomas-Sankara.svg\" alt=\" Illustration ou vue du futur complexe du M\u00e9morial Thomas Sankara.\" class=\"wp-image-7871\"\/><figcaption class=\"wp-element-caption\">Le futur complexe ambitionne de devenir un espace de m\u00e9moire, de culture et de tourisme.<\/figcaption><\/figure>\n\n\n\n<h3 class=\"wp-block-heading\">Un site appel\u00e9 \u00e0 devenir un p\u00f4le touristique<\/h3>\n\n\n\n<p class=\"wp-block-paragraph\">Au-del\u00e0 de sa dimension historique, le futur M\u00e9morial Thomas Sankara ambitionne de devenir un v\u00e9ritable p\u00f4le culturel et touristique.<\/p>\n\n\n\n<p class=\"wp-block-paragraph\">Les infrastructures pr\u00e9vues devraient permettre d\u2019accueillir des visiteurs, des chercheurs, des scolaires et des touristes, tout en proposant des espaces d\u00e9di\u00e9s \u00e0 la m\u00e9moire, \u00e0 la culture, \u00e0 l\u2019\u00e9ducation et aux loisirs.<\/p>\n\n\n\n<p class=\"wp-block-paragraph\">Cette vision s\u2019inscrit dans la volont\u00e9 de d\u00e9velopper un tourisme m\u00e9moriel autour des grandes figures de l\u2019histoire du Burkina Faso.<\/p>\n\n\n\n<p class=\"wp-block-paragraph\"><strong>&nbsp;Nous voulons que chacun d\u2019entre vous entre en lui-m\u00eame et m\u00e8ne une introspection sur ce que notre pays doit \u00eatre parce que Thomas Sankara a trac\u00e9 les sillons \u00e0 travers la R\u00e9volution d\u00e9mocratique et populaire. \u00bb<\/strong><\/p>\n\n\n\n<p class=\"wp-block-paragraph\"><strong> Camarade Pingdwend\u00e9 Gilbert Ou\u00e9draogo, ministre de la Communication, de la Culture, des Arts et du Tourisme<\/strong><\/p>\n\n\n\n<p class=\"wp-block-paragraph\"><\/p>\n\n\n\n<p class=\"wp-block-paragraph\">Le M\u00e9morial Thomas Sankara d\u00e9passe le cadre d\u2019un simple lieu de recueillement. Il ambitionne de devenir un espace de transmission de l\u2019histoire, de valorisation du patrimoine national et d\u2019attractivit\u00e9 touristique. Le projet \u00ab Ma brique pour Sankara \u00bb traduit \u00e9galement une volont\u00e9 de mobiliser les citoyens et les partenaires autour d\u2019un \u00e9quipement culturel de port\u00e9e nationale et internationale.<\/p>\n\n\n\n<p class=\"wp-block-paragraph\">Le dixi\u00e8me c\u00e9r\u00e9monial militaire organis\u00e9 au M\u00e9morial Thomas Sankara rappelle que la m\u00e9moire constitue un \u00e9l\u00e9ment essentiel de la construction nationale. En parall\u00e8le, le d\u00e9veloppement du futur complexe m\u00e9moriel ouvre de nouvelles perspectives pour le tourisme culturel et m\u00e9moriel au Burkina Faso. En associant histoire, patrimoine, culture et \u00e9ducation, ce projet pourrait devenir l\u2019un des sites embl\u00e9matiques du pays et contribuer au rayonnement de son h\u00e9ritage historique.<\/p>\n\n\n\n<p class=\"wp-block-paragraph\"><strong>Source:<\/strong>\u00a0DCRP \/ MCCAT. \u2013\u00a0<strong>Article adapt\u00e9, enrichi et optimis\u00e9 pour le web par la r\u00e9daction de VoirFaso.<\/strong><\/p>","protected":false},"excerpt":{"rendered":"<p>Le M\u00e9morial Thomas Sankara a accueilli, le 6 ao\u00fbt 2026 \u00e0 Ouagadougou, le dixi\u00e8me c\u00e9r\u00e9monial militaire en hommage au Pr\u00e9sident Thomas Sankara et \u00e0 ses douze compagnons. La c\u00e9r\u00e9monie a \u00e9galement \u00e9t\u00e9 l\u2019occasion de rappeler les ambitions du projet m\u00e9moriel, appel\u00e9 \u00e0 devenir un important p\u00f4le historique, culturel et touristique.<\/p>","protected":false},"author":1,"featured_media":7868,"comment_status":"open","ping_status":"open","sticky":false,"template":"","format":"standard","meta":{"footnotes":""},"categories":[10],"tags":[185,188,184,45,187,183,186,182,181,189,144],"class_list":["post-7866","post","type-post","status-publish","format-standard","has-post-thumbnail","hentry","category-culture-patrimoine","tag-culture-burkina-faso","tag-ma-brique-pour-sankara","tag-memorial-thomas-sankara","tag-ouagadougou","tag-patrimoine-historique","tag-pingdwende-gilbert-ouedraogo","tag-revolution-democratique-et-populaire","tag-serge-gnaniodem-poda","tag-thomas-sankara","tag-tourisme-memoriel","tag-voirfaso"],"_links":{"self":[{"href":"https:\/\/voirfaso.com\/fr\/wp-json\/wp\/v2\/posts\/7866","targetHints":{"allow":["GET"]}}],"collection":[{"href":"https:\/\/voirfaso.com\/fr\/wp-json\/wp\/v2\/posts"}],"about":[{"href":"https:\/\/voirfaso.com\/fr\/wp-json\/wp\/v2\/types\/post"}],"author":[{"embeddable":true,"href":"https:\/\/voirfaso.com\/fr\/wp-json\/wp\/v2\/users\/1"}],"replies":[{"embeddable":true,"href":"https:\/\/voirfaso.com\/fr\/wp-json\/wp\/v2\/comments?post=7866"}],"version-history":[{"count":4,"href":"https:\/\/voirfaso.com\/fr\/wp-json\/wp\/v2\/posts\/7866\/revisions"}],"predecessor-version":[{"id":7874,"href":"https:\/\/voirfaso.com\/fr\/wp-json\/wp\/v2\/posts\/7866\/revisions\/7874"}],"wp:featuredmedia":[{"embeddable":true,"href":"https:\/\/voirfaso.com\/fr\/wp-json\/wp\/v2\/media\/7868"}],"wp:attachment":[{"href":"https:\/\/voirfaso.com\/fr\/wp-json\/wp\/v2\/media?parent=7866"}],"wp:term":[{"taxonomy":"category","embeddable":true,"href":"https:\/\/voirfaso.com\/fr\/wp-json\/wp\/v2\/categories?post=7866"},{"taxonomy":"post_tag","embeddable":true,"href":"https:\/\/voirfaso.com\/fr\/wp-json\/wp\/v2\/tags?post=7866"}],"curies":[{"name":"wp","href":"https:\/\/api.w.org\/{rel}","templated":true}]}}