{"id":8600,"date":"2026-08-23T00:23:40","date_gmt":"2026-08-23T00:23:40","guid":{"rendered":"https:\/\/voirfaso.com\/?p=8600"},"modified":"2026-08-23T00:23:41","modified_gmt":"2026-08-23T00:23:41","slug":"burkina-fasochine-les-deux-pays-veulent-renforcer-leur-cooperation-mediatique-a-travers-les-echanges-de-contenus-le-transfert-de-technologies-et-la-formation-des-professionnels-de-linformation-et-de-l","status":"publish","type":"post","link":"https:\/\/voirfaso.com\/fr\/burkina-fasochine-les-deux-pays-veulent-renforcer-leur-cooperation-mediatique-a-travers-les-echanges-de-contenus-le-transfert-de-technologies-et-la-formation-des-professionnels-de-linformation-et-de-l\/","title":{"rendered":"Coop\u00e9ration m\u00e9diatique : le Burkina Faso et la Chine veulent renforcer les \u00e9changes de contenus, de technologies et de comp\u00e9tences"},"content":{"rendered":"<p class=\"wp-block-paragraph\"><strong>P\u00e9kin, 21 ao\u00fbt 2026<\/strong>&nbsp;\u2014 Le Burkina Faso et la Chine veulent donner une nouvelle dimension \u00e0 leur coop\u00e9ration dans le domaine des m\u00e9dias. En marge du&nbsp;<strong>7e Forum sur la Coop\u00e9ration des m\u00e9dias sino-africains<\/strong>, qui se tient du 19 au 21 ao\u00fbt 2026 \u00e0 P\u00e9kin, le camarade ministre burkinab\u00e8 de la Communication, de la Culture, des Arts et du Tourisme,&nbsp;<strong>Pingdwend\u00e9 Gilbert OUEDRAOGO<\/strong>, s\u2019est entretenu avec le vice-ministre chinois de l\u2019Administration nationale de la Radio et de la T\u00e9l\u00e9vision,&nbsp;<strong>Liu Jianguo<\/strong>.<\/p>\n\n\n\n<p class=\"wp-block-paragraph\">Les \u00e9changes ont port\u00e9 sur plusieurs axes visant \u00e0 renforcer les relations entre les m\u00e9dias des deux pays.<\/p>\n\n\n\n<h3 class=\"wp-block-heading\">Des contenus burkinab\u00e8 et chinois appel\u00e9s \u00e0 circuler davantage<\/h3>\n\n\n\n<p class=\"wp-block-paragraph\">Premier chantier \u00e9voqu\u00e9 :&nbsp;<strong>le partage de contenus audiovisuels<\/strong>.<\/p>\n\n\n\n<p class=\"wp-block-paragraph\">Les deux parties envisagent notamment la diffusion de programmes documentaires ainsi que de productions cin\u00e9matographiques et audiovisuelles majeures entre la&nbsp;<strong>Radiodiffusion T\u00e9l\u00e9vision du Burkina (RTB)<\/strong>&nbsp;et une t\u00e9l\u00e9vision publique chinoise.<\/p>\n\n\n\n<p class=\"wp-block-paragraph\">L\u2019objectif est double : permettre aux publics burkinab\u00e8 et chinois de mieux conna\u00eetre leurs r\u00e9alit\u00e9s respectives, mais \u00e9galement utiliser les m\u00e9dias comme un outil de rapprochement culturel.<\/p>\n\n\n\n<p class=\"wp-block-paragraph\">Une convention devrait venir formaliser ce premier volet de coop\u00e9ration.<\/p>\n\n\n\n<div style=\"height:14px\" aria-hidden=\"true\" class=\"wp-block-spacer\"><\/div>\n\n\n\n<figure class=\"wp-block-gallery has-nested-images columns-default is-cropped rs-img-rounded-sm wp-block-gallery-1 is-layout-flex wp-block-gallery-is-layout-flex\">\n<figure class=\"wp-block-image size-full\"><img decoding=\"async\" data-id=\"8605\" src=\"https:\/\/voirfaso.com\/wp-content\/uploads\/2026\/08\/Portrait-du-ministre.svg\" alt=\"Pingdwend\u00e9 Gilbert Ou\u00e9draogo lors du Forum sur la coop\u00e9ration des m\u00e9dias sino-africains \u00e0 P\u00e9kin.\" class=\"wp-image-8605\"\/><figcaption class=\"wp-element-caption\">Le camarade  ministre Pingdwend\u00e9 Gilbert Ou\u00e9draogo lors des \u00e9changes sur la coop\u00e9ration m\u00e9diatique Burkina-Chine.<\/figcaption><\/figure>\n\n\n\n<figure class=\"wp-block-image size-full\"><img decoding=\"async\" data-id=\"8608\" src=\"https:\/\/voirfaso.com\/wp-content\/uploads\/2026\/08\/Portrait-du-ministre.-1.svg\" alt=\"Liu Jianguo lors des \u00e9changes avec la d\u00e9l\u00e9gation burkinab\u00e8 sur la coop\u00e9ration m\u00e9diatique entre la Chine et le Burkina Faso.\" class=\"wp-image-8608\"\/><figcaption class=\"wp-element-caption\">Le vice-ministre chinois Liu Jianguo lors des \u00e9changes avec la d\u00e9l\u00e9gation burkinab\u00e8.<\/figcaption><\/figure>\n<\/figure>\n\n\n\n<div style=\"height:35px\" aria-hidden=\"true\" class=\"wp-block-spacer\"><\/div>\n\n\n\n<h3 class=\"wp-block-heading\">La technologie chinoise pour moderniser les \u00e9quipements<\/h3>\n\n\n\n<p class=\"wp-block-paragraph\">Autre enjeu majeur :&nbsp;<strong>la modernisation des infrastructures m\u00e9diatiques burkinab\u00e8<\/strong>.<\/p>\n\n\n\n<p class=\"wp-block-paragraph\">Le Burkina Faso entend notamment tirer profit de l\u2019exp\u00e9rience chinoise dans le domaine technologique afin de contribuer \u00e0 la mise \u00e0 niveau de ses \u00e9quipements audiovisuels.<\/p>\n\n\n\n<p class=\"wp-block-paragraph\">Pour les m\u00e9dias publics comme priv\u00e9s, la question des \u00e9quipements constitue un enjeu important dans un environnement o\u00f9 les usages num\u00e9riques et les technologies de production audiovisuelle \u00e9voluent rapidement.<\/p>\n\n\n\n<p class=\"wp-block-paragraph\">Cette coop\u00e9ration pourrait ainsi ouvrir des perspectives en mati\u00e8re de transfert de savoir-faire et de technologies.<\/p>\n\n\n\n<h3 class=\"wp-block-heading\">La formation des professionnels au c\u0153ur du partenariat<\/h3>\n\n\n\n<p class=\"wp-block-paragraph\">Le troisi\u00e8me axe concerne&nbsp;<strong>les ressources humaines<\/strong>.<\/p>\n\n\n\n<p class=\"wp-block-paragraph\">Les deux pays ont r\u00e9affirm\u00e9 leur volont\u00e9 de poursuivre les sessions de formation et les \u00e9changes d\u2019exp\u00e9riences entre professionnels de l\u2019information et de la communication.<\/p>\n\n\n\n<p class=\"wp-block-paragraph\">La d\u00e9marche concerne aussi bien les acteurs du secteur public que ceux du secteur priv\u00e9.<\/p>\n\n\n\n<p class=\"wp-block-paragraph\">Pour le Burkina Faso, ces \u00e9changes peuvent notamment permettre aux professionnels de mieux ma\u00eetriser les nouvelles technologies et de partager des exp\u00e9riences avec leurs homologues chinois.<\/p>\n\n\n\n<div style=\"height:14px\" aria-hidden=\"true\" class=\"wp-block-spacer\"><\/div>\n\n\n\n<figure class=\"wp-block-image size-full rs-img-rounded-sm\"><img decoding=\"async\" src=\"https:\/\/voirfaso.com\/wp-content\/uploads\/2026\/08\/burkina-chine-cooperation-medias-pekin-2026.jpg.svg\" alt=\"D\u00e9l\u00e9gations burkinab\u00e8 et chinoise r\u00e9unies \u00e0 P\u00e9kin pour renforcer la coop\u00e9ration dans les m\u00e9dias.Communication Gilbert Ou\u00e9draogo lors d\u2019une rencontre avec des responsables chinois \u00e0 P\u00e9kin sur la coop\u00e9ration m\u00e9diatique.\" class=\"wp-image-8604\"\/><figcaption class=\"wp-element-caption\">Les d\u00e9l\u00e9gations burkinab\u00e8 et chinoises lors des \u00e9changes \u00e0 P\u00e9kin<\/figcaption><\/figure>\n\n\n\n<div style=\"height:35px\" aria-hidden=\"true\" class=\"wp-block-spacer\"><\/div>\n\n\n\n<h3 class=\"wp-block-heading\">Faire de Laongo un espace de cr\u00e9ation et de transmission<\/h3>\n\n\n\n<p class=\"wp-block-paragraph\">Lors de l\u2019installation du commissariat, le Secr\u00e9taire g\u00e9n\u00e9ral du MCCAT a appel\u00e9 les membres \u00e0 travailler avec engagement, m\u00e9thode et anticipation afin de contribuer \u00e0 la r\u00e9ussite de l\u2019\u00e9dition.<\/p>\n\n\n\n<p class=\"wp-block-paragraph\">Au-del\u00e0 de la production d\u2019\u0153uvres, l\u2019ambition affich\u00e9e est \u00e9galement de faire du Symposium un espace contribuant \u00e0 la&nbsp;<strong>promotion de la paix et de la coh\u00e9sion sociale<\/strong>.<\/p>\n\n\n\n<p class=\"wp-block-paragraph\">Avec l\u2019installation du commissariat, une premi\u00e8re \u00e9tape est donc franchie. Les prochains mois seront consacr\u00e9s \u00e0 la pr\u00e9paration artistique et technique de l\u2019\u00e9v\u00e9nement, avant l\u2019ouverture officielle pr\u00e9vue en novembre.<\/p>\n\n\n\n<div style=\"height:20px\" aria-hidden=\"true\" class=\"wp-block-spacer\"><\/div>\n\n\n\n<figure class=\"wp-block-image size-full rs-img-rounded-sm\"><img fetchpriority=\"high\" decoding=\"async\" width=\"971\" height=\"405\" src=\"https:\/\/voirfaso.com\/wp-content\/uploads\/2026\/08\/Sitho-3-3.jpg\" alt=\"\" class=\"wp-image-8623\" srcset=\"https:\/\/voirfaso.com\/wp-content\/uploads\/2026\/08\/Sitho-3-3.jpg 971w, https:\/\/voirfaso.com\/wp-content\/uploads\/2026\/08\/Sitho-3-3-300x125.jpg 300w, https:\/\/voirfaso.com\/wp-content\/uploads\/2026\/08\/Sitho-3-3-768x320.jpg 768w, https:\/\/voirfaso.com\/wp-content\/uploads\/2026\/08\/Sitho-3-3-18x8.jpg 18w, https:\/\/voirfaso.com\/wp-content\/uploads\/2026\/08\/Sitho-3-3-600x250.jpg 600w\" sizes=\"(max-width: 971px) 100vw, 971px\" \/><\/figure>\n\n\n\n<div style=\"height:35px\" aria-hidden=\"true\" class=\"wp-block-spacer\"><\/div>\n\n\n\n<h3 class=\"wp-block-heading\">Les m\u00e9dias comme passerelle entre les deux peuples<\/h3>\n\n\n\n<p class=\"wp-block-paragraph\">Pour le ministre Pingdwend\u00e9 Gilbert Ou\u00e9draogo, cette coop\u00e9ration d\u00e9passe donc la seule dimension technique.<\/p>\n\n\n\n<p class=\"wp-block-paragraph\">\u00c0 travers les contenus audiovisuels, les formations et les \u00e9changes professionnels, les m\u00e9dias peuvent contribuer \u00e0 une meilleure connaissance r\u00e9ciproque des deux peuples.<\/p>\n\n\n\n<p class=\"wp-block-paragraph\">La Chine souhaite ainsi poursuivre son partenariat avec le Burkina Faso dans un secteur qui se trouve \u00e0 la crois\u00e9e de&nbsp;<strong>la culture, de l\u2019information et de la technologie<\/strong>.<\/p>\n\n\n\n<p class=\"wp-block-paragraph\">Le 7e Forum sur la Coop\u00e9ration des m\u00e9dias sino-africains, organis\u00e9 \u00e0 P\u00e9kin du 19 au 21 ao\u00fbt, sert ainsi de cadre \u00e0 la consolidation de cette dynamique.<\/p>\n\n\n\n<h3 class=\"wp-block-heading\">Ce que cela peut changer concr\u00e8tement<\/h3>\n\n\n\n<p class=\"wp-block-paragraph\">Pour les m\u00e9dias burkinab\u00e8, cette coop\u00e9ration pourrait se traduire \u00e0 terme par&nbsp;<strong>davantage de contenus internationaux, des opportunit\u00e9s de formation, un acc\u00e8s accru \u00e0 certaines expertises technologiques et une modernisation des \u00e9quipements audiovisuels<\/strong>.<\/p>\n\n\n\n<p class=\"wp-block-paragraph\">Pour le public, l\u2019enjeu est \u00e9galement culturel : d\u00e9couvrir davantage la Chine \u00e0 travers ses productions et permettre, en retour, au public chinois de mieux conna\u00eetre le Burkina Faso.<\/p>\n\n\n\n<p class=\"wp-block-paragraph\">Le partenariat annonc\u00e9 devra toutefois \u00eatre traduit en actions concr\u00e8tes \u00e0 travers les conventions et programmes qui seront mis en place.<\/p>\n\n\n\n<h3 class=\"wp-block-heading\">R\u00e9daction voirfaso<\/h3>","protected":false},"excerpt":{"rendered":"<p>Burkina Faso\u2013Chine : les deux pays veulent renforcer leur coop\u00e9ration m\u00e9diatique \u00e0 travers les \u00e9changes de contenus, le transfert de technologies et la formation des professionnels de l\u2019information et de la communication.<\/p>","protected":false},"author":1,"featured_media":8611,"comment_status":"open","ping_status":"open","sticky":false,"template":"","format":"standard","meta":{"footnotes":""},"categories":[10],"tags":[348,352,349,347,351,350],"class_list":["post-8600","post","type-post","status-publish","format-standard","has-post-thumbnail","hentry","category-culture-patrimoine","tag-burkina-chine-medias","tag-cooperation-audiovisuelle-burkina-chine","tag-cooperation-burkina-chine","tag-forum-medias-sino-africains-2026","tag-gilbert-ouedraogo-chine","tag-rtb-chine"],"_links":{"self":[{"href":"https:\/\/voirfaso.com\/fr\/wp-json\/wp\/v2\/posts\/8600","targetHints":{"allow":["GET"]}}],"collection":[{"href":"https:\/\/voirfaso.com\/fr\/wp-json\/wp\/v2\/posts"}],"about":[{"href":"https:\/\/voirfaso.com\/fr\/wp-json\/wp\/v2\/types\/post"}],"author":[{"embeddable":true,"href":"https:\/\/voirfaso.com\/fr\/wp-json\/wp\/v2\/users\/1"}],"replies":[{"embeddable":true,"href":"https:\/\/voirfaso.com\/fr\/wp-json\/wp\/v2\/comments?post=8600"}],"version-history":[{"count":18,"href":"https:\/\/voirfaso.com\/fr\/wp-json\/wp\/v2\/posts\/8600\/revisions"}],"predecessor-version":[{"id":8625,"href":"https:\/\/voirfaso.com\/fr\/wp-json\/wp\/v2\/posts\/8600\/revisions\/8625"}],"wp:featuredmedia":[{"embeddable":true,"href":"https:\/\/voirfaso.com\/fr\/wp-json\/wp\/v2\/media\/8611"}],"wp:attachment":[{"href":"https:\/\/voirfaso.com\/fr\/wp-json\/wp\/v2\/media?parent=8600"}],"wp:term":[{"taxonomy":"category","embeddable":true,"href":"https:\/\/voirfaso.com\/fr\/wp-json\/wp\/v2\/categories?post=8600"},{"taxonomy":"post_tag","embeddable":true,"href":"https:\/\/voirfaso.com\/fr\/wp-json\/wp\/v2\/tags?post=8600"}],"curies":[{"name":"wp","href":"https:\/\/api.w.org\/{rel}","templated":true}]}}