{"id":8650,"date":"2026-08-25T16:32:36","date_gmt":"2026-08-25T16:32:36","guid":{"rendered":"https:\/\/voirfaso.com\/?p=8650"},"modified":"2026-08-25T16:32:38","modified_gmt":"2026-08-25T16:32:38","slug":"tourisme-dans-le-guiriko-les-deputes-decouvrent-les-potentialites-et-les-defis-du-secteur","status":"publish","type":"post","link":"https:\/\/voirfaso.com\/fr\/tourisme-dans-le-guiriko-les-deputes-decouvrent-les-potentialites-et-les-defis-du-secteur\/","title":{"rendered":"Tourisme dans le Guiriko : les d\u00e9put\u00e9s d\u00e9couvrent les potentialit\u00e9s et les d\u00e9fis du secteur"},"content":{"rendered":"<p class=\"wp-block-paragraph\">Du site \u00e9cotouristique de Samend\u00e9ni aux lieux embl\u00e9matiques de Bobo-Dioulasso, les membres de la Commission du d\u00e9veloppement durable de l\u2019Assembl\u00e9e l\u00e9gislative du peuple ont confront\u00e9 les ambitions touristiques du Guiriko aux r\u00e9alit\u00e9s v\u00e9cues par les op\u00e9rateurs. \u00c0 Samend\u00e9ni, la question fonci\u00e8re appara\u00eet notamment comme un frein \u00e0 de nouveaux investissements.<\/p>\n\n\n\n<h2 class=\"wp-block-heading\">Sur le terrain pour mesurer le potentiel touristique<\/h2>\n\n\n\n<p class=\"wp-block-paragraph\">Le tourisme ne se d\u00e9cr\u00e8te pas depuis les bureaux. Il se mesure aussi sur le terrain, au contact des sites, des promoteurs et des professionnels qui font vivre le secteur.<\/p>\n\n\n\n<p class=\"wp-block-paragraph\">C\u2019est dans cette logique que les membres de la&nbsp;<strong>Commission du d\u00e9veloppement durable de l\u2019Assembl\u00e9e l\u00e9gislative du peuple<\/strong>&nbsp;ont effectu\u00e9 une s\u00e9rie de visites dans le Guiriko.<\/p>\n\n\n\n<p class=\"wp-block-paragraph\">La d\u00e9l\u00e9gation s\u2019est notamment rendue au\u00a0<strong>site \u00e9cotouristique de Samend\u00e9ni<\/strong>, avant de poursuivre sa mission \u00e0 Bobo-Dioulasso, o\u00f9 elle a visit\u00e9 le Mus\u00e9e de Bobo-Dioulasso, la Mosqu\u00e9e de Dioulassoba, le vieux quartier pr\u00e9sent\u00e9 comme la maison m\u00e8re de Dioulassoba, ainsi que des \u00e9tablissements d\u2019h\u00e9bergement.<\/p>\n\n\n\n<p class=\"wp-block-paragraph\">L\u2019objectif \u00e9tait de confronter les politiques publiques aux r\u00e9alit\u00e9s du terrain et d\u2019\u00e9changer avec les professionnels sur les possibilit\u00e9s de d\u00e9veloppement du tourisme burkinab\u00e8.<\/p>\n\n\n\n<div style=\"height:14px\" aria-hidden=\"true\" class=\"wp-block-spacer\"><\/div>\n\n\n\n<figure class=\"wp-block-gallery has-nested-images columns-default is-cropped rs-img-rounded-sm wp-block-gallery-1 is-layout-flex wp-block-gallery-is-layout-flex\">\n<figure class=\"wp-block-image size-full\"><img fetchpriority=\"high\" decoding=\"async\" width=\"1280\" height=\"960\" data-id=\"8669\" src=\"https:\/\/voirfaso.com\/wp-content\/uploads\/2026\/08\/La-delegation-visitant-un-etablissement-hotelier-de-Bobo-Dioulasso.jpg\" alt=\"\" class=\"wp-image-8669\" srcset=\"https:\/\/voirfaso.com\/wp-content\/uploads\/2026\/08\/La-delegation-visitant-un-etablissement-hotelier-de-Bobo-Dioulasso.jpg 1280w, https:\/\/voirfaso.com\/wp-content\/uploads\/2026\/08\/La-delegation-visitant-un-etablissement-hotelier-de-Bobo-Dioulasso-300x225.jpg 300w, https:\/\/voirfaso.com\/wp-content\/uploads\/2026\/08\/La-delegation-visitant-un-etablissement-hotelier-de-Bobo-Dioulasso-1024x768.jpg 1024w, https:\/\/voirfaso.com\/wp-content\/uploads\/2026\/08\/La-delegation-visitant-un-etablissement-hotelier-de-Bobo-Dioulasso-768x576.jpg 768w, https:\/\/voirfaso.com\/wp-content\/uploads\/2026\/08\/La-delegation-visitant-un-etablissement-hotelier-de-Bobo-Dioulasso-16x12.jpg 16w, https:\/\/voirfaso.com\/wp-content\/uploads\/2026\/08\/La-delegation-visitant-un-etablissement-hotelier-de-Bobo-Dioulasso-600x450.jpg 600w\" sizes=\"(max-width: 1280px) 100vw, 1280px\" \/><figcaption class=\"wp-element-caption\">La d\u00e9l\u00e9gation visitant un \u00e9tablissement h\u00f4telier de Bobo-Dioulasso, dans le cadre de la mission d\u2019information consacr\u00e9e au d\u00e9veloppement du tourisme interne.<\/figcaption><\/figure>\n\n\n\n<figure class=\"wp-block-image size-full\"><img decoding=\"async\" width=\"1280\" height=\"852\" data-id=\"8670\" src=\"https:\/\/voirfaso.com\/wp-content\/uploads\/2026\/08\/La-Mosquee-de-Dioulassoba-patrimoine-emblematique-de-Bobo-Dioulasso.jpg\" alt=\"Mosqu\u00e9e de Dioulassoba \u00e0 Bobo-Dioulasso\" class=\"wp-image-8670\" srcset=\"https:\/\/voirfaso.com\/wp-content\/uploads\/2026\/08\/La-Mosquee-de-Dioulassoba-patrimoine-emblematique-de-Bobo-Dioulasso.jpg 1280w, https:\/\/voirfaso.com\/wp-content\/uploads\/2026\/08\/La-Mosquee-de-Dioulassoba-patrimoine-emblematique-de-Bobo-Dioulasso-300x200.jpg 300w, https:\/\/voirfaso.com\/wp-content\/uploads\/2026\/08\/La-Mosquee-de-Dioulassoba-patrimoine-emblematique-de-Bobo-Dioulasso-1024x682.jpg 1024w, https:\/\/voirfaso.com\/wp-content\/uploads\/2026\/08\/La-Mosquee-de-Dioulassoba-patrimoine-emblematique-de-Bobo-Dioulasso-768x511.jpg 768w, https:\/\/voirfaso.com\/wp-content\/uploads\/2026\/08\/La-Mosquee-de-Dioulassoba-patrimoine-emblematique-de-Bobo-Dioulasso-18x12.jpg 18w, https:\/\/voirfaso.com\/wp-content\/uploads\/2026\/08\/La-Mosquee-de-Dioulassoba-patrimoine-emblematique-de-Bobo-Dioulasso-600x399.jpg 600w\" sizes=\"(max-width: 1280px) 100vw, 1280px\" \/><figcaption class=\"wp-element-caption\">Visite de la vieille mosqu\u00e9e de Dioulassoba, un important site du patrimoine culturel de Bobo-Dioulasso.<\/figcaption><\/figure>\n<\/figure>\n\n\n\n<div style=\"height:35px\" aria-hidden=\"true\" class=\"wp-block-spacer\"><\/div>\n\n\n\n<h3 class=\"wp-block-heading\">\u00c0 Samend\u00e9ni, un site qui attire progressivement les investisseurs<\/h3>\n\n\n\n<p class=\"wp-block-paragraph\">\u00c0 Samend\u00e9ni, les parlementaires ont pu constater les am\u00e9nagements r\u00e9alis\u00e9s autour du plan d\u2019eau.<\/p>\n\n\n\n<p class=\"wp-block-paragraph\">Selon les responsables du site, l\u2019endroit a progressivement attir\u00e9 des op\u00e9rateurs priv\u00e9s, alors qu\u2019il \u00e9tait encore peu am\u00e9nag\u00e9 quelques mois auparavant.<\/p>\n\n\n\n<p class=\"wp-block-paragraph\">Une quinzaine d\u2019op\u00e9rateurs seraient d\u00e9sormais install\u00e9s sur le site, principalement dans la restauration. L\u2019offre commence \u00e9galement \u00e0 d\u00e9passer le simple cadre de la restauration, avec des espaces de loisirs pour enfants, des activit\u00e9s nautiques, des promenades en bateau et diff\u00e9rents services d\u00e9di\u00e9s aux loisirs.<\/p>\n\n\n\n<p class=\"wp-block-paragraph\">Pour les promoteurs, cette \u00e9volution montre qu\u2019un espace touristique peut rapidement changer de visage lorsque les investissements et les am\u00e9nagements suivent.<\/p>\n\n\n\n<p class=\"wp-block-paragraph\">Les op\u00e9rateurs indiquent \u00e9galement avoir b\u00e9n\u00e9fici\u00e9 de l\u2019accompagnement des pouvoirs publics pour faciliter leur implantation. Ils ont choisi de se regrouper au sein d\u2019un&nbsp;<strong>groupement d\u2019int\u00e9r\u00eat \u00e9conomique<\/strong>, afin de mieux d\u00e9fendre leurs pr\u00e9occupations aupr\u00e8s de l\u2019administration.<\/p>\n\n\n\n<p class=\"wp-block-paragraph\">Mais derri\u00e8re cette dynamique se pose une question d\u00e9terminante :&nbsp;<strong>comment s\u00e9curiser durablement les investissements ?<\/strong><\/p>\n\n\n\n<h3 class=\"wp-block-heading\">Le foncier, une pr\u00e9occupation qui revient au premier plan<\/h3>\n\n\n\n<p class=\"wp-block-paragraph\">La question fonci\u00e8re figure parmi les principales pr\u00e9occupations exprim\u00e9es par les op\u00e9rateurs rencontr\u00e9s \u00e0 Samend\u00e9ni.<\/p>\n\n\n\n<p class=\"wp-block-paragraph\">Pour ces derniers, la s\u00e9curisation des espaces occup\u00e9s constitue une condition importante pour consolider les investissements d\u00e9j\u00e0 r\u00e9alis\u00e9s et convaincre d\u2019autres promoteurs de rejoindre le site.<\/p>\n\n\n\n<p class=\"wp-block-paragraph\">L\u2019enjeu d\u00e9passe donc la seule situation des op\u00e9rateurs pr\u00e9sents. Il touche directement \u00e0 la capacit\u00e9 du site \u00e0 attirer de nouveaux capitaux et \u00e0 construire, dans la dur\u00e9e, une v\u00e9ritable destination touristique.<\/p>\n\n\n\n<p class=\"wp-block-paragraph\">Autrement dit,&nbsp;<strong>investir dans les infrastructures ne suffit pas si les investisseurs ne disposent pas d\u2019une visibilit\u00e9 suffisante sur la s\u00e9curisation de leurs espaces d\u2019exploitation.<\/strong><\/p>\n\n\n\n<div style=\"height:14px\" aria-hidden=\"true\" class=\"wp-block-spacer\"><\/div>\n\n\n\n<figure class=\"wp-block-image size-full rs-img-rounded-sm\"><img decoding=\"async\" src=\"https:\/\/voirfaso.com\/wp-content\/uploads\/2026\/08\/La-delegation-dans-le-vieux-quartier-de-Dioulassoba-a-la-decouverte-de-la-maison-et-de-lhistoire-des-premiers-habitants-de-Bobo-Dioulasso.svg\" alt=\"\" class=\"wp-image-8672\"\/><figcaption class=\"wp-element-caption\">La d\u00e9l\u00e9gation dans le vieux quartier de Dioulassoba, \u00e0 la d\u00e9couverte de la maison et de l\u2019histoire des premiers habitants de Bobo-Dioulasso.<\/figcaption><\/figure>\n\n\n\n<h3 class=\"wp-block-heading\"><strong>H\u00f4tellerie et formation : d\u2019autres d\u00e9fis \u00e0 relever<\/strong><\/h3>\n\n\n\n<p class=\"wp-block-paragraph\">La mission parlementaire a \u00e9galement permis d\u2019\u00e9changer avec des acteurs de l\u2019h\u00e9bergement.<\/p>\n\n\n\n<p class=\"wp-block-paragraph\">Dans ce secteur, les professionnels ont notamment \u00e9voqu\u00e9 les difficult\u00e9s li\u00e9es \u00e0 la fr\u00e9quentation des \u00e9tablissements et les efforts entrepris pour maintenir leur attractivit\u00e9.<\/p>\n\n\n\n<p class=\"wp-block-paragraph\">La question des comp\u00e9tences figure \u00e9galement parmi les pr\u00e9occupations.<\/p>\n\n\n\n<p class=\"wp-block-paragraph\">Pour accompagner la croissance du tourisme, les acteurs estiment n\u00e9cessaire de renforcer la&nbsp;<strong>formation professionnelle<\/strong>, notamment afin de disposer d\u2019une main-d\u2019\u0153uvre mieux pr\u00e9par\u00e9e aux exigences de l\u2019accueil, de l\u2019h\u00e9bergement, de la restauration et des activit\u00e9s touristiques.<\/p>\n\n\n\n<p class=\"wp-block-paragraph\">Le d\u00e9veloppement du secteur passe donc \u00e0 la fois par les infrastructures, les investissements, la s\u00e9curisation du foncier, mais aussi par les comp\u00e9tences disponibles sur le terrain.<\/p>\n\n\n\n<div style=\"height:20px\" aria-hidden=\"true\" class=\"wp-block-spacer\"><\/div>\n\n\n\n<figure class=\"wp-block-image size-full rs-img-rounded-sm\"><img decoding=\"async\" width=\"971\" height=\"405\" src=\"https:\/\/voirfaso.com\/wp-content\/uploads\/2026\/08\/Sitho-3-5.jpg\" alt=\"\" class=\"wp-image-8675\" srcset=\"https:\/\/voirfaso.com\/wp-content\/uploads\/2026\/08\/Sitho-3-5.jpg 971w, https:\/\/voirfaso.com\/wp-content\/uploads\/2026\/08\/Sitho-3-5-300x125.jpg 300w, https:\/\/voirfaso.com\/wp-content\/uploads\/2026\/08\/Sitho-3-5-768x320.jpg 768w, https:\/\/voirfaso.com\/wp-content\/uploads\/2026\/08\/Sitho-3-5-18x8.jpg 18w, https:\/\/voirfaso.com\/wp-content\/uploads\/2026\/08\/Sitho-3-5-600x250.jpg 600w\" sizes=\"(max-width: 971px) 100vw, 971px\" \/><\/figure>\n\n\n\n<h3 class=\"wp-block-heading\">Pourquoi c\u2019est important<\/h3>\n\n\n\n<p class=\"wp-block-paragraph\"><strong>Le Guiriko dispose de plusieurs atouts touristiques, mais leur valorisation d\u00e9pendra de la capacit\u00e9 \u00e0 lever certains obstacles.<\/strong><\/p>\n\n\n\n<p class=\"wp-block-paragraph\">Le cas de Samend\u00e9ni illustre bien cette \u00e9quation : le potentiel existe, des op\u00e9rateurs commencent \u00e0 investir et l\u2019offre se diversifie. Mais la s\u00e9curisation fonci\u00e8re, la fr\u00e9quentation des \u00e9tablissements et la formation restent des questions auxquelles il faudra apporter des r\u00e9ponses durables.<\/p>\n\n\n\n<p class=\"wp-block-paragraph\">Pour les pouvoirs publics comme pour les investisseurs, le d\u00e9fi consiste d\u00e9sormais \u00e0 transformer ces potentialit\u00e9s en activit\u00e9s touristiques p\u00e9rennes, capables de cr\u00e9er de la valeur et des emplois locaux<\/p>\n\n\n\n<h3 class=\"wp-block-heading\">Une mission qui alimente le contr\u00f4le de l\u2019action publique<\/h3>\n\n\n\n<p class=\"wp-block-paragraph\">Au terme de ces visites, la Commission du d\u00e9veloppement durable entend s\u2019appuyer sur les \u00e9changes avec les diff\u00e9rents acteurs pour formuler des recommandations.<\/p>\n\n\n\n<p class=\"wp-block-paragraph\">Pour les d\u00e9put\u00e9s, les missions d\u2019information constituent un outil permettant au Parlement d\u2019observer concr\u00e8tement la mise en \u0153uvre des politiques publiques.<\/p>\n\n\n\n<p class=\"wp-block-paragraph\">L\u2019objectif n\u2019est pas de se substituer au gouvernement, mais de recueillir des informations aupr\u00e8s des acteurs de terrain afin d\u2019alimenter le contr\u00f4le de l\u2019action gouvernementale et, le cas \u00e9ch\u00e9ant, d\u2019orienter les recommandations adress\u00e9es \u00e0 l\u2019ex\u00e9cutif.<\/p>\n\n\n\n<p class=\"wp-block-paragraph\">Cette mission aura ainsi permis de mettre en \u00e9vidence un double constat :&nbsp;<strong>le Guiriko dispose de v\u00e9ritables ressources touristiques, mais leur pleine exploitation reste conditionn\u00e9e \u00e0 la r\u00e9solution de plusieurs contraintes structurelles.<\/strong><\/p>\n\n\n\n<p class=\"wp-block-paragraph\">\u00c0 Samend\u00e9ni comme \u00e0 Bobo-Dioulasso, la question est d\u00e9sormais de savoir comment passer du potentiel \u00e0 une v\u00e9ritable dynamique touristique, durable et profitable aux territoires.<\/p>\n\n\n\n<p class=\"wp-block-paragraph\"><strong>Source :<\/strong>&nbsp;Informations issues de la mission de la Commission du d\u00e9veloppement durable de l\u2019Assembl\u00e9e l\u00e9gislative du peuple \u2013 Article adapt\u00e9 et enrichi par la r\u00e9daction de VoirFaso.<\/p>\n\n\n\n<p class=\"wp-block-paragraph\"><\/p>","protected":false},"excerpt":{"rendered":"<p>Du site \u00e9cotouristique de Samend\u00e9ni aux lieux embl\u00e9matiques de Bobo-Dioulasso, les membres de la Commission du d\u00e9veloppement durable de l\u2019Assembl\u00e9e l\u00e9gislative du peuple ont confront\u00e9 les ambitions touristiques du Guiriko aux r\u00e9alit\u00e9s v\u00e9cues par les op\u00e9rateurs. \u00c0 Samend\u00e9ni, la question fonci\u00e8re appara\u00eet notamment comme un frein \u00e0 de nouveaux investissements.<\/p>","protected":false},"author":1,"featured_media":8668,"comment_status":"open","ping_status":"open","sticky":false,"template":"","format":"standard","meta":{"footnotes":""},"categories":[5],"tags":[260,365,361,364,363,115,180,173,108,362,48,52],"class_list":["post-8650","post","type-post","status-publish","format-standard","has-post-thumbnail","hentry","category-tourisme","tag-developpement-touristique","tag-dioulassoba","tag-ecotourisme-2","tag-foncier","tag-formation-professionnelle","tag-guiriko","tag-hotellerie","tag-investissement-touristique","tag-samendeni-2","tag-tourisme-a-bobo-dioulasso","tag-tourisme-burkina-faso","tag-tourisme-interne"],"_links":{"self":[{"href":"https:\/\/voirfaso.com\/fr\/wp-json\/wp\/v2\/posts\/8650","targetHints":{"allow":["GET"]}}],"collection":[{"href":"https:\/\/voirfaso.com\/fr\/wp-json\/wp\/v2\/posts"}],"about":[{"href":"https:\/\/voirfaso.com\/fr\/wp-json\/wp\/v2\/types\/post"}],"author":[{"embeddable":true,"href":"https:\/\/voirfaso.com\/fr\/wp-json\/wp\/v2\/users\/1"}],"replies":[{"embeddable":true,"href":"https:\/\/voirfaso.com\/fr\/wp-json\/wp\/v2\/comments?post=8650"}],"version-history":[{"count":21,"href":"https:\/\/voirfaso.com\/fr\/wp-json\/wp\/v2\/posts\/8650\/revisions"}],"predecessor-version":[{"id":8676,"href":"https:\/\/voirfaso.com\/fr\/wp-json\/wp\/v2\/posts\/8650\/revisions\/8676"}],"wp:featuredmedia":[{"embeddable":true,"href":"https:\/\/voirfaso.com\/fr\/wp-json\/wp\/v2\/media\/8668"}],"wp:attachment":[{"href":"https:\/\/voirfaso.com\/fr\/wp-json\/wp\/v2\/media?parent=8650"}],"wp:term":[{"taxonomy":"category","embeddable":true,"href":"https:\/\/voirfaso.com\/fr\/wp-json\/wp\/v2\/categories?post=8650"},{"taxonomy":"post_tag","embeddable":true,"href":"https:\/\/voirfaso.com\/fr\/wp-json\/wp\/v2\/tags?post=8650"}],"curies":[{"name":"wp","href":"https:\/\/api.w.org\/{rel}","templated":true}]}}