{"id":8678,"date":"2026-08-25T19:23:20","date_gmt":"2026-08-25T19:23:20","guid":{"rendered":"https:\/\/voirfaso.com\/?p=8678"},"modified":"2026-08-25T19:23:21","modified_gmt":"2026-08-25T19:23:21","slug":"fret-malien-a-abidjan-des-transporteurs-burkinabe-sollicites-pour-accelerer-levacuation","status":"publish","type":"post","link":"https:\/\/voirfaso.com\/fr\/fret-malien-a-abidjan-des-transporteurs-burkinabe-sollicites-pour-accelerer-levacuation\/","title":{"rendered":"Fret malien \u00e0 Abidjan : des transporteurs burkinab\u00e8 sollicit\u00e9s pour acc\u00e9l\u00e9rer l\u2019\u00e9vacuation"},"content":{"rendered":"<p class=\"wp-block-paragraph\">Une d\u00e9l\u00e9gation malienne \u00e9tait au Burkina le 24 ao\u00fbt 2026 pour rechercher des solutions \u00e0 l\u2019\u00e9vacuation de marchandises maliennes en souffrance au Port d\u2019Abidjan. Avec le Conseil burkinab\u00e8 des Chargeurs, elle a explor\u00e9 les possibilit\u00e9s de mobiliser des transporteurs burkinab\u00e8 sur le corridor.<\/p>\n\n\n\n<h3 class=\"wp-block-heading\">Le Mali cherche des capacit\u00e9s de transport au Burkina<\/h3>\n\n\n\n<p class=\"wp-block-paragraph\">Comment acc\u00e9l\u00e9rer l\u2019\u00e9vacuation du fret malien actuellement en souffrance au Port d\u2019Abidjan ?<\/p>\n\n\n\n<p class=\"wp-block-paragraph\">C\u2019est autour de cette question qu\u2019une d\u00e9l\u00e9gation malienne a \u00e9chang\u00e9, lundi 24 ao\u00fbt 2026, avec le&nbsp;<strong>Conseil burkinab\u00e8 des Chargeurs (CBC)<\/strong>&nbsp;\u00e0 Ouagadougou.<\/p>\n\n\n\n<p class=\"wp-block-paragraph\">La mission r\u00e9unissait des repr\u00e9sentants du&nbsp;<strong>Conseil malien des Chargeurs<\/strong>, du&nbsp;<strong>Conseil malien des Transporteurs routiers<\/strong>&nbsp;et de la&nbsp;<strong>Chambre de Commerce et d\u2019Industrie du Mali<\/strong>.<\/p>\n\n\n\n<p class=\"wp-block-paragraph\">Son objectif \u00e9tait concret : identifier, avec la partie burkinab\u00e8, les possibilit\u00e9s de mobilisation de transporteurs disposant des capacit\u00e9s n\u00e9cessaires pour contribuer \u00e0 l\u2019\u00e9vacuation des marchandises maliennes depuis Abidjan.<\/p>\n\n\n\n<figure class=\"wp-block-gallery has-nested-images columns-default is-cropped rs-img-rounded-sm wp-block-gallery-1 is-layout-flex wp-block-gallery-is-layout-flex\">\n<figure class=\"wp-block-image size-full\"><img decoding=\"async\" data-id=\"8693\" src=\"https:\/\/voirfaso.com\/wp-content\/uploads\/2026\/08\/Des-transporteurs-burkinabe-sollicites-pour-le-fret-malien.svg\" alt=\"\" class=\"wp-image-8693\"\/><figcaption class=\"wp-element-caption\"> La mobilisation de transporteurs burkinab\u00e8 figure parmi les pistes \u00e9tudi\u00e9es pour acc\u00e9l\u00e9rer l\u2019\u00e9vacuation du fret malien.<\/figcaption><\/figure>\n\n\n\n<figure class=\"wp-block-image size-full\"><img fetchpriority=\"high\" decoding=\"async\" width=\"1600\" height=\"662\" data-id=\"8695\" src=\"https:\/\/voirfaso.com\/wp-content\/uploads\/2026\/08\/La-delegation-malienne.jpg\" alt=\"\" class=\"wp-image-8695\" srcset=\"https:\/\/voirfaso.com\/wp-content\/uploads\/2026\/08\/La-delegation-malienne.jpg 1600w, https:\/\/voirfaso.com\/wp-content\/uploads\/2026\/08\/La-delegation-malienne-300x124.jpg 300w, https:\/\/voirfaso.com\/wp-content\/uploads\/2026\/08\/La-delegation-malienne-1024x424.jpg 1024w, https:\/\/voirfaso.com\/wp-content\/uploads\/2026\/08\/La-delegation-malienne-768x318.jpg 768w, https:\/\/voirfaso.com\/wp-content\/uploads\/2026\/08\/La-delegation-malienne-1536x636.jpg 1536w, https:\/\/voirfaso.com\/wp-content\/uploads\/2026\/08\/La-delegation-malienne-18x7.jpg 18w, https:\/\/voirfaso.com\/wp-content\/uploads\/2026\/08\/La-delegation-malienne-600x248.jpg 600w\" sizes=\"(max-width: 1600px) 100vw, 1600px\" \/><figcaption class=\"wp-element-caption\">Des membres de la d\u00e9l\u00e9gation malienne. <\/figcaption><\/figure>\n<\/figure>\n\n\n\n<h3 class=\"wp-block-heading\">Une op\u00e9ration qui n\u00e9cessite une mobilisation concert\u00e9e<\/h3>\n\n\n\n<p class=\"wp-block-paragraph\">Face \u00e0 la situation du fret malien au Port d\u2019Abidjan, les acteurs concern\u00e9s ont engag\u00e9 plusieurs d\u00e9marches pour acc\u00e9l\u00e9rer l\u2019acheminement des marchandises.<\/p>\n\n\n\n<p class=\"wp-block-paragraph\">L\u2019\u00e9tape burkinab\u00e8 de la mission devait notamment permettre d\u2019examiner les conditions dans lesquelles des transporteurs burkinab\u00e8 pourraient intervenir sur le corridor.<\/p>\n\n\n\n<p class=\"wp-block-paragraph\">Les discussions ont ainsi port\u00e9 sur les modalit\u00e9s pratiques de l\u2019op\u00e9ration, mais aussi sur les conditions permettant de faciliter l\u2019intervention des transporteurs et la circulation des marchandises.<\/p>\n\n\n\n<p class=\"wp-block-paragraph\">Au-del\u00e0 de la mobilisation de v\u00e9hicules, l\u2019enjeu est celui de la&nbsp;<strong>fluidit\u00e9 de la cha\u00eene logistique<\/strong>. Une \u00e9vacuation plus rapide du fret suppose en effet une coordination entre chargeurs, transporteurs et diff\u00e9rentes structures intervenant sur le corridor.<\/p>\n\n\n\n<h3 class=\"wp-block-heading\">Le CBC se dit disponible pour accompagner la d\u00e9marche<\/h3>\n\n\n\n<p class=\"wp-block-paragraph\">\u00c0 l\u2019occasion de la rencontre, la directrice g\u00e9n\u00e9rale du CBC,&nbsp;<strong>Denise BADO\/BOUDA<\/strong>, a salu\u00e9 la d\u00e9marche engag\u00e9e par les acteurs maliens.<\/p>\n\n\n\n<p class=\"wp-block-paragraph\">Elle a insist\u00e9 sur l\u2019importance de la concertation entre les diff\u00e9rents maillons de la cha\u00eene des transports et de la logistique.<\/p>\n\n\n\n<p class=\"wp-block-paragraph\">La responsable du CBC a \u00e9galement r\u00e9affirm\u00e9 la disponibilit\u00e9 de l\u2019institution \u00e0 accompagner les initiatives susceptibles de contribuer \u00e0 lever les difficult\u00e9s qui affectent la fluidit\u00e9 des \u00e9changes commerciaux.<\/p>\n\n\n\n<p class=\"wp-block-paragraph\">Pour le CBC, la facilitation des \u00e9changes fait partie de ses domaines d\u2019intervention. L\u2019institution entend donc prendre part \u00e0 la recherche de solutions aux difficult\u00e9s soulev\u00e9es par la partie malienne..<\/p>\n\n\n\n<div style=\"height:14px\" aria-hidden=\"true\" class=\"wp-block-spacer\"><\/div>\n\n\n\n<figure class=\"wp-block-image size-full rs-img-rounded-sm\"><img decoding=\"async\" width=\"2048\" height=\"1525\" src=\"https:\/\/voirfaso.com\/wp-content\/uploads\/2026\/08\/La-Camarade-Directrice-Generale-du-CBC.jpg\" alt=\"\" class=\"wp-image-8694\" srcset=\"https:\/\/voirfaso.com\/wp-content\/uploads\/2026\/08\/La-Camarade-Directrice-Generale-du-CBC.jpg 2048w, https:\/\/voirfaso.com\/wp-content\/uploads\/2026\/08\/La-Camarade-Directrice-Generale-du-CBC-300x223.jpg 300w, https:\/\/voirfaso.com\/wp-content\/uploads\/2026\/08\/La-Camarade-Directrice-Generale-du-CBC-1024x763.jpg 1024w, https:\/\/voirfaso.com\/wp-content\/uploads\/2026\/08\/La-Camarade-Directrice-Generale-du-CBC-768x572.jpg 768w, https:\/\/voirfaso.com\/wp-content\/uploads\/2026\/08\/La-Camarade-Directrice-Generale-du-CBC-1536x1144.jpg 1536w, https:\/\/voirfaso.com\/wp-content\/uploads\/2026\/08\/La-Camarade-Directrice-Generale-du-CBC-16x12.jpg 16w, https:\/\/voirfaso.com\/wp-content\/uploads\/2026\/08\/La-Camarade-Directrice-Generale-du-CBC-600x447.jpg 600w\" sizes=\"(max-width: 2048px) 100vw, 2048px\" \/><figcaption class=\"wp-element-caption\">La Camarade Directrice G\u00e9n\u00e9rale du CBC entour\u00e9e des membres de la d\u00e9l\u00e9gation malienne<\/figcaption><\/figure>\n\n\n\n<h3 class=\"wp-block-heading\">Des transporteurs burkinab\u00e8 d\u00e9sormais au c\u0153ur des discussions<\/h3>\n\n\n\n<p class=\"wp-block-paragraph\">La nouvelle liaison pourrait \u00e9galement concerner le transport de marchandises.<\/p>\n\n\n\n<p class=\"wp-block-paragraph\">Air Burkina indique vouloir d\u00e9velopper ses activit\u00e9s de&nbsp;<strong>fret<\/strong>, alors que les \u00e9changes commerciaux entre l\u2019Afrique de l\u2019Ouest et l\u2019Afrique centrale g\u00e9n\u00e8rent d\u00e9j\u00e0 des besoins importants en transport a\u00e9rien.<\/p>\n\n\n\n<p class=\"wp-block-paragraph\">La compagnie propose par ailleurs des prestations d\u2019<strong>affr\u00e8tement et de location d\u2019avions<\/strong>, notamment pour des institutions, des organisations ou des \u00e9quipes sportives ayant besoin de d\u00e9placements sp\u00e9cifiques.Apr\u00e8s les \u00e9changes avec le CBC, la d\u00e9l\u00e9gation malienne a \u00e9t\u00e9 accompagn\u00e9e aupr\u00e8s de deux organisations majeures du transport routier burkinab\u00e8 : la&nbsp;<strong>Fa\u00eeti\u00e8re unique des Transporteurs routiers du Burkina (FUTRB)<\/strong>&nbsp;et l\u2019<strong>Union des Chauffeurs routiers du Burkina (UCRB)<\/strong>.<\/p>\n\n\n\n<p class=\"wp-block-paragraph\">Les discussions ont port\u00e9 sur les modalit\u00e9s et les conditions concr\u00e8tes de l\u2019op\u00e9ration.<\/p>\n\n\n\n<p class=\"wp-block-paragraph\">Cette \u00e9tape est importante, car la mobilisation des transporteurs constitue d\u00e9sormais l\u2019un des principaux leviers envisag\u00e9s pour acc\u00e9l\u00e9rer l\u2019\u00e9vacuation du fret concern\u00e9.<\/p>\n\n\n\n<p class=\"wp-block-paragraph\">Elle doit \u00e9galement permettre de rapprocher les besoins exprim\u00e9s par la partie malienne des capacit\u00e9s disponibles du c\u00f4t\u00e9 burkinab\u00e8.<\/p>\n\n\n\n<h3 class=\"wp-block-heading\">Une coop\u00e9ration qui d\u00e9passe la seule question du fret<\/h3>\n\n\n\n<p class=\"wp-block-paragraph\">La rencontre intervient dans un contexte o\u00f9 les acteurs de la cha\u00eene logistique des pays de l\u2019Alliance des \u00c9tats du Sahel cherchent \u00e0 renforcer leur coop\u00e9ration.<\/p>\n\n\n\n<p class=\"wp-block-paragraph\">La d\u00e9l\u00e9gation malienne a d\u2019ailleurs salu\u00e9 l\u2019accompagnement du CBC et la qualit\u00e9 de la collaboration entre les conseils des chargeurs de l\u2019AES.<\/p>\n\n\n\n<div style=\"height:20px\" aria-hidden=\"true\" class=\"wp-block-spacer\"><\/div>\n\n\n\n<figure class=\"wp-block-image size-full rs-img-rounded-sm\"><img decoding=\"async\" width=\"971\" height=\"405\" src=\"https:\/\/voirfaso.com\/wp-content\/uploads\/2026\/08\/Sitho-3-2.jpg\" alt=\"\" class=\"wp-image-8589\" srcset=\"https:\/\/voirfaso.com\/wp-content\/uploads\/2026\/08\/Sitho-3-2.jpg 971w, https:\/\/voirfaso.com\/wp-content\/uploads\/2026\/08\/Sitho-3-2-300x125.jpg 300w, https:\/\/voirfaso.com\/wp-content\/uploads\/2026\/08\/Sitho-3-2-768x320.jpg 768w, https:\/\/voirfaso.com\/wp-content\/uploads\/2026\/08\/Sitho-3-2-18x8.jpg 18w, https:\/\/voirfaso.com\/wp-content\/uploads\/2026\/08\/Sitho-3-2-600x250.jpg 600w\" sizes=\"(max-width: 971px) 100vw, 971px\" \/><\/figure>\n\n\n\n<h3 class=\"wp-block-heading\">Pourquoi c\u2019est important<\/h3>\n\n\n\n<p class=\"wp-block-paragraph\">Le fret en souffrance repr\u00e9sente plus qu\u2019un probl\u00e8me logistique pour les op\u00e9rateurs \u00e9conomiques. Chaque retard dans l\u2019acheminement des marchandises peut peser sur les d\u00e9lais de livraison, les co\u00fbts de transport et, au final, sur les activit\u00e9s des entreprises concern\u00e9es.<\/p>\n\n\n\n<p class=\"wp-block-paragraph\">La mobilisation de transporteurs burkinab\u00e8 pourrait donc contribuer \u00e0 fluidifier une partie de la cha\u00eene d\u2019acheminement du fret malien.<\/p>\n\n\n\n<p class=\"wp-block-paragraph\">Au-del\u00e0 de cette op\u00e9ration ponctuelle, la d\u00e9marche met surtout en \u00e9vidence l\u2019importance d\u2019une&nbsp;<strong>coordination r\u00e9gionale des acteurs du transport et de la logistique<\/strong>. Pour les pays de l\u2019AES, la capacit\u00e9 \u00e0 mieux organiser les corridors et \u00e0 r\u00e9pondre collectivement aux difficult\u00e9s de circulation des marchandises constitue un enjeu \u00e9conomique majeur.<\/p>\n\n\n\n<p class=\"wp-block-paragraph\"><strong>Source :<\/strong>&nbsp;Direction de la Communication du Conseil burkinab\u00e8 des Chargeurs (CBC) \u2013 Article adapt\u00e9 et enrichi par la r\u00e9daction de VoirFaso.<\/p>","protected":false},"excerpt":{"rendered":"<p>Une d\u00e9l\u00e9gation malienne \u00e9tait au Burkina le 24 ao\u00fbt 2026 pour rechercher des solutions \u00e0 l\u2019\u00e9vacuation de marchandises maliennes en souffrance au Port d\u2019Abidjan. Avec le Conseil burkinab\u00e8 des Chargeurs, elle a explor\u00e9 les possibilit\u00e9s de mobiliser des transporteurs burkinab\u00e8 sur le corridor.<\/p>","protected":false},"author":1,"featured_media":8692,"comment_status":"open","ping_status":"open","sticky":false,"template":"","format":"standard","meta":{"footnotes":""},"categories":[4],"tags":[178,65,368,371,366,373,69,367,372,369,62,370],"class_list":["post-8678","post","type-post","status-publish","format-standard","has-post-thumbnail","hentry","category-transport-mobilite","tag-aes","tag-cbc","tag-conseil-malien-des-chargeurs","tag-corridor-abidjan-burkina-mali","tag-fret-malien","tag-futrb","tag-logistique","tag-port-dabidjan","tag-transport-burkina-faso","tag-transport-mali","tag-transport-routier","tag-ucrb"],"_links":{"self":[{"href":"https:\/\/voirfaso.com\/fr\/wp-json\/wp\/v2\/posts\/8678","targetHints":{"allow":["GET"]}}],"collection":[{"href":"https:\/\/voirfaso.com\/fr\/wp-json\/wp\/v2\/posts"}],"about":[{"href":"https:\/\/voirfaso.com\/fr\/wp-json\/wp\/v2\/types\/post"}],"author":[{"embeddable":true,"href":"https:\/\/voirfaso.com\/fr\/wp-json\/wp\/v2\/users\/1"}],"replies":[{"embeddable":true,"href":"https:\/\/voirfaso.com\/fr\/wp-json\/wp\/v2\/comments?post=8678"}],"version-history":[{"count":16,"href":"https:\/\/voirfaso.com\/fr\/wp-json\/wp\/v2\/posts\/8678\/revisions"}],"predecessor-version":[{"id":8698,"href":"https:\/\/voirfaso.com\/fr\/wp-json\/wp\/v2\/posts\/8678\/revisions\/8698"}],"wp:featuredmedia":[{"embeddable":true,"href":"https:\/\/voirfaso.com\/fr\/wp-json\/wp\/v2\/media\/8692"}],"wp:attachment":[{"href":"https:\/\/voirfaso.com\/fr\/wp-json\/wp\/v2\/media?parent=8678"}],"wp:term":[{"taxonomy":"category","embeddable":true,"href":"https:\/\/voirfaso.com\/fr\/wp-json\/wp\/v2\/categories?post=8678"},{"taxonomy":"post_tag","embeddable":true,"href":"https:\/\/voirfaso.com\/fr\/wp-json\/wp\/v2\/tags?post=8678"}],"curies":[{"name":"wp","href":"https:\/\/api.w.org\/{rel}","templated":true}]}}