{"id":8702,"date":"2026-08-27T00:32:49","date_gmt":"2026-08-27T00:32:49","guid":{"rendered":"https:\/\/voirfaso.com\/?p=8702"},"modified":"2026-08-27T00:32:50","modified_gmt":"2026-08-27T00:32:50","slug":"compte-satellite-du-tourisme-le-burkina-avance-dans-la-mesure-du-poids-economique-du-tourisme","status":"publish","type":"post","link":"https:\/\/voirfaso.com\/fr\/compte-satellite-du-tourisme-le-burkina-avance-dans-la-mesure-du-poids-economique-du-tourisme\/","title":{"rendered":"Compte satellite du tourisme : le Burkina avance dans la mesure du poids \u00e9conomique du tourisme"},"content":{"rendered":"<p class=\"wp-block-paragraph\">Mesurer pr\u00e9cis\u00e9ment ce que le tourisme apporte \u00e0 l\u2019\u00e9conomie nationale : c\u2019est l\u2019un des objectifs du chantier du Compte satellite du tourisme. R\u00e9unis \u00e0 Koudougou du 25 au 29 ao\u00fbt, des techniciens travaillent \u00e0 l\u2019\u00e9laboration des premiers tableaux de cet outil statistique destin\u00e9 \u00e0 mieux documenter le secteur..<\/p>\n\n\n\n<h2 class=\"wp-block-heading\">Le tourisme veut d\u00e9sormais parler en chiffres<\/h2>\n\n\n\n<p class=\"wp-block-paragraph\">Combien le tourisme apporte-t-il r\u00e9ellement \u00e0 l\u2019\u00e9conomie burkinab\u00e8 ? Quelle est sa contribution \u00e0 la production nationale, \u00e0 l\u2019emploi et aux investissements ?<\/p>\n\n\n\n<p class=\"wp-block-paragraph\">Pour r\u00e9pondre \u00e0 ce type de questions avec davantage de pr\u00e9cision, le Burkina Faso poursuit la mise en place de son&nbsp;<strong>Compte satellite du tourisme (CST)<\/strong>.<\/p>\n\n\n\n<p class=\"wp-block-paragraph\">Du 25 au 29 ao\u00fbt 2026, la Direction g\u00e9n\u00e9rale du Tourisme organise \u00e0 Koudougou un atelier technique consacr\u00e9 \u00e0 l\u2019\u00e9laboration des tableaux 1, 2 et 3 du CST.<\/p>\n\n\n\n<p class=\"wp-block-paragraph\">Les travaux sont pr\u00e9sid\u00e9s par le Secr\u00e9taire g\u00e9n\u00e9ral du minist\u00e8re de la Communication, de la Culture, des Arts et du Tourisme,&nbsp;<strong>B\u00e8tamou Fid\u00e8le Aymar TAMINI<\/strong>.<\/p>\n\n\n\n<p class=\"wp-block-paragraph\">Derri\u00e8re cet atelier technique se joue un enjeu plus large : disposer de donn\u00e9es suffisamment fiables pour mieux mesurer le poids \u00e9conomique du tourisme et orienter les politiques publiques.<\/p>\n\n\n\n<div style=\"height:14px\" aria-hidden=\"true\" class=\"wp-block-spacer\"><\/div>\n\n\n\n<figure class=\"wp-block-gallery has-nested-images columns-default is-cropped rs-img-rounded-sm wp-block-gallery-1 is-layout-flex wp-block-gallery-is-layout-flex\">\n<figure class=\"wp-block-image size-full\"><img decoding=\"async\" data-id=\"8717\" src=\"https:\/\/voirfaso.com\/wp-content\/uploads\/2026\/08\/Statistiques-et-tourisme-1.svg\" alt=\"\" class=\"wp-image-8717\"\/><figcaption class=\"wp-element-caption\">Le CST doit permettre de mieux mesurer la contribution du tourisme \u00e0 l\u2019\u00e9conomie nationale.<\/figcaption><\/figure>\n\n\n\n<figure class=\"wp-block-image size-full\"><img decoding=\"async\" data-id=\"8718\" src=\"https:\/\/voirfaso.com\/wp-content\/uploads\/2026\/08\/Tourisme-burkinabe.svg\" alt=\"\" class=\"wp-image-8718\"\/><figcaption class=\"wp-element-caption\">La consolidation des statistiques doit contribuer \u00e0 une meilleure orientation des politiques et des investissements touristiques.<\/figcaption><\/figure>\n<\/figure>\n\n\n\n<div style=\"height:35px\" aria-hidden=\"true\" class=\"wp-block-spacer\"><\/div>\n\n\n\n<h3 class=\"wp-block-heading\">Un outil pour mieux conna\u00eetre le poids \u00e9conomique du tourisme<\/h3>\n\n\n\n<p class=\"wp-block-paragraph\">Le Compte satellite du tourisme est un dispositif statistique permettant de mesurer de mani\u00e8re plus pr\u00e9cise la contribution du tourisme \u00e0 l\u2019\u00e9conomie.<\/p>\n\n\n\n<p class=\"wp-block-paragraph\">Son int\u00e9r\u00eat est notamment de rapprocher les donn\u00e9es touristiques des grands indicateurs \u00e9conomiques nationaux.<\/p>\n\n\n\n<p class=\"wp-block-paragraph\">Pour le Burkina Faso, sa mise en place doit permettre de d\u00e9passer une approche fond\u00e9e uniquement sur des indicateurs comme le nombre de visiteurs ou les arriv\u00e9es dans les \u00e9tablissements d\u2019h\u00e9bergement.<\/p>\n\n\n\n<p class=\"wp-block-paragraph\">L\u2019objectif est de parvenir \u00e0 une lecture plus compl\u00e8te de l\u2019activit\u00e9 touristique et de sa contribution \u00e0 l\u2019\u00e9conomie nationale.<\/p>\n\n\n\n<p class=\"wp-block-paragraph\"><strong>Mieux mesurer pour mieux d\u00e9cider<\/strong>, en somme.<\/p>\n\n\n\n<p class=\"wp-block-paragraph\">Des donn\u00e9es plus structur\u00e9es peuvent notamment aider les pouvoirs publics \u00e0 identifier les secteurs qui g\u00e9n\u00e8rent le plus d\u2019activit\u00e9, \u00e0 mieux appr\u00e9cier les besoins d\u2019investissement et \u00e0 orienter les politiques de d\u00e9veloppement touristique.<\/p>\n\n\n\n<h3 class=\"wp-block-heading\">Les premi\u00e8res donn\u00e9es au c\u0153ur des travaux<\/h3>\n\n\n\n<p class=\"wp-block-paragraph\">\u00c0 Koudougou, les participants vont principalement travailler \u00e0 partir de donn\u00e9es statistiques d\u00e9j\u00e0 collect\u00e9es.<\/p>\n\n\n\n<p class=\"wp-block-paragraph\">Les travaux portent notamment sur les donn\u00e9es relatives au&nbsp;<strong>tourisme \u00e9metteur<\/strong>, au&nbsp;<strong>tourisme interne<\/strong>&nbsp;et au&nbsp;<strong>tourisme r\u00e9cepteur<\/strong>, ainsi que sur les informations recueillies au niveau des postes fronti\u00e8res.<\/p>\n\n\n\n<p class=\"wp-block-paragraph\">Ces diff\u00e9rentes sources doivent \u00eatre exploit\u00e9es et crois\u00e9es afin de permettre l\u2019\u00e9laboration des premiers tableaux du Compte satellite du tourisme.<\/p>\n\n\n\n<p class=\"wp-block-paragraph\">L\u2019enjeu est \u00e9galement m\u00e9thodologique : les tableaux doivent \u00eatre produits conform\u00e9ment aux normes et aux m\u00e9thodes statistiques applicables au CST.<\/p>\n\n\n\n<div style=\"height:14px\" aria-hidden=\"true\" class=\"wp-block-spacer\"><\/div>\n\n\n\n<figure class=\"wp-block-image size-full rs-img-rounded-sm\"><img fetchpriority=\"high\" decoding=\"async\" width=\"1280\" height=\"960\" src=\"https:\/\/voirfaso.com\/wp-content\/uploads\/2026\/08\/La-photo-de-famille.jpg\" alt=\"\" class=\"wp-image-8720\" srcset=\"https:\/\/voirfaso.com\/wp-content\/uploads\/2026\/08\/La-photo-de-famille.jpg 1280w, https:\/\/voirfaso.com\/wp-content\/uploads\/2026\/08\/La-photo-de-famille-300x225.jpg 300w, https:\/\/voirfaso.com\/wp-content\/uploads\/2026\/08\/La-photo-de-famille-1024x768.jpg 1024w, https:\/\/voirfaso.com\/wp-content\/uploads\/2026\/08\/La-photo-de-famille-768x576.jpg 768w, https:\/\/voirfaso.com\/wp-content\/uploads\/2026\/08\/La-photo-de-famille-16x12.jpg 16w, https:\/\/voirfaso.com\/wp-content\/uploads\/2026\/08\/La-photo-de-famille-600x450.jpg 600w\" sizes=\"(max-width: 1280px) 100vw, 1280px\" \/><figcaption class=\"wp-element-caption\">La photo de famille<\/figcaption><\/figure>\n\n\n\n<h3 class=\"wp-block-heading\"><strong>Des techniciens r\u00e9unis autour d\u2019un m\u00eame objectif<\/strong><\/h3>\n\n\n\n<p class=\"wp-block-paragraph\">L\u2019atelier rassemble des repr\u00e9sentants de diff\u00e9rentes structures minist\u00e9rielles ainsi que des techniciens directement impliqu\u00e9s dans la production et l\u2019exploitation des statistiques du tourisme.<\/p>\n\n\n\n<p class=\"wp-block-paragraph\">Cette dimension interminist\u00e9rielle est importante, car les donn\u00e9es n\u00e9cessaires \u00e0 la compr\u00e9hension de l\u2019activit\u00e9 touristique sont r\u00e9parties entre plusieurs acteurs.<\/p>\n\n\n\n<p class=\"wp-block-paragraph\">Le travail consiste donc aussi \u00e0 rapprocher les sources, harmoniser les donn\u00e9es disponibles et construire progressivement un syst\u00e8me permettant de disposer d\u2019informations plus coh\u00e9rentes sur le secteur.<\/p>\n\n\n\n<div style=\"height:20px\" aria-hidden=\"true\" class=\"wp-block-spacer\"><\/div>\n\n\n\n<figure class=\"wp-block-image size-full rs-img-rounded-sm\"><img decoding=\"async\" width=\"971\" height=\"405\" src=\"https:\/\/voirfaso.com\/wp-content\/uploads\/2026\/08\/Sitho-3-5.jpg\" alt=\"\" class=\"wp-image-8675\" srcset=\"https:\/\/voirfaso.com\/wp-content\/uploads\/2026\/08\/Sitho-3-5.jpg 971w, https:\/\/voirfaso.com\/wp-content\/uploads\/2026\/08\/Sitho-3-5-300x125.jpg 300w, https:\/\/voirfaso.com\/wp-content\/uploads\/2026\/08\/Sitho-3-5-768x320.jpg 768w, https:\/\/voirfaso.com\/wp-content\/uploads\/2026\/08\/Sitho-3-5-18x8.jpg 18w, https:\/\/voirfaso.com\/wp-content\/uploads\/2026\/08\/Sitho-3-5-600x250.jpg 600w\" sizes=\"(max-width: 971px) 100vw, 971px\" \/><\/figure>\n\n\n\n<h3 class=\"wp-block-heading\">Pourquoi c\u2019est important<\/h3>\n\n\n\n<p class=\"wp-block-paragraph\">Le tourisme est souvent pr\u00e9sent\u00e9 comme un secteur \u00e0 fort potentiel pour le Burkina Faso. Mais pour transformer ce potentiel en politiques publiques efficaces, encore faut-il pouvoir&nbsp;<strong>mesurer pr\u00e9cis\u00e9ment son poids et son \u00e9volution<\/strong>.<\/p>\n\n\n\n<p class=\"wp-block-paragraph\">Le Compte satellite du tourisme doit justement contribuer \u00e0 combler ce besoin.<\/p>\n\n\n\n<p class=\"wp-block-paragraph\">\u00c0 terme, les donn\u00e9es produites pourront fournir aux d\u00e9cideurs, aux investisseurs et aux professionnels une meilleure visibilit\u00e9 sur la place r\u00e9elle du tourisme dans l\u2019\u00e9conomie burkinab\u00e8.<\/p>\n\n\n\n<p class=\"wp-block-paragraph\">L\u2019atelier de Koudougou constitue ainsi une \u00e9tape technique, mais aussi strat\u00e9gique, dans la construction d\u2019un secteur touristique davantage pilot\u00e9 par les donn\u00e9es.<\/p>\n\n\n\n<h3 class=\"wp-block-heading\">Une \u00e9tape dans la structuration du secteur<\/h3>\n\n\n\n<p class=\"wp-block-paragraph\">La production des premiers tableaux ne constitue pas l\u2019aboutissement du processus. Elle repr\u00e9sente plut\u00f4t une \u00e9tape dans la mise en place progressive du Compte satellite du tourisme au Burkina Faso.<\/p>\n\n\n\n<p class=\"wp-block-paragraph\">La consolidation de cet outil permettra, au fil du temps, d\u2019affiner la connaissance du secteur et de mieux appr\u00e9cier les effets \u00e9conomiques du tourisme.<\/p>\n\n\n\n<p class=\"wp-block-paragraph\">Pour un pays qui cherche \u00e0 renforcer son tourisme interne, \u00e0 valoriser ses destinations et \u00e0 attirer davantage d\u2019investissements, disposer de statistiques solides devient donc un enjeu \u00e0 part enti\u00e8re.<\/p>\n\n\n\n<p class=\"wp-block-paragraph\"><strong>Source :<\/strong>&nbsp;Direction g\u00e9n\u00e9rale du Tourisme \u2013 Article adapt\u00e9 et enrichi par la r\u00e9daction de VoirFaso.<\/p>\n\n\n\n<p class=\"wp-block-paragraph\"><\/p>","protected":false},"excerpt":{"rendered":"<p>Mesurer pr\u00e9cis\u00e9ment ce que le tourisme apporte \u00e0 l\u2019\u00e9conomie nationale : c\u2019est l\u2019un des objectifs du chantier du Compte satellite du tourisme. R\u00e9unis \u00e0 Koudougou du 25 au 29 ao\u00fbt, des techniciens travaillent \u00e0 l\u2019\u00e9laboration des premiers tableaux de cet outil statistique destin\u00e9 \u00e0 mieux documenter le secteur.<\/p>","protected":false},"author":1,"featured_media":8704,"comment_status":"open","ping_status":"open","sticky":false,"template":"","format":"standard","meta":{"footnotes":""},"categories":[5],"tags":[381,375,378,380,379,374,383,377,48,382,52,376],"class_list":["post-8702","post","type-post","status-publish","format-standard","has-post-thumbnail","hentry","category-tourisme","tag-compte-satellite-du-tourisme","tag-cst-burkina-faso","tag-direction-generale-du-tourisme","tag-economie-touristique","tag-investissements-touristiques","tag-koudougou","tag-statistiques-burkina-faso","tag-statistiques-tourisme","tag-tourisme-burkina-faso","tag-tourisme-emetteur","tag-tourisme-interne","tag-tourisme-recepteur"],"_links":{"self":[{"href":"https:\/\/voirfaso.com\/fr\/wp-json\/wp\/v2\/posts\/8702","targetHints":{"allow":["GET"]}}],"collection":[{"href":"https:\/\/voirfaso.com\/fr\/wp-json\/wp\/v2\/posts"}],"about":[{"href":"https:\/\/voirfaso.com\/fr\/wp-json\/wp\/v2\/types\/post"}],"author":[{"embeddable":true,"href":"https:\/\/voirfaso.com\/fr\/wp-json\/wp\/v2\/users\/1"}],"replies":[{"embeddable":true,"href":"https:\/\/voirfaso.com\/fr\/wp-json\/wp\/v2\/comments?post=8702"}],"version-history":[{"count":15,"href":"https:\/\/voirfaso.com\/fr\/wp-json\/wp\/v2\/posts\/8702\/revisions"}],"predecessor-version":[{"id":8721,"href":"https:\/\/voirfaso.com\/fr\/wp-json\/wp\/v2\/posts\/8702\/revisions\/8721"}],"wp:featuredmedia":[{"embeddable":true,"href":"https:\/\/voirfaso.com\/fr\/wp-json\/wp\/v2\/media\/8704"}],"wp:attachment":[{"href":"https:\/\/voirfaso.com\/fr\/wp-json\/wp\/v2\/media?parent=8702"}],"wp:term":[{"taxonomy":"category","embeddable":true,"href":"https:\/\/voirfaso.com\/fr\/wp-json\/wp\/v2\/categories?post=8702"},{"taxonomy":"post_tag","embeddable":true,"href":"https:\/\/voirfaso.com\/fr\/wp-json\/wp\/v2\/tags?post=8702"}],"curies":[{"name":"wp","href":"https:\/\/api.w.org\/{rel}","templated":true}]}}