{"id":8744,"date":"2026-08-29T18:34:05","date_gmt":"2026-08-29T18:34:05","guid":{"rendered":"https:\/\/voirfaso.com\/?p=8744"},"modified":"2026-08-29T18:44:38","modified_gmt":"2026-08-29T18:44:38","slug":"transport-routier-au-burkina-apres-les-sanctions-du-gouvernement-la-fenat-appelle-au-retour-aux-anciens-tarifs","status":"publish","type":"post","link":"https:\/\/voirfaso.com\/fr\/transport-routier-au-burkina-apres-les-sanctions-du-gouvernement-la-fenat-appelle-au-retour-aux-anciens-tarifs\/","title":{"rendered":"Transport routier au Burkina : apr\u00e8s les sanctions du gouvernement, la FENAT appelle au retour aux anciens tarifs"},"content":{"rendered":"<p class=\"wp-block-paragraph\">Le bras de fer autour des tarifs du transport routier de voyageurs conna\u00eet un nouvel essor au Burkina Faso. Apr\u00e8s avoir constat\u00e9 des augmentations d\u00e9cid\u00e9es de mani\u00e8re &#8220;unilat\u00e9rale&#8221; par plusieurs compagnies de transport, le gouvernement a inflig\u00e9 des p\u00e9nalit\u00e9s \u00e0 17 soci\u00e9t\u00e9s et exig\u00e9 le retour aux tarifs ant\u00e9rieurs. Face \u00e0 cette d\u00e9cision, la F\u00e9d\u00e9ration nationale des Acteurs du Transport routier (FENAT-Burkina Faso) a finalement appel\u00e9 ses membres \u00e0 revenir aux anciens prix.<\/p>\n\n\n\n<h3 class=\"wp-block-heading\">Le gouvernement durcit le ton face aux hausses<\/h3>\n\n\n\n<p class=\"wp-block-paragraph\">Le 28 ao\u00fbt dernier, le gouvernement avait sanctionn\u00e9 17 compagnies de transport pour avoir proc\u00e9d\u00e9 \u00e0 des hausses tarifaires sans autorisation. Selon le communiqu\u00e9 du ministre d\u2019\u00c9tat, ministre de l\u2019Administration territoriale et de la Mobilit\u00e9, \u00c9mile Zerbo, les augmentations, comprises entre 500 et plus de 1 000 francs CFA, \u00e9taient intervenues \u00e0 compter du 22 ao\u00fbt, malgr\u00e9 les d\u00e9marches engag\u00e9es pour maintenir les tarifs en vigueur pendant les n\u00e9gociations.<\/p>\n\n\n\n<p class=\"wp-block-paragraph\">Le gouvernement avait alors ordonn\u00e9 le retour imm\u00e9diat aux tarifs pratiqu\u00e9s avant le 21 ao\u00fbt 2026. Les soci\u00e9t\u00e9s concern\u00e9es \u00e9taient \u00e9galement expos\u00e9es \u00e0 des sanctions plus s\u00e9v\u00e8res en cas de non-respect de cette mesure. Le minist\u00e8re invitait par ailleurs les usagers \u00e0 signaler toute augmentation non autoris\u00e9e.<\/p>\n\n\n\n<figure class=\"wp-block-gallery has-nested-images columns-default is-cropped rs-img-rounded-sm wp-block-gallery-1 is-layout-flex wp-block-gallery-is-layout-flex\">\n<figure class=\"wp-block-image size-full\"><img decoding=\"async\" data-id=\"8755\" src=\"https:\/\/voirfaso.com\/wp-content\/uploads\/2026\/08\/La-hausse-de-75-FCFA-du-prix-du-gasoil.svg\" alt=\"\" class=\"wp-image-8755\"\/><figcaption class=\"wp-element-caption\">Hausse du prix du gazoil \u00e0 la pompe au Burkina Faso<\/figcaption><\/figure>\n\n\n\n<figure class=\"wp-block-image size-full\"><img decoding=\"async\" data-id=\"8757\" src=\"https:\/\/voirfaso.com\/wp-content\/uploads\/2026\/08\/La-FENAT-reunie-en-session-extraordinairel.svg\" alt=\"\" class=\"wp-image-8757\"\/><figcaption class=\"wp-element-caption\">La FENAT a demand\u00e9 \u00e0 ses membres de revenir aux tarifs appliqu\u00e9s avant le dernier r\u00e9ajustement.<\/figcaption><\/figure>\n<\/figure>\n\n\n\n<h3 class=\"wp-block-heading\">Une hausse du prix du gazoil objet des tensions<\/h3>\n\n\n\n<p class=\"wp-block-paragraph\">Derri\u00e8re cette tension tarifaire se trouve toutefois une r\u00e9alit\u00e9 \u00e9conomique qui pr\u00e9occupe les transporteurs : l\u2019augmentation de leurs charges d\u2019exploitation.<\/p>\n\n\n\n<p class=\"wp-block-paragraph\">La hausse de&nbsp;<strong>75 FCFA du prix du gasoil<\/strong>&nbsp;a notamment renforc\u00e9 les difficult\u00e9s auxquelles sont confront\u00e9es les entreprises du secteur.<\/p>\n\n\n\n<p class=\"wp-block-paragraph\">Cette \u00e9volution avait aliment\u00e9 les discussions autour d\u2019un \u00e9ventuel r\u00e9ajustement des tarifs du transport routier.<\/p>\n\n\n\n<p class=\"wp-block-paragraph\">Mais pour le gouvernement, toute modification des prix doit intervenir dans le cadre des \u00e9changes engag\u00e9s avec les acteurs du secteur et non de mani\u00e8re unilat\u00e9rale.<\/p>\n\n\n\n<h3 class=\"wp-block-heading\">La FENAT appelle finalement au retour aux anciens prix<\/h3>\n\n\n\n<p class=\"wp-block-paragraph\">Au lendemain des sanctions gouvernementales, la&nbsp;<strong>F\u00e9d\u00e9ration nationale des Acteurs du Transport routier du Burkina Faso (FENAT)<\/strong>&nbsp;a d\u00e9cid\u00e9 de r\u00e9agir.<\/p>\n\n\n\n<p class=\"wp-block-paragraph\">R\u00e9unie en session extraordinaire \u00e0 Ouagadougou, la fa\u00eeti\u00e8re a demand\u00e9 \u00e0 l\u2019ensemble de ses membres de\u00a0<strong>r\u00e9tablir, d\u00e8s 00 heures ce samedi 29 ao\u00fbt, les tarifs appliqu\u00e9s avant le dernier r\u00e9ajustement<\/strong>.<\/p>\n\n\n\n<p class=\"wp-block-paragraph\">La FENAT prend ainsi acte de la nouvelle situation et appelle ses membres \u00e0 se conformer \u00e0 cette orientation.<\/p>\n\n\n\n<p class=\"wp-block-paragraph\">Pour la fa\u00eeti\u00e8re, cette d\u00e9cision constitue une mesure conservatoire visant notamment \u00e0 pr\u00e9server la continuit\u00e9 du service public de transport et le pouvoir d\u2019achat des usagers.<\/p>\n\n\n\n<h3 class=\"wp-block-heading\">Un dialogue avec le gouvernement pour une issue favorable<\/h3>\n\n\n\n<p class=\"wp-block-paragraph\">Le retour aux anciens tarifs ne signifie toutefois pas la fin des discussions.<\/p>\n\n\n\n<p class=\"wp-block-paragraph\">La FENAT annonce l\u2019ouverture de nouvelles concertations avec les autorit\u00e9s comp\u00e9tentes afin de rechercher une solution qu\u2019elle souhaite&nbsp;<strong>concert\u00e9e et durable<\/strong>.<\/p>\n\n\n\n<p class=\"wp-block-paragraph\">La situation met ainsi les deux parties face \u00e0 un \u00e9quilibre d\u00e9licat : pr\u00e9server le pouvoir d\u2019achat des voyageurs tout en permettant aux entreprises de transport de faire face \u00e0 l\u2019\u00e9volution de leurs co\u00fbts d\u2019exploitation.<\/p>\n\n\n\n<p class=\"wp-block-paragraph\">Pour les usagers, le retour aux anciens tarifs apporte pour l\u2019instant un r\u00e9pit. Pour les transporteurs, la question de la viabilit\u00e9 \u00e9conomique de leurs activit\u00e9s reste pos\u00e9e.<\/p>\n\n\n\n<p class=\"wp-block-paragraph\">La suite des discussions entre le gouvernement et la FENAT sera donc d\u00e9terminante pour savoir si un nouvel accord tarifaire pourra \u00eatre trouv\u00e9..<\/p>\n\n\n\n<figure class=\"wp-block-image size-full rs-img-rounded-sm\"><img decoding=\"async\" src=\"https:\/\/voirfaso.com\/wp-content\/uploads\/2026\/08\/Le-retour-aux-anciens-tarifs-soulage-les-voyageurs.svg\" alt=\"\" class=\"wp-image-8759\"\/><figcaption class=\"wp-element-caption\">\u00a0Les usagers sont directement concern\u00e9s par l\u2019\u00e9volution des tarifs du transport routier.<\/figcaption><\/figure>\n\n\n\n<h3 class=\"wp-block-heading\">Pourquoi c\u2019est important<\/h3>\n\n\n\n<p class=\"wp-block-paragraph\">Le transport routier de voyageurs concerne quotidiennement des milliers de personnes et constitue un maillon essentiel de la mobilit\u00e9 au Burkina Faso.<\/p>\n\n\n\n<p class=\"wp-block-paragraph\">Une hausse des tarifs se r\u00e9percute directement sur le budget des voyageurs. \u00c0 l\u2019inverse, le maintien de tarifs inchang\u00e9s dans un contexte de hausse des co\u00fbts peut fragiliser les entreprises de transport.<\/p>\n\n\n\n<div style=\"height:20px\" aria-hidden=\"true\" class=\"wp-block-spacer\"><\/div>\n\n\n\n<figure class=\"wp-block-image size-full rs-img-rounded-sm\"><img fetchpriority=\"high\" decoding=\"async\" width=\"971\" height=\"405\" src=\"https:\/\/voirfaso.com\/wp-content\/uploads\/2026\/08\/Sitho-3-4.jpg\" alt=\"\" class=\"wp-image-8639\" srcset=\"https:\/\/voirfaso.com\/wp-content\/uploads\/2026\/08\/Sitho-3-4.jpg 971w, https:\/\/voirfaso.com\/wp-content\/uploads\/2026\/08\/Sitho-3-4-300x125.jpg 300w, https:\/\/voirfaso.com\/wp-content\/uploads\/2026\/08\/Sitho-3-4-768x320.jpg 768w, https:\/\/voirfaso.com\/wp-content\/uploads\/2026\/08\/Sitho-3-4-18x8.jpg 18w, https:\/\/voirfaso.com\/wp-content\/uploads\/2026\/08\/Sitho-3-4-600x250.jpg 600w\" sizes=\"(max-width: 971px) 100vw, 971px\" \/><\/figure>\n\n\n\n<p class=\"wp-block-paragraph\">Le retour aux anciens prix appara\u00eet donc comme une&nbsp;<strong>solution provisoire<\/strong>, en attendant que les n\u00e9gociations permettent \u00e9ventuellement de trouver un nouvel \u00e9quilibre entre les contraintes \u00e9conomiques des transporteurs et le pouvoir d\u2019achat des usagers.<\/p>\n\n\n\n<p class=\"wp-block-paragraph\"><strong>Source :<\/strong>&nbsp;FENAT-Burkina Faso et Minist\u00e8re de l\u2019Administration territoriale et de la Mobilit\u00e9 \u2013 Article adapt\u00e9 et enrichi par la r\u00e9daction de VoirFaso.<\/p>","protected":false},"excerpt":{"rendered":"<p>Le bras de fer autour des tarifs du transport routier de voyageurs conna\u00eet un nouveau tournant. Apr\u00e8s les sanctions inflig\u00e9es par le gouvernement \u00e0 17 soci\u00e9t\u00e9s, la FENAT demande finalement \u00e0 ses membres de r\u00e9tablir les tarifs appliqu\u00e9s avant le dernier r\u00e9ajustement. Le dialogue avec les autorit\u00e9s reste toutefois ouvert.<\/p>","protected":false},"author":1,"featured_media":8754,"comment_status":"open","ping_status":"open","sticky":false,"template":"","format":"standard","meta":{"footnotes":"[]"},"categories":[4],"tags":[386,387,390,385,389,392,391,384,372,62,388,393],"class_list":["post-8744","post","type-post","status-publish","format-standard","has-post-thumbnail","hentry","category-transport-mobilite","tag-emile-zerbo-2","tag-fenat","tag-gasoil-burkina-faso","tag-hausse-tarifs-transport","tag-mobilite-burkina-faso","tag-prix-transport","tag-societes-de-transport","tag-tarifs-transport-burkina","tag-transport-burkina-faso","tag-transport-routier","tag-transport-voyageurs","tag-voyageurs"],"_links":{"self":[{"href":"https:\/\/voirfaso.com\/fr\/wp-json\/wp\/v2\/posts\/8744","targetHints":{"allow":["GET"]}}],"collection":[{"href":"https:\/\/voirfaso.com\/fr\/wp-json\/wp\/v2\/posts"}],"about":[{"href":"https:\/\/voirfaso.com\/fr\/wp-json\/wp\/v2\/types\/post"}],"author":[{"embeddable":true,"href":"https:\/\/voirfaso.com\/fr\/wp-json\/wp\/v2\/users\/1"}],"replies":[{"embeddable":true,"href":"https:\/\/voirfaso.com\/fr\/wp-json\/wp\/v2\/comments?post=8744"}],"version-history":[{"count":13,"href":"https:\/\/voirfaso.com\/fr\/wp-json\/wp\/v2\/posts\/8744\/revisions"}],"predecessor-version":[{"id":8761,"href":"https:\/\/voirfaso.com\/fr\/wp-json\/wp\/v2\/posts\/8744\/revisions\/8761"}],"wp:featuredmedia":[{"embeddable":true,"href":"https:\/\/voirfaso.com\/fr\/wp-json\/wp\/v2\/media\/8754"}],"wp:attachment":[{"href":"https:\/\/voirfaso.com\/fr\/wp-json\/wp\/v2\/media?parent=8744"}],"wp:term":[{"taxonomy":"category","embeddable":true,"href":"https:\/\/voirfaso.com\/fr\/wp-json\/wp\/v2\/categories?post=8744"},{"taxonomy":"post_tag","embeddable":true,"href":"https:\/\/voirfaso.com\/fr\/wp-json\/wp\/v2\/tags?post=8744"}],"curies":[{"name":"wp","href":"https:\/\/api.w.org\/{rel}","templated":true}]}}