{"id":8763,"date":"2026-08-29T22:20:05","date_gmt":"2026-08-29T22:20:05","guid":{"rendered":"https:\/\/voirfaso.com\/?p=8763"},"modified":"2026-08-29T22:20:06","modified_gmt":"2026-08-29T22:20:06","slug":"tourisme-a-oubri-les-acteurs-veulent-creer-une-federation-regionale","status":"publish","type":"post","link":"https:\/\/voirfaso.com\/fr\/tourisme-a-oubri-les-acteurs-veulent-creer-une-federation-regionale\/","title":{"rendered":"Tourisme \u00e0 Oubri : les acteurs veulent cr\u00e9er une f\u00e9d\u00e9ration r\u00e9gionale"},"content":{"rendered":"<p class=\"wp-block-paragraph\">Les acteurs du tourisme d&#8217;Oubri veulent franchir un nouveau cap dans leur organisation. R\u00e9unis \u00e0 Ziniar\u00e9 le 27 ao\u00fbt \u00e0 l\u2019initiative de la Direction g\u00e9n\u00e9rale du Tourisme, ils ont convenu de se retrouver le 10 septembre prochain pour travailler \u00e0 la mise en place d\u2019une F\u00e9d\u00e9ration r\u00e9gionale des acteurs du tourisme.<\/p>\n\n\n\n<h3 class=\"wp-block-heading\">\u00c0 Ziniar\u00e9, les professionnels du tourisme veulent mieux s\u2019organiser<\/h3>\n\n\n\n<p class=\"wp-block-paragraph\">\u00c0 Ziniar\u00e9, les acteurs du tourisme veulent d\u00e9sormais mieux coordonner leurs efforts.<\/p>\n\n\n\n<p class=\"wp-block-paragraph\">Le 27 ao\u00fbt 2026, la capitale r\u00e9gionale d\u2019Oubri a accueilli un cadre de concertation consacr\u00e9 \u00e0 l\u2019organisation des professionnels du secteur. La rencontre \u00e9tait organis\u00e9e par la\u00a0<strong>Direction g\u00e9n\u00e9rale du Tourisme (DGT)<\/strong>.<\/p>\n\n\n\n<p class=\"wp-block-paragraph\">L\u2019objectif \u00e9tait de r\u00e9fl\u00e9chir \u00e0 la cr\u00e9ation d\u2019une\u00a0<strong>F\u00e9d\u00e9ration r\u00e9gionale des acteurs du tourisme (FRAT) d\u2019Oubri<\/strong>, dans le cadre du processus engag\u00e9 en pr\u00e9lude \u00e0 la mise en place de la\u00a0<strong>Conf\u00e9d\u00e9ration nationale des acteurs du tourisme (CONATOUR)<\/strong>.<\/p>\n\n\n\n<p class=\"wp-block-paragraph\">Derri\u00e8re cette d\u00e9marche se trouve une ambition : permettre aux diff\u00e9rents acteurs de mieux se conna\u00eetre, de coordonner leurs pr\u00e9occupations et de disposer d\u2019un cadre repr\u00e9sentatif pour porter leurs int\u00e9r\u00eats..<\/p>\n\n\n\n<div style=\"height:14px\" aria-hidden=\"true\" class=\"wp-block-spacer\"><\/div>\n\n\n\n<figure class=\"wp-block-gallery has-nested-images columns-default is-cropped rs-img-rounded-sm wp-block-gallery-1 is-layout-flex wp-block-gallery-is-layout-flex\">\n<figure class=\"wp-block-image size-full\"><img decoding=\"async\" data-id=\"8775\" src=\"https:\/\/voirfaso.com\/wp-content\/uploads\/2026\/08\/Une-mobilisation-pour-structurer-le-tourisme-regional.svg\" alt=\"Participants \u00e0 la rencontre des acteurs du tourisme d'Oubri\" class=\"wp-image-8775\"\/><figcaption class=\"wp-element-caption\">La mobilisation des acteurs t\u00e9moigne de leur volont\u00e9 de mieux organiser le secteur touristique r\u00e9gional.<\/figcaption><\/figure>\n\n\n\n<figure class=\"wp-block-image size-full\"><img decoding=\"async\" data-id=\"8776\" src=\"https:\/\/voirfaso.com\/wp-content\/uploads\/2026\/08\/La-mobilisation-des-acteurs-temoigne-de-leur-volonte-de-mieux-organiser-le-secteur-touristique-regional.svg\" alt=\"\" class=\"wp-image-8776\"\/><figcaption class=\"wp-element-caption\">La mobilisation des acteurs t\u00e9moigne de leur volont\u00e9 de mieux organiser le secteur touristique r\u00e9gional.<\/figcaption><\/figure>\n<\/figure>\n\n\n\n<div style=\"height:35px\" aria-hidden=\"true\" class=\"wp-block-spacer\"><\/div>\n\n\n\n<h3 class=\"wp-block-heading\">Une mobilisation qui traduit l\u2019int\u00e9r\u00eat pour le secteur<\/h3>\n\n\n\n<p class=\"wp-block-paragraph\">La c\u00e9r\u00e9monie d\u2019ouverture a \u00e9t\u00e9 pr\u00e9sid\u00e9e par\u00a0le camarade <strong>Thomas BAMBARA<\/strong>, conseiller technique repr\u00e9sentant la gouverneure d\u2019Oubri.<\/p>\n\n\n\n<p class=\"wp-block-paragraph\">Il a salu\u00e9 la mobilisation des professionnels et acteurs pr\u00e9sents, qu\u2019il consid\u00e8re comme un signe de l\u2019int\u00e9r\u00eat port\u00e9 au d\u00e9veloppement du tourisme dans la r\u00e9gion.<\/p>\n\n\n\n<p class=\"wp-block-paragraph\">Cette mobilisation traduit \u00e9galement, selon lui, la volont\u00e9 de voir \u00e9merger un secteur priv\u00e9 touristique mieux organis\u00e9, plus solidaire et davantage impliqu\u00e9 dans le d\u00e9veloppement \u00e9conomique d\u2019Oubri.<\/p>\n\n\n\n<p class=\"wp-block-paragraph\">Une organisation collective pourrait notamment faciliter le dialogue entre les professionnels et les pouvoirs publics, mais aussi permettre aux acteurs de porter des pr\u00e9occupations communes.<\/p>\n\n\n\n<h3 class=\"wp-block-heading\">Vers une f\u00e9d\u00e9ration plus inclusive et repr\u00e9sentative<\/h3>\n\n\n\n<p class=\"wp-block-paragraph\">Les \u00e9changes ont \u00e9t\u00e9 nourris par deux communications consacr\u00e9es \u00e0 la structuration des acteurs du tourisme.<\/p>\n\n\n\n<p class=\"wp-block-paragraph\">\u00c0 l\u2019issue des discussions, les participants ont estim\u00e9 n\u00e9cessaire de poursuivre les concertations avant de passer \u00e0 la mise en place effective de la f\u00e9d\u00e9ration.<\/p>\n\n\n\n<p class=\"wp-block-paragraph\">Ils ont ainsi convenu de se retrouver le&nbsp;<strong>10 septembre 2026<\/strong>&nbsp;pour travailler \u00e0 la cr\u00e9ation de la&nbsp;<strong>FRAT-Oubri<\/strong>.<\/p>\n\n\n\n<p class=\"wp-block-paragraph\">L\u2019objectif affich\u00e9 est de parvenir \u00e0 une organisation suffisamment inclusive et repr\u00e9sentative pour rassembler les diff\u00e9rentes composantes du secteur touristique r\u00e9gional.<\/p>\n\n\n\n<div style=\"height:14px\" aria-hidden=\"true\" class=\"wp-block-spacer\"><\/div>\n\n\n\n<figure class=\"wp-block-image size-full rs-img-rounded-sm\"><img fetchpriority=\"high\" decoding=\"async\" width=\"1080\" height=\"802\" src=\"https:\/\/voirfaso.com\/wp-content\/uploads\/2026\/08\/Le-10-septembre-rendez-vous-pour-la-FRAT-Oubri.jpg\" alt=\"\" class=\"wp-image-8778\" srcset=\"https:\/\/voirfaso.com\/wp-content\/uploads\/2026\/08\/Le-10-septembre-rendez-vous-pour-la-FRAT-Oubri.jpg 1080w, https:\/\/voirfaso.com\/wp-content\/uploads\/2026\/08\/Le-10-septembre-rendez-vous-pour-la-FRAT-Oubri-300x223.jpg 300w, https:\/\/voirfaso.com\/wp-content\/uploads\/2026\/08\/Le-10-septembre-rendez-vous-pour-la-FRAT-Oubri-1024x760.jpg 1024w, https:\/\/voirfaso.com\/wp-content\/uploads\/2026\/08\/Le-10-septembre-rendez-vous-pour-la-FRAT-Oubri-768x570.jpg 768w, https:\/\/voirfaso.com\/wp-content\/uploads\/2026\/08\/Le-10-septembre-rendez-vous-pour-la-FRAT-Oubri-16x12.jpg 16w, https:\/\/voirfaso.com\/wp-content\/uploads\/2026\/08\/Le-10-septembre-rendez-vous-pour-la-FRAT-Oubri-600x446.jpg 600w\" sizes=\"(max-width: 1080px) 100vw, 1080px\" \/><figcaption class=\"wp-element-caption\">\u00a0Les acteurs doivent se retrouver le 10 septembre pour travailler \u00e0 la mise en place de la F\u00e9d\u00e9ration r\u00e9gionale.<\/figcaption><\/figure>\n\n\n\n<h3 class=\"wp-block-heading\"><strong>Pourquoi c\u2019est important<\/strong><\/h3>\n\n\n\n<p class=\"wp-block-paragraph\">L\u2019atelier rassemble des repr\u00e9sentants de diff\u00e9rentes structures minist\u00e9rielles ainsi que des techniciens directement impliqu\u00e9s dans la production et l\u2019exploitation des statistiques du tourisme.<\/p>\n\n\n\n<p class=\"wp-block-paragraph\">Cette dimension interminist\u00e9rielle est importante, car les donn\u00e9es n\u00e9cessaires \u00e0 la compr\u00e9hension de l\u2019activit\u00e9 touristique sont r\u00e9parties entre plusieurs acteurs.<\/p>\n\n\n\n<p class=\"wp-block-paragraph\">Le travail consiste donc aussi \u00e0 rapprocher les sources, harmoniser les donn\u00e9es disponibles et construire progressivement un syst\u00e8me permettant de disposer d\u2019informations plus coh\u00e9rentes sur le secteur.<\/p>\n\n\n\n<div style=\"height:20px\" aria-hidden=\"true\" class=\"wp-block-spacer\"><\/div>\n\n\n\n<figure class=\"wp-block-image size-full rs-img-rounded-sm\"><img decoding=\"async\" width=\"971\" height=\"405\" src=\"https:\/\/voirfaso.com\/wp-content\/uploads\/2026\/08\/Sitho-3-5.jpg\" alt=\"\" class=\"wp-image-8675\" srcset=\"https:\/\/voirfaso.com\/wp-content\/uploads\/2026\/08\/Sitho-3-5.jpg 971w, https:\/\/voirfaso.com\/wp-content\/uploads\/2026\/08\/Sitho-3-5-300x125.jpg 300w, https:\/\/voirfaso.com\/wp-content\/uploads\/2026\/08\/Sitho-3-5-768x320.jpg 768w, https:\/\/voirfaso.com\/wp-content\/uploads\/2026\/08\/Sitho-3-5-18x8.jpg 18w, https:\/\/voirfaso.com\/wp-content\/uploads\/2026\/08\/Sitho-3-5-600x250.jpg 600w\" sizes=\"(max-width: 971px) 100vw, 971px\" \/><\/figure>\n\n\n\n<h3 class=\"wp-block-heading\"><strong>Le 10 septembre, prochaine \u00e9tape<\/strong><\/h3>\n\n\n\n<p class=\"wp-block-paragraph\">La r\u00e9union du 27 ao\u00fbt n\u2019a donc pas encore donn\u00e9 naissance \u00e0 la FRAT-Oubri. Elle a surtout permis de poser les bases d\u2019une organisation future.<\/p>\n\n\n\n<p class=\"wp-block-paragraph\">Le rendez-vous du&nbsp;<strong>10 septembre<\/strong>&nbsp;constituera une \u00e9tape d\u00e9cisive pour transformer cette volont\u00e9 en structure op\u00e9rationnelle.<\/p>\n\n\n\n<p class=\"wp-block-paragraph\">Si le processus aboutit, les professionnels du tourisme d\u2019Oubri disposeront d\u2019un nouvel outil pour d\u00e9fendre leurs int\u00e9r\u00eats et participer plus directement aux r\u00e9flexions sur le d\u00e9veloppement touristique de leur r\u00e9gion.<\/p>\n\n\n\n<p class=\"wp-block-paragraph\">Une organisation plus structur\u00e9e pourrait ainsi donner davantage de poids aux initiatives locales et contribuer \u00e0 faire du tourisme un levier plus important de d\u00e9veloppement \u00e9conomique et territorial.<\/p>\n\n\n\n<p class=\"wp-block-paragraph\"><strong>Source :<\/strong>\u00a0Service de communication de la Direction r\u00e9gionale de la Culture, des Arts et du Tourisme d\u2019Oubri (SCM\/DRCCAT-Oubri) \u2013 Article adapt\u00e9 et enrichi par la r\u00e9daction de VoirFaso.<\/p>","protected":false},"excerpt":{"rendered":"<p>Les acteurs du tourisme de Oubri veulent franchir un nouveau cap dans leur organisation. R\u00e9unis \u00e0 Ziniar\u00e9 le 27 ao\u00fbt \u00e0 l\u2019initiative de la Direction g\u00e9n\u00e9rale du Tourisme, ils ont convenu de se retrouver le 10 septembre prochain pour travailler \u00e0 la mise en place d\u2019une F\u00e9d\u00e9ration r\u00e9gionale des acteurs du tourisme.<\/p>","protected":false},"author":1,"featured_media":8774,"comment_status":"open","ping_status":"open","sticky":false,"template":"","format":"standard","meta":{"footnotes":""},"categories":[5],"tags":[398,397,260,378,396,399,324,400,48,394,271,395],"class_list":["post-8763","post","type-post","status-publish","format-standard","has-post-thumbnail","hentry","category-tourisme","tag-acteurs-du-tourisme","tag-conatour","tag-developpement-touristique","tag-direction-generale-du-tourisme","tag-frat-oubri","tag-organisation-tourisme","tag-professionnels-du-tourisme","tag-secteur-prive-touristique","tag-tourisme-burkina-faso","tag-tourisme-oubri","tag-tourisme-regional","tag-ziniare"],"_links":{"self":[{"href":"https:\/\/voirfaso.com\/fr\/wp-json\/wp\/v2\/posts\/8763","targetHints":{"allow":["GET"]}}],"collection":[{"href":"https:\/\/voirfaso.com\/fr\/wp-json\/wp\/v2\/posts"}],"about":[{"href":"https:\/\/voirfaso.com\/fr\/wp-json\/wp\/v2\/types\/post"}],"author":[{"embeddable":true,"href":"https:\/\/voirfaso.com\/fr\/wp-json\/wp\/v2\/users\/1"}],"replies":[{"embeddable":true,"href":"https:\/\/voirfaso.com\/fr\/wp-json\/wp\/v2\/comments?post=8763"}],"version-history":[{"count":12,"href":"https:\/\/voirfaso.com\/fr\/wp-json\/wp\/v2\/posts\/8763\/revisions"}],"predecessor-version":[{"id":8779,"href":"https:\/\/voirfaso.com\/fr\/wp-json\/wp\/v2\/posts\/8763\/revisions\/8779"}],"wp:featuredmedia":[{"embeddable":true,"href":"https:\/\/voirfaso.com\/fr\/wp-json\/wp\/v2\/media\/8774"}],"wp:attachment":[{"href":"https:\/\/voirfaso.com\/fr\/wp-json\/wp\/v2\/media?parent=8763"}],"wp:term":[{"taxonomy":"category","embeddable":true,"href":"https:\/\/voirfaso.com\/fr\/wp-json\/wp\/v2\/categories?post=8763"},{"taxonomy":"post_tag","embeddable":true,"href":"https:\/\/voirfaso.com\/fr\/wp-json\/wp\/v2\/tags?post=8763"}],"curies":[{"name":"wp","href":"https:\/\/api.w.org\/{rel}","templated":true}]}}