{"id":8781,"date":"2026-08-30T01:20:27","date_gmt":"2026-08-30T01:20:27","guid":{"rendered":"https:\/\/voirfaso.com\/?p=8781"},"modified":"2026-09-04T00:48:11","modified_gmt":"2026-09-04T00:48:11","slug":"froid-et-climatisation-le-burkina-prepare-un-systeme-national-de-certification-des-techniciens","status":"publish","type":"post","link":"https:\/\/voirfaso.com\/fr\/froid-et-climatisation-le-burkina-prepare-un-systeme-national-de-certification-des-techniciens\/","title":{"rendered":"Froid et climatisation : le Burkina pr\u00e9pare un syst\u00e8me national de certification des techniciens"},"content":{"rendered":"<p class=\"wp-block-paragraph\">Le Burkina Faso travaille \u00e0 la mise en place d\u2019un syst\u00e8me national de certification des techniciens de la r\u00e9frig\u00e9ration et de la climatisation. Du 25 au 28 ao\u00fbt 2026, une mission a \u00e9valu\u00e9 plusieurs \u00e9tablissements de formation afin d\u2019identifier les conditions n\u00e9cessaires \u00e0 la reconnaissance et \u00e0 l\u2019harmonisation des comp\u00e9tences dans ce secteur.<\/p>\n\n\n\n<h3 class=\"wp-block-heading\">Vers un cadre national pour les m\u00e9tiers du froid<\/h3>\n\n\n\n<p class=\"wp-block-paragraph\">La s\u00e9ance de sensibilisation a r\u00e9uni commer\u00e7ants, consommateurs et responsables du march\u00e9 autour des enjeux de la gestion des d\u00e9chets plastiques.<\/p>\n\n\n\n<p class=\"wp-block-paragraph\">Les \u00e9changes ont port\u00e9 sur les risques environnementaux associ\u00e9s aux sachets plastiques interdits ainsi que sur les alternatives permettant de r\u00e9duire durablement cette forme de pollution.Derri\u00e8re une climatisation qui fonctionne ou un \u00e9quipement frigorifique correctement install\u00e9 se trouvent des comp\u00e9tences techniques qui ne sont pas toujours \u00e9valu\u00e9es selon les m\u00eames standards.<\/p>\n\n\n\n<p class=\"wp-block-paragraph\">Le Burkina Faso veut progressivement mieux encadrer ces m\u00e9tiers.<\/p>\n\n\n\n<p class=\"wp-block-paragraph\">Du 25 au 28 ao\u00fbt 2026, la&nbsp;<strong>Direction g\u00e9n\u00e9rale de l\u2019Environnement et du Cadre de Vie (DGECV)<\/strong>, \u00e0 travers le&nbsp;<strong>Bureau National Ozone (BNO)<\/strong>, a conduit une mission consacr\u00e9e \u00e0 l\u2019\u00e9laboration d\u2019un syst\u00e8me national de certification des techniciens de la r\u00e9frig\u00e9ration et de la climatisation.<\/p>\n\n\n\n<p class=\"wp-block-paragraph\">L\u2019initiative b\u00e9n\u00e9ficie de l\u2019appui d\u2019un expert de l\u2019<strong>Associazione Tecnici del Freddo (ATF)<\/strong>, recrut\u00e9 par le&nbsp;<strong>Programme des Nations Unies pour l\u2019Environnement (PNUE)<\/strong>.<\/p>\n\n\n\n<p class=\"wp-block-paragraph\">L\u2019objectif est de poser les bases d\u2019un dispositif capable, \u00e0 terme, de mieux reconna\u00eetre les comp\u00e9tences des professionnels et d\u2019harmoniser les pratiques dans le secteur.Derri\u00e8re une climatisation qui fonctionne ou un \u00e9quipement frigorifique correctement install\u00e9 se trouvent des comp\u00e9tences techniques qui ne sont pas toujours \u00e9valu\u00e9es selon les m\u00eames standards.<\/p>\n\n\n\n<p class=\"wp-block-paragraph\">Le Burkina Faso veut progressivement mieux encadrer ces m\u00e9tiers.<\/p>\n\n\n\n<p class=\"wp-block-paragraph\">Du 25 au 28 ao\u00fbt 2026, la&nbsp;<strong>Direction g\u00e9n\u00e9rale de l\u2019Environnement et du Cadre de Vie (DGECV)<\/strong>, \u00e0 travers le&nbsp;<strong>Bureau National Ozone (BNO)<\/strong>, a conduit une mission consacr\u00e9e \u00e0 l\u2019\u00e9laboration d\u2019un syst\u00e8me national de certification des techniciens de la r\u00e9frig\u00e9ration et de la climatisation.<\/p>\n\n\n\n<p class=\"wp-block-paragraph\">L\u2019initiative b\u00e9n\u00e9ficie de l\u2019appui d\u2019un expert de l\u2019<strong>Associazione Tecnici del Freddo (ATF)<\/strong>, recrut\u00e9 par le&nbsp;<strong>Programme des Nations Unies pour l\u2019Environnement (PNUE)<\/strong>.<\/p>\n\n\n\n<p class=\"wp-block-paragraph\">L\u2019objectif est de poser les bases d\u2019un dispositif capable, \u00e0 terme, de mieux reconna\u00eetre les comp\u00e9tences des professionnels et d\u2019harmoniser les pratiques dans le secteur.<\/p>\n\n\n\n<div style=\"height:14px\" aria-hidden=\"true\" class=\"wp-block-spacer\"><\/div>\n\n\n\n<figure class=\"wp-block-gallery has-nested-images columns-default is-cropped rs-img-rounded-sm wp-block-gallery-1 is-layout-flex wp-block-gallery-is-layout-flex\">\n<figure class=\"wp-block-image size-full\"><img fetchpriority=\"high\" decoding=\"async\" width=\"1032\" height=\"470\" data-id=\"8794\" src=\"https:\/\/voirfaso.com\/wp-content\/uploads\/2026\/08\/Etablissement-de-formation.jpg\" alt=\"Centre de formation professionnelle aux m\u00e9tiers du froid au Burkina Faso\" class=\"wp-image-8794\" srcset=\"https:\/\/voirfaso.com\/wp-content\/uploads\/2026\/08\/Etablissement-de-formation.jpg 1032w, https:\/\/voirfaso.com\/wp-content\/uploads\/2026\/08\/Etablissement-de-formation-300x137.jpg 300w, https:\/\/voirfaso.com\/wp-content\/uploads\/2026\/08\/Etablissement-de-formation-1024x466.jpg 1024w, https:\/\/voirfaso.com\/wp-content\/uploads\/2026\/08\/Etablissement-de-formation-768x350.jpg 768w, https:\/\/voirfaso.com\/wp-content\/uploads\/2026\/08\/Etablissement-de-formation-18x8.jpg 18w, https:\/\/voirfaso.com\/wp-content\/uploads\/2026\/08\/Etablissement-de-formation-600x273.jpg 600w\" sizes=\"(max-width: 1032px) 100vw, 1032px\" \/><figcaption class=\"wp-element-caption\">La mission a \u00e9valu\u00e9 les \u00e9quipements, les infrastructures et les ressources p\u00e9dagogiques de plusieurs \u00e9tablissements.<\/figcaption><\/figure>\n\n\n\n<figure class=\"wp-block-image size-full\"><img decoding=\"async\" width=\"1032\" height=\"650\" data-id=\"8796\" src=\"https:\/\/voirfaso.com\/wp-content\/uploads\/2026\/08\/Atelier-de-restitution.jpg\" alt=\"Atelier technique sur la certification des techniciens du froid au Burkina Faso\" class=\"wp-image-8796\" srcset=\"https:\/\/voirfaso.com\/wp-content\/uploads\/2026\/08\/Atelier-de-restitution.jpg 1032w, https:\/\/voirfaso.com\/wp-content\/uploads\/2026\/08\/Atelier-de-restitution-300x189.jpg 300w, https:\/\/voirfaso.com\/wp-content\/uploads\/2026\/08\/Atelier-de-restitution-1024x645.jpg 1024w, https:\/\/voirfaso.com\/wp-content\/uploads\/2026\/08\/Atelier-de-restitution-768x484.jpg 768w, https:\/\/voirfaso.com\/wp-content\/uploads\/2026\/08\/Atelier-de-restitution-18x12.jpg 18w, https:\/\/voirfaso.com\/wp-content\/uploads\/2026\/08\/Atelier-de-restitution-600x378.jpg 600w\" sizes=\"(max-width: 1032px) 100vw, 1032px\" \/><figcaption class=\"wp-element-caption\">Responsables, formateurs et acteurs du secteur ont particip\u00e9 \u00e0 l\u2019atelier de restitution du 28 ao\u00fbt.<\/figcaption><\/figure>\n<\/figure>\n\n\n\n<div style=\"height:35px\" aria-hidden=\"true\" class=\"wp-block-spacer\"><\/div>\n\n\n\n<h3 class=\"wp-block-heading\"><br><strong>Des centres de formation pass\u00e9s au crible<\/strong><\/h3>\n\n\n\n<p class=\"wp-block-paragraph\">Pour pr\u00e9parer ce futur syst\u00e8me, la mission a commenc\u00e9 par un \u00e9tat des lieux des capacit\u00e9s existantes.<\/p>\n\n\n\n<p class=\"wp-block-paragraph\">Les \u00e9quipes ont notamment \u00e9valu\u00e9 les formations techniques propos\u00e9es, les \u00e9quipements disponibles, les infrastructures ainsi que les ressources p\u00e9dagogiques.<\/p>\n\n\n\n<p class=\"wp-block-paragraph\">Plusieurs \u00e9tablissements ont \u00e9t\u00e9 visit\u00e9s \u00e0 Ouagadougou, Koudougou, Bassy et Ziniar\u00e9.<\/p>\n\n\n\n<p class=\"wp-block-paragraph\">La d\u00e9l\u00e9gation s\u2019est notamment rendue au&nbsp;<strong>Lyc\u00e9e Professionnel National Maurice Yam\u00e9ogo<\/strong>, \u00e0 l\u2019<strong>\u00c9cole Normale Sup\u00e9rieure de Koudougou<\/strong>, au&nbsp;<strong>Lyc\u00e9e Professionnel R\u00e9gional du Centre<\/strong>, au&nbsp;<strong>Centre d\u2019\u00c9valuation et de Formation Professionnelle de Ouagadougou (CEFPO)<\/strong>, au&nbsp;<strong>Lyc\u00e9e Provincial de Bassy<\/strong>&nbsp;et au&nbsp;<strong>Centre de Formation Professionnelle R\u00e9gional de Ziniar\u00e9<\/strong>.<\/p>\n\n\n\n<p class=\"wp-block-paragraph\">Ces visites doivent permettre de mesurer les moyens dont disposent les \u00e9tablissements pour former des techniciens r\u00e9pondant aux exigences d\u2019un futur syst\u00e8me national de certification.<\/p>\n\n\n\n<div style=\"height:14px\" aria-hidden=\"true\" class=\"wp-block-spacer\"><\/div>\n\n\n\n<figure class=\"wp-block-image size-full rs-img-rounded-sm\"><img decoding=\"async\" width=\"2048\" height=\"1536\" src=\"https:\/\/voirfaso.com\/wp-content\/uploads\/2026\/08\/Photo-de-famille-Environement.jpg\" alt=\"\" class=\"wp-image-8797\" srcset=\"https:\/\/voirfaso.com\/wp-content\/uploads\/2026\/08\/Photo-de-famille-Environement.jpg 2048w, https:\/\/voirfaso.com\/wp-content\/uploads\/2026\/08\/Photo-de-famille-Environement-300x225.jpg 300w, https:\/\/voirfaso.com\/wp-content\/uploads\/2026\/08\/Photo-de-famille-Environement-1024x768.jpg 1024w, https:\/\/voirfaso.com\/wp-content\/uploads\/2026\/08\/Photo-de-famille-Environement-768x576.jpg 768w, https:\/\/voirfaso.com\/wp-content\/uploads\/2026\/08\/Photo-de-famille-Environement-1536x1152.jpg 1536w, https:\/\/voirfaso.com\/wp-content\/uploads\/2026\/08\/Photo-de-famille-Environement-16x12.jpg 16w, https:\/\/voirfaso.com\/wp-content\/uploads\/2026\/08\/Photo-de-famille-Environement-600x450.jpg 600w\" sizes=\"(max-width: 2048px) 100vw, 2048px\" \/><figcaption class=\"wp-element-caption\">Les participants posent \u00e0 l&#8217;issue de la rencontre <\/figcaption><\/figure>\n\n\n\n<div style=\"height:35px\" aria-hidden=\"true\" class=\"wp-block-spacer\"><\/div>\n\n\n\n<h3 class=\"wp-block-heading\">Harmoniser les comp\u00e9tences et les pratiques<\/h3>\n\n\n\n<p class=\"wp-block-paragraph\">Le 28 ao\u00fbt, la mission s\u2019est achev\u00e9e par un atelier de restitution et d\u2019\u00e9changes.<\/p>\n\n\n\n<p class=\"wp-block-paragraph\">Pr\u00e9sid\u00e9e par\u00a0Yasseya GANAME, charg\u00e9 de mission au minist\u00e8re de l\u2019Agriculture, de l\u2019Eau, des Ressources animales et halieutiques (MAERAH), la rencontre a r\u00e9uni des responsables et des formateurs des centres sp\u00e9cialis\u00e9s ainsi que diff\u00e9rents acteurs du secteur.<\/p>\n\n\n\n<p class=\"wp-block-paragraph\"><strong>Ma\u00efmouna YAMPA<\/strong>, directrice de l\u2019Assainissement des Eaux Us\u00e9es et Excreta, y repr\u00e9sentait le directeur g\u00e9n\u00e9ral de l\u2019Environnement et du Cadre de Vie.<\/p>\n\n\n\n<p class=\"wp-block-paragraph\">Les \u00e9changes techniques ont \u00e9t\u00e9 conduits par&nbsp;<strong>Sa\u00efd El Harch<\/strong>, expert-formateur du PNUE.<\/p>\n\n\n\n<p class=\"wp-block-paragraph\">Il a pr\u00e9sent\u00e9 les principales orientations et les m\u00e9canismes n\u00e9cessaires \u00e0 la construction d\u2019un dispositif national adapt\u00e9 au contexte burkinab\u00e8.<\/p>\n\n\n\n<p class=\"wp-block-paragraph\">L\u2019enjeu est notamment d\u2019\u00e9viter que les comp\u00e9tences soient appr\u00e9ci\u00e9es selon des crit\u00e8res diff\u00e9rents d\u2019un \u00e9tablissement ou d\u2019un professionnel \u00e0 l\u2019autre.<\/p>\n\n\n\n<h3 class=\"wp-block-heading\">Un enjeu professionnel, mais aussi environnemental<\/h3>\n\n\n\n<p class=\"wp-block-paragraph\">La certification recherch\u00e9e ne concerne pas uniquement la reconnaissance professionnelle des techniciens.<\/p>\n\n\n\n<p class=\"wp-block-paragraph\">Le secteur de la r\u00e9frig\u00e9ration et de la climatisation est \u00e9galement directement li\u00e9 aux questions environnementales, notamment \u00e0 travers les substances utilis\u00e9es dans les \u00e9quipements frigorifiques et les efforts engag\u00e9s pour r\u00e9duire leur impact sur l\u2019environnement.<\/p>\n\n\n\n<p class=\"wp-block-paragraph\">Un syst\u00e8me de certification pourrait ainsi contribuer \u00e0 mieux pr\u00e9parer les techniciens \u00e0 l\u2019utilisation de technologies et de pratiques plus respectueuses de l\u2019environnement.<\/p>\n\n\n\n<p class=\"wp-block-paragraph\">Il s\u2019inscrit \u00e9galement dans les engagements du Burkina Faso en mati\u00e8re de&nbsp;<strong>protection de la couche d\u2019ozone et de r\u00e9duction des \u00e9missions de gaz \u00e0 effet de serre<\/strong>.<\/p>\n\n\n\n<div style=\"height:20px\" aria-hidden=\"true\" class=\"wp-block-spacer\"><\/div>\n\n\n\n<figure class=\"wp-block-image size-full rs-img-rounded-sm\"><img decoding=\"async\" src=\"https:\/\/nerio.rstheme.com\/newspaper\/wp-content\/uploads\/sites\/2\/2025\/11\/ad-banner-thumb-001-1.png\" alt=\"\" class=\"wp-image-7057\"\/><\/figure>\n\n\n\n<div style=\"height:35px\" aria-hidden=\"true\" class=\"wp-block-spacer\"><\/div>\n\n\n\n<h3 class=\"wp-block-heading\">Pourquoi c\u2019est important<\/h3>\n\n\n\n<p class=\"wp-block-paragraph\">Le d\u00e9veloppement rapide de la climatisation et des \u00e9quipements frigorifiques accro\u00eet les besoins en techniciens qualifi\u00e9s.<\/p>\n\n\n\n<p class=\"wp-block-paragraph\">Or, une mauvaise installation, un entretien insuffisant ou une manipulation inappropri\u00e9e des \u00e9quipements peut avoir des cons\u00e9quences sur leur efficacit\u00e9, leur dur\u00e9e de vie et leur impact environnemental.<\/p>\n\n\n\n<p class=\"wp-block-paragraph\">La mise en place d\u2019une certification nationale pourrait donc apporter davantage de lisibilit\u00e9 aux employeurs, aux clients et aux professionnels eux-m\u00eames.<\/p>\n\n\n\n<p class=\"wp-block-paragraph\">\u00c0 terme, elle pourrait permettre de mieux identifier les comp\u00e9tences disponibles et d\u2019encourager une mont\u00e9e en gamme des prestations.<\/p>\n\n\n\n<h3 class=\"wp-block-heading\">De la formation \u00e0 la reconnaissance professionnelle<\/h3>\n\n\n\n<p class=\"wp-block-paragraph\">Le chantier engag\u00e9 par la DGECV ne se limite donc pas \u00e0 cr\u00e9er un nouveau document de certification.<\/p>\n\n\n\n<p class=\"wp-block-paragraph\">Il s\u2019agit de construire progressivement un syst\u00e8me capable de relier&nbsp;<strong>formation, comp\u00e9tences, \u00e9valuation et reconnaissance professionnelle<\/strong>.<\/p>\n\n\n\n<p class=\"wp-block-paragraph\">L\u2019\u00e9valuation des \u00e9tablissements constitue une premi\u00e8re \u00e9tape pour identifier les forces et les besoins du dispositif actuel.<\/p>\n\n\n\n<p class=\"wp-block-paragraph\">Le futur syst\u00e8me devra ensuite permettre d\u2019harmoniser les crit\u00e8res de comp\u00e9tence et de valoriser les techniciens r\u00e9pondant aux exigences d\u00e9finies.<\/p>\n\n\n\n<p class=\"wp-block-paragraph\">Pour le Burkina Faso, l\u2019enjeu est double : disposer de professionnels mieux pr\u00e9par\u00e9s pour r\u00e9pondre aux besoins croissants du march\u00e9 et accompagner, dans le m\u00eame temps, la transition vers des solutions de r\u00e9frig\u00e9ration et de climatisation moins dommageables pour l\u2019environnement.<\/p>\n\n\n\n<p class=\"wp-block-paragraph\">Le chantier est donc lanc\u00e9. Reste d\u00e9sormais \u00e0 transformer les orientations d\u00e9gag\u00e9es lors de cette mission en un&nbsp;<strong>dispositif national op\u00e9rationnel et reconnu<\/strong>.<\/p>\n\n\n\n<p class=\"wp-block-paragraph\"><strong>Source :<\/strong>&nbsp;SCRP\/DGECV \u2013 Article adapt\u00e9 et enrichi par la r\u00e9daction de VoirFaso.<\/p>\n\n\n\n<p class=\"wp-block-paragraph\"><\/p>","protected":false},"excerpt":{"rendered":"<p>Le Burkina Faso travaille \u00e0 la mise en place d\u2019un syst\u00e8me national de certification des techniciens de la r\u00e9frig\u00e9ration et de la climatisation. Du 25 au 28 ao\u00fbt 2026, une mission a \u00e9valu\u00e9 plusieurs \u00e9tablissements de formation afin d\u2019identifier les conditions n\u00e9cessaires \u00e0 la reconnaissance et \u00e0 l\u2019harmonisation des comp\u00e9tences dans ce secteur.<\/p>","protected":false},"author":1,"featured_media":8793,"comment_status":"open","ping_status":"open","sticky":false,"template":"","format":"standard","meta":{"footnotes":""},"categories":[9],"tags":[125,404,406,409,126,405,363,402,407,410,408,403],"class_list":["post-8781","post","type-post","status-publish","format-standard","has-post-thumbnail","hentry","category-environnement","tag-bureau-national-ozone","tag-certification-techniciens","tag-climatisation-burkina-faso","tag-couche-dozone","tag-dgecv","tag-environnement-burkina-faso","tag-formation-professionnelle","tag-froid-burkina-faso","tag-gaz-a-effet-de-serre","tag-metiers-du-froid","tag-pnue","tag-refrigeration"],"_links":{"self":[{"href":"https:\/\/voirfaso.com\/fr\/wp-json\/wp\/v2\/posts\/8781","targetHints":{"allow":["GET"]}}],"collection":[{"href":"https:\/\/voirfaso.com\/fr\/wp-json\/wp\/v2\/posts"}],"about":[{"href":"https:\/\/voirfaso.com\/fr\/wp-json\/wp\/v2\/types\/post"}],"author":[{"embeddable":true,"href":"https:\/\/voirfaso.com\/fr\/wp-json\/wp\/v2\/users\/1"}],"replies":[{"embeddable":true,"href":"https:\/\/voirfaso.com\/fr\/wp-json\/wp\/v2\/comments?post=8781"}],"version-history":[{"count":14,"href":"https:\/\/voirfaso.com\/fr\/wp-json\/wp\/v2\/posts\/8781\/revisions"}],"predecessor-version":[{"id":8799,"href":"https:\/\/voirfaso.com\/fr\/wp-json\/wp\/v2\/posts\/8781\/revisions\/8799"}],"wp:featuredmedia":[{"embeddable":true,"href":"https:\/\/voirfaso.com\/fr\/wp-json\/wp\/v2\/media\/8793"}],"wp:attachment":[{"href":"https:\/\/voirfaso.com\/fr\/wp-json\/wp\/v2\/media?parent=8781"}],"wp:term":[{"taxonomy":"category","embeddable":true,"href":"https:\/\/voirfaso.com\/fr\/wp-json\/wp\/v2\/categories?post=8781"},{"taxonomy":"post_tag","embeddable":true,"href":"https:\/\/voirfaso.com\/fr\/wp-json\/wp\/v2\/tags?post=8781"}],"curies":[{"name":"wp","href":"https:\/\/api.w.org\/{rel}","templated":true}]}}