{"id":8801,"date":"2026-09-01T16:26:07","date_gmt":"2026-09-01T16:26:07","guid":{"rendered":"https:\/\/voirfaso.com\/?p=8801"},"modified":"2026-09-01T16:26:09","modified_gmt":"2026-09-01T16:26:09","slug":"transports-au-burkina-la-dgttm-elargit-la-concertation-aux-acteurs-du-guiriko","status":"publish","type":"post","link":"https:\/\/voirfaso.com\/fr\/transports-au-burkina-la-dgttm-elargit-la-concertation-aux-acteurs-du-guiriko\/","title":{"rendered":"Transports au Burkina : la DGTTM \u00e9largit la concertation aux acteurs du Guiriko"},"content":{"rendered":"<p class=\"wp-block-paragraph\">La Direction g\u00e9n\u00e9rale des Transports terrestres et maritimes poursuit le dialogue avec les professionnels du secteur. Lanc\u00e9e \u00e0 Bobo-Dioulasso le 31 ao\u00fbt, la troisi\u00e8me session de son cadre permanent de concertation s\u2019int\u00e9resse cette fois aux acteurs du Guiriko, avec une premi\u00e8re journ\u00e9e consacr\u00e9e au transport de marchandises diverses et de mati\u00e8res dangereuses.<\/p>\n\n\n\n<h3 class=\"wp-block-heading\">Le dialogue avec les transporteurs s\u2019\u00e9tend au Guiriko<\/h3>\n\n\n\n<p class=\"wp-block-paragraph\">Apr\u00e8s deux premi\u00e8res sessions organis\u00e9es dans la r\u00e9gion du Kadiogo, la concertation entre l\u2019administration et les acteurs priv\u00e9s du transport prend une ampleur plus grande.<\/p>\n\n\n\n<p class=\"wp-block-paragraph\">La&nbsp;<strong>Direction g\u00e9n\u00e9rale des Transports terrestres et maritimes (DGTTM)<\/strong>&nbsp;a lanc\u00e9, lundi 31 ao\u00fbt 2026 \u00e0 Bobo-Dioulasso, la troisi\u00e8me session de son cadre permanent de concertation avec les professionnels du secteur.<\/p>\n\n\n\n<p class=\"wp-block-paragraph\">Pendant plusieurs jours, les responsables de l\u2019administration vont \u00e9changer avec diff\u00e9rentes cat\u00e9gories d\u2019acteurs priv\u00e9s autour des difficult\u00e9s rencontr\u00e9es dans leurs activit\u00e9s et des pr\u00e9occupations li\u00e9es au fonctionnement du secteur des transports.<\/p>\n\n\n\n<p class=\"wp-block-paragraph\">Cette fois, les discussions se d\u00e9roulent dans la r\u00e9gion du&nbsp;<strong>Guiriko<\/strong>.<\/p>\n\n\n\n<figure class=\"wp-block-gallery has-nested-images columns-default is-cropped rs-img-rounded-sm wp-block-gallery-1 is-layout-flex wp-block-gallery-is-layout-flex\">\n<figure class=\"wp-block-image size-full\"><img decoding=\"async\" data-id=\"8813\" src=\"https:\/\/voirfaso.com\/wp-content\/uploads\/2026\/09\/Transport-de-marchandises.svg\" alt=\"\" class=\"wp-image-8813\"\/><figcaption class=\"wp-element-caption\">La premi\u00e8re journ\u00e9e de la session a \u00e9t\u00e9 consacr\u00e9e au transport de marchandises diverses et de mati\u00e8res dangereuses.<\/figcaption><\/figure>\n\n\n\n<figure class=\"wp-block-image size-full\"><img fetchpriority=\"high\" decoding=\"async\" width=\"1171\" height=\"704\" data-id=\"8815\" src=\"https:\/\/voirfaso.com\/wp-content\/uploads\/2026\/09\/Plusieurs-services-reunis-autour-des-transporteurs.jpg\" alt=\" Forces de contr\u00f4le et services administratifs lors d\u2019une rencontre avec des transporteurs\" class=\"wp-image-8815\" srcset=\"https:\/\/voirfaso.com\/wp-content\/uploads\/2026\/09\/Plusieurs-services-reunis-autour-des-transporteurs.jpg 1171w, https:\/\/voirfaso.com\/wp-content\/uploads\/2026\/09\/Plusieurs-services-reunis-autour-des-transporteurs-300x180.jpg 300w, https:\/\/voirfaso.com\/wp-content\/uploads\/2026\/09\/Plusieurs-services-reunis-autour-des-transporteurs-1024x616.jpg 1024w, https:\/\/voirfaso.com\/wp-content\/uploads\/2026\/09\/Plusieurs-services-reunis-autour-des-transporteurs-768x462.jpg 768w, https:\/\/voirfaso.com\/wp-content\/uploads\/2026\/09\/Plusieurs-services-reunis-autour-des-transporteurs-18x12.jpg 18w, https:\/\/voirfaso.com\/wp-content\/uploads\/2026\/09\/Plusieurs-services-reunis-autour-des-transporteurs-600x361.jpg 600w\" sizes=\"(max-width: 1171px) 100vw, 1171px\" \/><figcaption class=\"wp-element-caption\">Douane, police, gendarmerie et services techniques participent aux \u00e9changes avec les professionnels.<\/figcaption><\/figure>\n<\/figure>\n\n\n\n<h3 class=\"wp-block-heading\">Les transporteurs de marchandises ouvrent les discussions<\/h3>\n\n\n\n<p class=\"wp-block-paragraph\">La premi\u00e8re journ\u00e9e a \u00e9t\u00e9 consacr\u00e9e aux acteurs intervenant dans le&nbsp;<strong>transport de marchandises diverses et de mati\u00e8res dangereuses<\/strong>.<\/p>\n\n\n\n<p class=\"wp-block-paragraph\">Les \u00e9changes se sont tenus dans la salle de r\u00e9union du&nbsp;<strong>Conseil burkinab\u00e8 des Chargeurs (CBC) du Guiriko<\/strong>.<\/p>\n\n\n\n<p class=\"wp-block-paragraph\">Autour de la table, plusieurs services concern\u00e9s par le transport et son contr\u00f4le \u00e9taient repr\u00e9sent\u00e9s. Il s\u2019agit notamment de la Direction r\u00e9gionale de la Mobilit\u00e9 du Guiriko, de la Direction g\u00e9n\u00e9rale de la Mobilit\u00e9 urbaine et rurale, de la Coordination nationale des Forces de Contr\u00f4le et de Police, du CBC, de la Douane, de la Police nationale, de la Police municipale et de la Gendarmerie.<\/p>\n\n\n\n<p class=\"wp-block-paragraph\">La pr\u00e9sence de ces diff\u00e9rents acteurs doit permettre de confronter les pr\u00e9occupations des transporteurs aux r\u00e9alit\u00e9s administratives et op\u00e9rationnelles auxquelles ils sont confront\u00e9s.<\/p>\n\n\n\n<h3 class=\"wp-block-heading\">Des pr\u00e9occupations qui d\u00e9passent le seul transporteur<\/h3>\n\n\n\n<p class=\"wp-block-paragraph\">L\u2019int\u00e9r\u00eat de cette concertation r\u00e9side justement dans la possibilit\u00e9 de r\u00e9unir autour d\u2019une m\u00eame table les professionnels du transport et les structures qui interviennent dans leur activit\u00e9.<\/p>\n\n\n\n<p class=\"wp-block-paragraph\">Pour les transporteurs de marchandises, les questions li\u00e9es au contr\u00f4le, \u00e0 la circulation, aux proc\u00e9dures administratives ou encore \u00e0 la s\u00e9curit\u00e9 peuvent avoir des cons\u00e9quences directes sur les d\u00e9lais et les co\u00fbts d\u2019exploitation.<\/p>\n\n\n\n<p class=\"wp-block-paragraph\">Le cadre de concertation doit ainsi permettre de faire remonter ces pr\u00e9occupations et d\u2019identifier, avec les services comp\u00e9tents, les pistes susceptibles d\u2019am\u00e9liorer le fonctionnement du secteur.<\/p>\n\n\n\n<p class=\"wp-block-paragraph\">Il ne s\u2019agit donc pas uniquement d\u2019une rencontre entre transporteurs et administration : plusieurs maillons de la cha\u00eene sont associ\u00e9s aux discussions.<\/p>\n\n\n\n<h3 class=\"wp-block-heading\">D\u2019autres cat\u00e9gories d\u2019acteurs attendues jusqu\u2019au 6 septembre<\/h3>\n\n\n\n<p class=\"wp-block-paragraph\">Les \u00e9changes ne s\u2019arr\u00eatent pas \u00e0 cette premi\u00e8re journ\u00e9e.<\/p>\n\n\n\n<p class=\"wp-block-paragraph\">La troisi\u00e8me session du cadre permanent de concertation se poursuit jusqu\u2019au&nbsp;<strong>6 septembre 2026<\/strong>, avec des rencontres pr\u00e9vues avec d\u2019autres cat\u00e9gories d\u2019acteurs priv\u00e9s du secteur des transports.<\/p>\n\n\n\n<p class=\"wp-block-paragraph\">Cette d\u00e9marche doit permettre \u00e0 la DGTTM de recueillir des pr\u00e9occupations diff\u00e9rentes selon les m\u00e9tiers et les activit\u00e9s concern\u00e9s.<\/p>\n\n\n\n<p class=\"wp-block-paragraph\">Elle offre \u00e9galement aux professionnels un espace pour exposer directement leurs difficult\u00e9s et formuler des propositions aupr\u00e8s des structures charg\u00e9es de la r\u00e9glementation et de la gestion du secteur.<\/p>\n\n\n\n<figure class=\"wp-block-image size-full rs-img-rounded-sm\"><img decoding=\"async\" width=\"1176\" height=\"645\" src=\"https:\/\/voirfaso.com\/wp-content\/uploads\/2026\/09\/La-concertation-sur-les-transports-setend-au-Guiriko.jpg\" alt=\"Activit\u00e9 de transport routier \u00e0 Bobo-Dioulasso dans la r\u00e9gion du Guiriko\" class=\"wp-image-8817\" srcset=\"https:\/\/voirfaso.com\/wp-content\/uploads\/2026\/09\/La-concertation-sur-les-transports-setend-au-Guiriko.jpg 1176w, https:\/\/voirfaso.com\/wp-content\/uploads\/2026\/09\/La-concertation-sur-les-transports-setend-au-Guiriko-300x165.jpg 300w, https:\/\/voirfaso.com\/wp-content\/uploads\/2026\/09\/La-concertation-sur-les-transports-setend-au-Guiriko-1024x562.jpg 1024w, https:\/\/voirfaso.com\/wp-content\/uploads\/2026\/09\/La-concertation-sur-les-transports-setend-au-Guiriko-768x421.jpg 768w, https:\/\/voirfaso.com\/wp-content\/uploads\/2026\/09\/La-concertation-sur-les-transports-setend-au-Guiriko-18x10.jpg 18w, https:\/\/voirfaso.com\/wp-content\/uploads\/2026\/09\/La-concertation-sur-les-transports-setend-au-Guiriko-600x329.jpg 600w\" sizes=\"(max-width: 1176px) 100vw, 1176px\" \/><figcaption class=\"wp-element-caption\">Apr\u00e8s deux sessions dans le Kadiogo, le cadre permanent de concertation se d\u00e9ploie dans le Guiriko.<br><\/figcaption><\/figure>\n\n\n\n<h3 class=\"wp-block-heading\">Pourquoi c\u2019est important<\/h3>\n\n\n\n<p class=\"wp-block-paragraph\">Le transport routier de voyageurs concerne quotidiennement des milliers de personnes et constitue un maillon essentiel de la mobilit\u00e9 au Burkina Faso.<\/p>\n\n\n\n<p class=\"wp-block-paragraph\">Une hausse des tarifs se r\u00e9percute directement sur le budget des voyageurs. \u00c0 l\u2019inverse, le maintien de tarifs inchang\u00e9s dans un contexte de hausse des co\u00fbts peut fragiliser les entreprises de transport.Le transport repose sur une multitude d\u2019acteurs : transporteurs, chargeurs, forces de contr\u00f4le, services douaniers, collectivit\u00e9s et administrations techniques.<\/p>\n\n\n\n<p class=\"wp-block-paragraph\">Lorsque le dialogue entre ces diff\u00e9rents maillons est insuffisant, les difficult\u00e9s peuvent rapidement se traduire par des retards, des co\u00fbts suppl\u00e9mentaires ou des incompr\u00e9hensions.<\/p>\n\n\n\n<p class=\"wp-block-paragraph\">En d\u00e9pla\u00e7ant progressivement le cadre de concertation vers les diff\u00e9rentes r\u00e9gions, l\u2019administration cherche \u00e0 rapprocher les discussions des r\u00e9alit\u00e9s v\u00e9cues par les professionnels sur le terrain.<\/p>\n\n\n\n<p class=\"wp-block-paragraph\">Pour les acteurs du Guiriko, cette session repr\u00e9sente donc une occasion de faire remonter directement leurs pr\u00e9occupations.<\/p>\n\n\n\n<div style=\"height:20px\" aria-hidden=\"true\" class=\"wp-block-spacer\"><\/div>\n\n\n\n<figure class=\"wp-block-image size-full rs-img-rounded-sm\"><img decoding=\"async\" width=\"971\" height=\"405\" src=\"https:\/\/voirfaso.com\/wp-content\/uploads\/2026\/08\/Sitho-3-4.jpg\" alt=\"\" class=\"wp-image-8639\" srcset=\"https:\/\/voirfaso.com\/wp-content\/uploads\/2026\/08\/Sitho-3-4.jpg 971w, https:\/\/voirfaso.com\/wp-content\/uploads\/2026\/08\/Sitho-3-4-300x125.jpg 300w, https:\/\/voirfaso.com\/wp-content\/uploads\/2026\/08\/Sitho-3-4-768x320.jpg 768w, https:\/\/voirfaso.com\/wp-content\/uploads\/2026\/08\/Sitho-3-4-18x8.jpg 18w, https:\/\/voirfaso.com\/wp-content\/uploads\/2026\/08\/Sitho-3-4-600x250.jpg 600w\" sizes=\"(max-width: 971px) 100vw, 971px\" \/><\/figure>\n\n\n\n<h3 class=\"wp-block-heading\"><strong>Une mise en \u0153uvre des recommandations des \u00c9tats g\u00e9n\u00e9raux<\/strong><\/h3>\n\n\n\n<p class=\"wp-block-paragraph\">Cette troisi\u00e8me session s\u2019inscrit dans la mise en \u0153uvre des recommandations issues des&nbsp;<strong>\u00c9tats g\u00e9n\u00e9raux des Transports<\/strong>, tenus en d\u00e9cembre 2025 \u00e0 Ouagadougou.<\/p>\n\n\n\n<p class=\"wp-block-paragraph\">L\u2019une des orientations est notamment de renforcer le dialogue entre les pouvoirs publics et les acteurs priv\u00e9s du secteur.<\/p>\n\n\n\n<p class=\"wp-block-paragraph\">Apr\u00e8s les deux premi\u00e8res sessions organis\u00e9es dans le Kadiogo, la DGTTM \u00e9largit ainsi progressivement cette d\u00e9marche au reste du territoire.<\/p>\n\n\n\n<p class=\"wp-block-paragraph\">Le rendez-vous de Bobo-Dioulasso constitue donc une nouvelle \u00e9tape dans cette volont\u00e9 de construire un dialogue plus r\u00e9gulier avec les professionnels.<\/p>\n\n\n\n<p class=\"wp-block-paragraph\">Il reste maintenant \u00e0 savoir quelles r\u00e9ponses concr\u00e8tes pourront \u00eatre apport\u00e9es aux pr\u00e9occupations exprim\u00e9es au cours de cette s\u00e9rie de rencontres.<\/p>\n\n\n\n<p class=\"wp-block-paragraph\">Car au-del\u00e0 des \u00e9changes,&nbsp;<strong>l\u2019enjeu sera surtout de transformer les pr\u00e9occupations recueillies sur le terrain en mesures susceptibles d\u2019am\u00e9liorer r\u00e9ellement les conditions d\u2019exercice des professionnels du transport.<\/strong><\/p>\n\n\n\n<p class=\"wp-block-paragraph\"><strong>Source :<\/strong>\u00a0SCRP\/DGTTM \u2013 Article adapt\u00e9 et enrichi par la r\u00e9daction de VoirFaso.<\/p>","protected":false},"excerpt":{"rendered":"<p>La Direction g\u00e9n\u00e9rale des Transports terrestres et maritimes poursuit le dialogue avec les professionnels du secteur. Lanc\u00e9e \u00e0 Bobo-Dioulasso le 31 ao\u00fbt, la troisi\u00e8me session de son cadre permanent de concertation s\u2019int\u00e9resse cette fois aux acteurs du Guiriko, avec une premi\u00e8re journ\u00e9e consacr\u00e9e au transport de marchandises diverses et de mati\u00e8res dangereuses.<\/p>","protected":false},"author":1,"featured_media":8812,"comment_status":"open","ping_status":"open","sticky":false,"template":"","format":"standard","meta":{"footnotes":"[]"},"categories":[4],"tags":[55,65,412,57,416,115,411,245,372,413,414,415],"class_list":["post-8801","post","type-post","status-publish","format-standard","has-post-thumbnail","hentry","category-transport-mobilite","tag-bobo-dioulasso","tag-cbc","tag-controle-routier","tag-dgttm","tag-etats-generaux-des-transports","tag-guiriko","tag-matieres-dangereuses","tag-mobilite","tag-transport-burkina-faso","tag-transport-guiriko","tag-transport-marchandises","tag-transporteurs-burkina"],"_links":{"self":[{"href":"https:\/\/voirfaso.com\/fr\/wp-json\/wp\/v2\/posts\/8801","targetHints":{"allow":["GET"]}}],"collection":[{"href":"https:\/\/voirfaso.com\/fr\/wp-json\/wp\/v2\/posts"}],"about":[{"href":"https:\/\/voirfaso.com\/fr\/wp-json\/wp\/v2\/types\/post"}],"author":[{"embeddable":true,"href":"https:\/\/voirfaso.com\/fr\/wp-json\/wp\/v2\/users\/1"}],"replies":[{"embeddable":true,"href":"https:\/\/voirfaso.com\/fr\/wp-json\/wp\/v2\/comments?post=8801"}],"version-history":[{"count":13,"href":"https:\/\/voirfaso.com\/fr\/wp-json\/wp\/v2\/posts\/8801\/revisions"}],"predecessor-version":[{"id":8818,"href":"https:\/\/voirfaso.com\/fr\/wp-json\/wp\/v2\/posts\/8801\/revisions\/8818"}],"wp:featuredmedia":[{"embeddable":true,"href":"https:\/\/voirfaso.com\/fr\/wp-json\/wp\/v2\/media\/8812"}],"wp:attachment":[{"href":"https:\/\/voirfaso.com\/fr\/wp-json\/wp\/v2\/media?parent=8801"}],"wp:term":[{"taxonomy":"category","embeddable":true,"href":"https:\/\/voirfaso.com\/fr\/wp-json\/wp\/v2\/categories?post=8801"},{"taxonomy":"post_tag","embeddable":true,"href":"https:\/\/voirfaso.com\/fr\/wp-json\/wp\/v2\/tags?post=8801"}],"curies":[{"name":"wp","href":"https:\/\/api.w.org\/{rel}","templated":true}]}}