{"id":401,"count":0,"description":"","link":"https:\/\/voirfaso.com\/fr\/tag\/le-burkina-prepare-un-systeme-national-de-certification-des-techniciens-du-froid-et-de-la-climatisation-pour-harmoniser-les-competences-et-renforcer-les-pratiques-environnementales\/","name":"Le Burkina pr\u00e9pare un syst\u00e8me national de certification des techniciens du froid et de la climatisation pour harmoniser les comp\u00e9tences et renforcer les pratiques environnementales","slug":"le-burkina-prepare-un-systeme-national-de-certification-des-techniciens-du-froid-et-de-la-climatisation-pour-harmoniser-les-competences-et-renforcer-les-pratiques-environnementales","taxonomy":"post_tag","meta":[],"_links":{"self":[{"href":"https:\/\/voirfaso.com\/fr\/wp-json\/wp\/v2\/tags\/401","targetHints":{"allow":["GET"]}}],"collection":[{"href":"https:\/\/voirfaso.com\/fr\/wp-json\/wp\/v2\/tags"}],"about":[{"href":"https:\/\/voirfaso.com\/fr\/wp-json\/wp\/v2\/taxonomies\/post_tag"}],"wp:post_type":[{"href":"https:\/\/voirfaso.com\/fr\/wp-json\/wp\/v2\/posts?tags=401"}],"curies":[{"name":"wp","href":"https:\/\/api.w.org\/{rel}","templated":true}]}}